{"id":18632,"date":"2017-02-07T16:52:49","date_gmt":"2017-02-07T18:52:49","guid":{"rendered":"http:\/\/www.correspondentevianopolino.com.br\/site\/?p=18632"},"modified":"2017-02-08T15:11:12","modified_gmt":"2017-02-08T17:11:12","slug":"promotor-de-justica-de-vianopolis-fala-sobre-a-soltura-de-diego-lima-e-sobre-o-andamento-da-acao-penal","status":"publish","type":"post","link":"https:\/\/www.correspondentevianopolino.com.br\/site\/promotor-de-justica-de-vianopolis-fala-sobre-a-soltura-de-diego-lima-e-sobre-o-andamento-da-acao-penal\/","title":{"rendered":"Entrevista&#8230; Promotor de Justi\u00e7a de Vian\u00f3polis fala sobre a soltura de Diego Lima e do andamento da a\u00e7\u00e3o penal"},"content":{"rendered":"<p>Na tarde de ontem, 07, o Promotor de Justi\u00e7a de Vian\u00f3polis, Lucas C\u00e9sar Costa Ferreira, recebeu nossa reportagem na Promotoria de Justi\u00e7a e concedeu uma longa entrevista, oportunidade em que falou sobre a soltura de Diego Henrique Lima, acusado de assassinar no dia 8 de outubro \u00faltimo, a jovem vianopolina Caillane Raquel Marinho, na resid\u00eancia em que vivia o casal, no Setor Santo Agostinho.<\/p>\n<p>Conforme j\u00e1 foi amplamente divulgado, Diego foi colocado em liberdade ap\u00f3s concess\u00e3o de habeas corpus pelo Tribunal de Justi\u00e7a de Goi\u00e1s. Agora, ele responde a a\u00e7\u00e3o penal em liberdade.<\/p>\n<p>Na entrevista, Lucas C\u00e9sar Costa Ferreira repudiou a decis\u00e3o do Tribunal de Justi\u00e7a e se solidarizou com familiares de Caillane.<\/p>\n<p>O Promotor de Justi\u00e7a tamb\u00e9m falou sobre a reprodu\u00e7\u00e3o simulada dos fatos marcada para acontecer na pr\u00f3xima segunda-feira, 13, na resid\u00eancia onde Caillane foi morta, que contar\u00e1 com a presen\u00e7a de peritos da Pol\u00edcia T\u00e9cnico-Cient\u00edfica de Goi\u00e1s. A reprodu\u00e7\u00e3o simulada dos fatos, esp\u00e9cie de reconstitui\u00e7\u00e3o do crime, foi requerida pela defesa de Diego.<\/p>\n<p>Ap\u00f3s a reprodu\u00e7\u00e3o simulada dos fatos, a Ju\u00edza de Vian\u00f3polis, Marli de F\u00e1tima Naves, ir\u00e1 marcar a data do interrogat\u00f3rio de Diego.<\/p>\n<p>O Promotor de Vian\u00f3polis, ao ser indagado se a defesa poder\u00e1, caso queira, solicitar que o julgamento de Diego seja realizado em outra cidade, ele disse que isto \u00e9 previsto em lei. No entanto, por crer que os advogados de defesa s\u00e3o \u00e9ticos, n\u00e3o acredita que esse pedido seja feito ao Tribunal de Justi\u00e7a de Goi\u00e1s, a quem caber\u00e1 decidir no caso de mudan\u00e7a de jurisdi\u00e7\u00e3o de realiza\u00e7\u00e3o do julgamento de Diego Lima.<\/p>\n<p>O Promotor Lucas C\u00e9sar Costa Ferreira disse que acredita no tr\u00e2mite c\u00e9lere da a\u00e7\u00e3o penal e espera que o julgamento aconte\u00e7a o mais r\u00e1pido poss\u00edvel.<\/p>\n","protected":false},"excerpt":{"rendered":"<p>Na tarde de ontem, 07, o Promotor de Justi\u00e7a de Vian\u00f3polis, Lucas C\u00e9sar Costa Ferreira, recebeu nossa reportagem na Promotoria [&hellip;]<\/p>\n","protected":false},"author":2,"featured_media":18633,"comment_status":"open","ping_status":"open","sticky":false,"template":"","format":"standard","meta":{"_uag_custom_page_level_css":"","site-sidebar-layout":"default","site-content-layout":"","ast-site-content-layout":"default","site-content-style":"default","site-sidebar-style":"default","ast-global-header-display":"","ast-banner-title-visibility":"","ast-main-header-display":"","ast-hfb-above-header-display":"","ast-hfb-below-header-display":"","ast-hfb-mobile-header-display":"","site-post-title":"","ast-breadcrumbs-content":"","ast-featured-img":"","footer-sml-layout":"","ast-disable-related-posts":"","theme-transparent-header-meta":"","adv-header-id-meta":"","stick-header-meta":"","header-above-stick-meta":"","header-main-stick-meta":"","header-below-stick-meta":"","astra-migrate-meta-layouts":"default","ast-page-background-enabled":"default","ast-page-background-meta":{"desktop":{"background-color":"var(--ast-global-color-4)","background-image":"","background-repeat":"repeat","background-position":"center center","background-size":"auto","background-attachment":"scroll","background-type":"","background-media":"","overlay-type":"","overlay-color":"","overlay-opacity":"","overlay-gradient":""},"tablet":{"background-color":"","background-image":"","background-repeat":"repeat","background-position":"center center","background-size":"auto","background-attachment":"scroll","background-type":"","background-media":"","overlay-type":"","overlay-color":"","overlay-opacity":"","overlay-gradient":""},"mobile":{"background-color":"","background-image":"","background-repeat":"repeat","background-position":"center center","background-size":"auto","background-attachment":"scroll","background-type":"","background-media":"","overlay-type":"","overlay-color":"","overlay-opacity":"","overlay-gradient":""}},"ast-content-background-meta":{"desktop":{"background-color":"var(--ast-global-color-5)","background-image":"","background-repeat":"repeat","background-position":"center center","background-size":"auto","background-attachment":"scroll","background-type":"","background-media":"","overlay-type":"","overlay-color":"","overlay-opacity":"","overlay-gradient":""},"tablet":{"background-color":"var(--ast-global-color-5)","background-image":"","background-repeat":"repeat","background-position":"center center","background-size":"auto","background-attachment":"scroll","background-type":"","background-media":"","overlay-type":"","overlay-color":"","overlay-opacity":"","overlay-gradient":""},"mobile":{"background-color":"var(--ast-global-color-5)","background-image":"","background-repeat":"repeat","background-position":"center center","background-size":"auto","background-attachment":"scroll","background-type":"","background-media":"","overlay-type":"","overlay-color":"","overlay-opacity":"","overlay-gradient":""}},"footnotes":""},"categories":[1],"tags":[],"class_list":["post-18632","post","type-post","status-publish","format-standard","has-post-thumbnail","hentry","category-ultimas"],"uagb_featured_image_src":{"full":["https:\/\/www.correspondentevianopolino.com.br\/site\/wp-content\/uploads\/2017\/02\/IMG-20170207-WA0044.jpg",1280,721,false],"thumbnail":["https:\/\/www.correspondentevianopolino.com.br\/site\/wp-content\/uploads\/2017\/02\/IMG-20170207-WA0044-150x150.jpg",150,150,true],"medium":["https:\/\/www.correspondentevianopolino.com.br\/site\/wp-content\/uploads\/2017\/02\/IMG-20170207-WA0044-300x169.jpg",300,169,true],"medium_large":["https:\/\/www.correspondentevianopolino.com.br\/site\/wp-content\/uploads\/2017\/02\/IMG-20170207-WA0044-768x433.jpg",768,433,true],"large":["https:\/\/www.correspondentevianopolino.com.br\/site\/wp-content\/uploads\/2017\/02\/IMG-20170207-WA0044-1024x577.jpg",1024,577,true],"1536x1536":["https:\/\/www.correspondentevianopolino.com.br\/site\/wp-content\/uploads\/2017\/02\/IMG-20170207-WA0044.jpg",1280,721,false],"2048x2048":["https:\/\/www.correspondentevianopolino.com.br\/site\/wp-content\/uploads\/2017\/02\/IMG-20170207-WA0044.jpg",1280,721,false]},"uagb_author_info":{"display_name":"Ol\u00edvio Lemos","author_link":"https:\/\/www.correspondentevianopolino.com.br\/site\/author\/olivio\/"},"uagb_comment_info":0,"uagb_excerpt":"Na tarde de ontem, 07, o Promotor de Justi\u00e7a de Vian\u00f3polis, Lucas C\u00e9sar Costa Ferreira, recebeu nossa reportagem na Promotoria [&hellip;]","_links":{"self":[{"href":"https:\/\/www.correspondentevianopolino.com.br\/site\/wp-json\/wp\/v2\/posts\/18632","targetHints":{"allow":["GET"]}}],"collection":[{"href":"https:\/\/www.correspondentevianopolino.com.br\/site\/wp-json\/wp\/v2\/posts"}],"about":[{"href":"https:\/\/www.correspondentevianopolino.com.br\/site\/wp-json\/wp\/v2\/types\/post"}],"author":[{"embeddable":true,"href":"https:\/\/www.correspondentevianopolino.com.br\/site\/wp-json\/wp\/v2\/users\/2"}],"replies":[{"embeddable":true,"href":"https:\/\/www.correspondentevianopolino.com.br\/site\/wp-json\/wp\/v2\/comments?post=18632"}],"version-history":[{"count":0,"href":"https:\/\/www.correspondentevianopolino.com.br\/site\/wp-json\/wp\/v2\/posts\/18632\/revisions"}],"wp:featuredmedia":[{"embeddable":true,"href":"https:\/\/www.correspondentevianopolino.com.br\/site\/wp-json\/wp\/v2\/media\/18633"}],"wp:attachment":[{"href":"https:\/\/www.correspondentevianopolino.com.br\/site\/wp-json\/wp\/v2\/media?parent=18632"}],"wp:term":[{"taxonomy":"category","embeddable":true,"href":"https:\/\/www.correspondentevianopolino.com.br\/site\/wp-json\/wp\/v2\/categories?post=18632"},{"taxonomy":"post_tag","embeddable":true,"href":"https:\/\/www.correspondentevianopolino.com.br\/site\/wp-json\/wp\/v2\/tags?post=18632"}],"curies":[{"name":"wp","href":"https:\/\/api.w.org\/{rel}","templated":true}]}}