{"id":18705,"date":"2017-02-10T07:01:21","date_gmt":"2017-02-10T09:01:21","guid":{"rendered":"http:\/\/www.correspondentevianopolino.com.br\/site\/?p=18705"},"modified":"2017-02-10T13:35:25","modified_gmt":"2017-02-10T15:35:25","slug":"em-acao-conjunta-do-ministerio-publico-e-policia-civil-de-vianopolis-agente-prisional-e-preso-por-porte-ilegal-de-arma-de-fogo","status":"publish","type":"post","link":"https:\/\/www.correspondentevianopolino.com.br\/site\/em-acao-conjunta-do-ministerio-publico-e-policia-civil-de-vianopolis-agente-prisional-e-preso-por-porte-ilegal-de-arma-de-fogo\/","title":{"rendered":"Em a\u00e7\u00e3o conjunta do Minist\u00e9rio P\u00fablico e Pol\u00edcia Civil de Vian\u00f3polis, agente prisional \u00e9 preso por porte ilegal de arma de fogo"},"content":{"rendered":"<p><strong>Por Ol\u00edvio Lemos com foto enviada \u00e0 nossa reportagem \u00a0pelo Delegado Marcus Vinicius da Costa J\u00fanior<\/strong><\/p>\n<p>Requerido pelo Minist\u00e9rio P\u00fablico, mandado de busca e apreens\u00e3o foi expedido pela Ju\u00edza de Vian\u00f3polis, Marli de F\u00e1tima Naves. O alvo do mandado era um agente prisional que reside em Vian\u00f3polis.<\/p>\n<p>Ontem, 09, o mandado foi cumprido em uma a\u00e7\u00e3o conjunta do Minist\u00e9rio P\u00fablico e Pol\u00edcia Civil de nossa cidade.<\/p>\n<p>Os Promotores de Justi\u00e7a, Jean Cl\u00e9ber Zamperlini e Julimar Alexandre, que auxiliam o Promotor Titular de Vian\u00f3polis, Lucas C\u00e9sar Costa Ferreira, juntamente com o Delegado Marcus Vinicius da Costa J\u00fanior, dirigiram-se at\u00e9 a resid\u00eancia do agente prisional Sirlaine Gomes Milanez, de 49 anos de idade, e encontraram duas armas sem registro, al\u00e9m de vasta muni\u00e7\u00e3o de diversos calibres, sem nota fiscal. Ap\u00f3s constatar as irregularidades, o Delegado de Vian\u00f3polis deu voz de pris\u00e3o ao agente prisional.<\/p>\n<p>Falando \u00e0 nossa reportagem, o Delegado Marcus Vinicius da Costa J\u00fanior disse que foram encontradas uma pistola CZ 380 e uma espingarda calibre 12. O Delegado destacou que do calibre 22 foram encontrados mais de dois mil proj\u00e9teis.<\/p>\n<p>O agente prisional foi preso e autuado em flagrante por porte ilegal de arma de fogo, de acordo com artigos 12, 13 e 14 da Lei 10.826 (Lei do Desarmamento). Ele foi levado para a Unidade Prisional de Vian\u00f3polis, estando, portanto, \u00e0 disposi\u00e7\u00e3o da Justi\u00e7a.<\/p>\n<p>Nossa reportagem abre espa\u00e7o para o advogado do agente prisional se pronunciar sobre sua pris\u00e3o. Caso tenha interesse no espa\u00e7o, procure nossa reportagem.<\/p>\n","protected":false},"excerpt":{"rendered":"<p>Por Ol\u00edvio Lemos com foto enviada \u00e0 nossa reportagem \u00a0pelo Delegado Marcus Vinicius da Costa J\u00fanior Requerido pelo Minist\u00e9rio P\u00fablico, [&hellip;]<\/p>\n","protected":false},"author":2,"featured_media":18706,"comment_status":"open","ping_status":"open","sticky":false,"template":"","format":"standard","meta":{"_uag_custom_page_level_css":"","site-sidebar-layout":"default","site-content-layout":"","ast-site-content-layout":"default","site-content-style":"default","site-sidebar-style":"default","ast-global-header-display":"","ast-banner-title-visibility":"","ast-main-header-display":"","ast-hfb-above-header-display":"","ast-hfb-below-header-display":"","ast-hfb-mobile-header-display":"","site-post-title":"","ast-breadcrumbs-content":"","ast-featured-img":"","footer-sml-layout":"","ast-disable-related-posts":"","theme-transparent-header-meta":"","adv-header-id-meta":"","stick-header-meta":"","header-above-stick-meta":"","header-main-stick-meta":"","header-below-stick-meta":"","astra-migrate-meta-layouts":"default","ast-page-background-enabled":"default","ast-page-background-meta":{"desktop":{"background-color":"var(--ast-global-color-4)","background-image":"","background-repeat":"repeat","background-position":"center center","background-size":"auto","background-attachment":"scroll","background-type":"","background-media":"","overlay-type":"","overlay-color":"","overlay-opacity":"","overlay-gradient":""},"tablet":{"background-color":"","background-image":"","background-repeat":"repeat","background-position":"center center","background-size":"auto","background-attachment":"scroll","background-type":"","background-media":"","overlay-type":"","overlay-color":"","overlay-opacity":"","overlay-gradient":""},"mobile":{"background-color":"","background-image":"","background-repeat":"repeat","background-position":"center center","background-size":"auto","background-attachment":"scroll","background-type":"","background-media":"","overlay-type":"","overlay-color":"","overlay-opacity":"","overlay-gradient":""}},"ast-content-background-meta":{"desktop":{"background-color":"var(--ast-global-color-5)","background-image":"","background-repeat":"repeat","background-position":"center center","background-size":"auto","background-attachment":"scroll","background-type":"","background-media":"","overlay-type":"","overlay-color":"","overlay-opacity":"","overlay-gradient":""},"tablet":{"background-color":"var(--ast-global-color-5)","background-image":"","background-repeat":"repeat","background-position":"center center","background-size":"auto","background-attachment":"scroll","background-type":"","background-media":"","overlay-type":"","overlay-color":"","overlay-opacity":"","overlay-gradient":""},"mobile":{"background-color":"var(--ast-global-color-5)","background-image":"","background-repeat":"repeat","background-position":"center center","background-size":"auto","background-attachment":"scroll","background-type":"","background-media":"","overlay-type":"","overlay-color":"","overlay-opacity":"","overlay-gradient":""}},"footnotes":""},"categories":[1],"tags":[],"class_list":["post-18705","post","type-post","status-publish","format-standard","has-post-thumbnail","hentry","category-ultimas"],"uagb_featured_image_src":{"full":["https:\/\/www.correspondentevianopolino.com.br\/site\/wp-content\/uploads\/2017\/02\/IMG-20170209-WA0035.jpg",640,480,false],"thumbnail":["https:\/\/www.correspondentevianopolino.com.br\/site\/wp-content\/uploads\/2017\/02\/IMG-20170209-WA0035-150x150.jpg",150,150,true],"medium":["https:\/\/www.correspondentevianopolino.com.br\/site\/wp-content\/uploads\/2017\/02\/IMG-20170209-WA0035-300x225.jpg",300,225,true],"medium_large":["https:\/\/www.correspondentevianopolino.com.br\/site\/wp-content\/uploads\/2017\/02\/IMG-20170209-WA0035.jpg",640,480,false],"large":["https:\/\/www.correspondentevianopolino.com.br\/site\/wp-content\/uploads\/2017\/02\/IMG-20170209-WA0035.jpg",640,480,false],"1536x1536":["https:\/\/www.correspondentevianopolino.com.br\/site\/wp-content\/uploads\/2017\/02\/IMG-20170209-WA0035.jpg",640,480,false],"2048x2048":["https:\/\/www.correspondentevianopolino.com.br\/site\/wp-content\/uploads\/2017\/02\/IMG-20170209-WA0035.jpg",640,480,false]},"uagb_author_info":{"display_name":"Ol\u00edvio Lemos","author_link":"https:\/\/www.correspondentevianopolino.com.br\/site\/author\/olivio\/"},"uagb_comment_info":4,"uagb_excerpt":"Por Ol\u00edvio Lemos com foto enviada \u00e0 nossa reportagem \u00a0pelo Delegado Marcus Vinicius da Costa J\u00fanior Requerido pelo Minist\u00e9rio P\u00fablico, [&hellip;]","_links":{"self":[{"href":"https:\/\/www.correspondentevianopolino.com.br\/site\/wp-json\/wp\/v2\/posts\/18705","targetHints":{"allow":["GET"]}}],"collection":[{"href":"https:\/\/www.correspondentevianopolino.com.br\/site\/wp-json\/wp\/v2\/posts"}],"about":[{"href":"https:\/\/www.correspondentevianopolino.com.br\/site\/wp-json\/wp\/v2\/types\/post"}],"author":[{"embeddable":true,"href":"https:\/\/www.correspondentevianopolino.com.br\/site\/wp-json\/wp\/v2\/users\/2"}],"replies":[{"embeddable":true,"href":"https:\/\/www.correspondentevianopolino.com.br\/site\/wp-json\/wp\/v2\/comments?post=18705"}],"version-history":[{"count":0,"href":"https:\/\/www.correspondentevianopolino.com.br\/site\/wp-json\/wp\/v2\/posts\/18705\/revisions"}],"wp:featuredmedia":[{"embeddable":true,"href":"https:\/\/www.correspondentevianopolino.com.br\/site\/wp-json\/wp\/v2\/media\/18706"}],"wp:attachment":[{"href":"https:\/\/www.correspondentevianopolino.com.br\/site\/wp-json\/wp\/v2\/media?parent=18705"}],"wp:term":[{"taxonomy":"category","embeddable":true,"href":"https:\/\/www.correspondentevianopolino.com.br\/site\/wp-json\/wp\/v2\/categories?post=18705"},{"taxonomy":"post_tag","embeddable":true,"href":"https:\/\/www.correspondentevianopolino.com.br\/site\/wp-json\/wp\/v2\/tags?post=18705"}],"curies":[{"name":"wp","href":"https:\/\/api.w.org\/{rel}","templated":true}]}}