{"id":19323,"date":"2017-02-27T06:54:14","date_gmt":"2017-02-27T09:54:14","guid":{"rendered":"http:\/\/www.correspondentevianopolino.com.br\/site\/?p=19323"},"modified":"2017-03-08T21:23:03","modified_gmt":"2017-03-09T00:23:03","slug":"ladroes-capotam-saveiro-no-bairro-sao-jose-apos-toma-lo-de-assalto-de-um-jovem-de-vianopolis","status":"publish","type":"post","link":"https:\/\/www.correspondentevianopolino.com.br\/site\/ladroes-capotam-saveiro-no-bairro-sao-jose-apos-toma-lo-de-assalto-de-um-jovem-de-vianopolis\/","title":{"rendered":"Ladr\u00f5es capotam ve\u00edculo Saveiro no Bairro S\u00e3o Jos\u00e9 ap\u00f3s tom\u00e1-lo de assalto de um jovem de Vian\u00f3polis"},"content":{"rendered":"<p>Um assalto \u00e0 m\u00e3o armada ocorrido na madrugada desta segunda-feira, 27, em Vian\u00f3polis, acabou mal para dois ladr\u00f5es que tiveram que ser levados para o Hospital e Maternidade S\u00e3o Sebasti\u00e3o; um deles, em estado grav\u00edssimo.<\/p>\n<p>Por volta das 4h, o jovem vianopolino Gustavo Vitor Bueno Martins foi assaltado quando transitava pela Rua Felismino Viana em seu ve\u00edculo Saveiro 1.6, de cor branca, ano 2003\/2005, placas de Vian\u00f3polis.<\/p>\n<p>Segundo relato de Gustavo \u00e0 nossa reportagem, ao sair das proximidades do local onde acontece o Carnaval, em companhia de um amigo, desconfiou que um ve\u00edculo Gol G5, de cor branca, estava lhe seguindo.<\/p>\n<p>Na altura do chamado Queijinho, da Rua Felismino Viana, o Gol emparelhou com seu ve\u00edculo, sendo que um homem armado desceu rapidamente e anunciou o assalto. Logo depois, outros tr\u00eas ladr\u00f5es tamb\u00e9m desceram do Gol.<\/p>\n<p>Eles ordenaram que Gustavo e seu amigo corressem e dois deles entraram no ve\u00edculo Saveiro e iniciaram fuga no sentido do Bairro S\u00e3o Jos\u00e9. No entanto, minutos depois, os elementos capotaram o ve\u00edculo em frente ao Est\u00e1dio P\u00e9 de Ouro e se feriram bastante.<\/p>\n<p>Imediatamente ao assalto, a Pol\u00edcia Militar foi acionada e, ao chegar nas proximidades da entrada da JR LEIL\u00d5ES, depararam-se com os ladr\u00f5es feridos, que foram socorridos e levados para o Hospital e Maternidade S\u00e3o Sebasti\u00e3o.<\/p>\n<p>Um dos ladr\u00f5es \u00e9 Jeovando Barbosa dos Santos, residente em Luzi\u00e2nia, que se feriu, mas se encontrava consciente ao ser socorrido. Ele disse aos policiais militares que n\u00e3o conhece o outro elemento e que estava de carona no ve\u00edculo roubado.<\/p>\n<p>At\u00e9 o fechamento desta edi\u00e7\u00e3o, o outro ladr\u00e3o ainda n\u00e3o havia sido identificado. Ao ser socorrido, ele estava inconsciente e ser\u00e1 encaminhado para Goi\u00e2nia .<\/p>\n<p>A ocorr\u00eancia foi atendida pelos Sargentos Edson Guiomar e De Moura, contando com o apoio dos Soldados Sanches e Reis do 2\u00ba Pelot\u00e3o da Pol\u00edcia Militar.<\/p>\n<p><img decoding=\"async\" class=\"alignnone size-full wp-image-19349\" src=\"https:\/\/www.correspondentevianopolino.com.br\/site\/wp-content\/uploads\/2017\/02\/20170227_064436.jpg\" alt=\"20170227_064436\" width=\"640\" height=\"361\" srcset=\"https:\/\/www.correspondentevianopolino.com.br\/site\/wp-content\/uploads\/2017\/02\/20170227_064436.jpg 640w, https:\/\/www.correspondentevianopolino.com.br\/site\/wp-content\/uploads\/2017\/02\/20170227_064436-300x169.jpg 300w\" sizes=\"(max-width: 640px) 100vw, 640px\" \/><\/p>\n<p><img decoding=\"async\" class=\"alignnone size-full wp-image-19348\" src=\"https:\/\/www.correspondentevianopolino.com.br\/site\/wp-content\/uploads\/2017\/02\/20170227_064331-C\u00f3pia.jpg\" alt=\"20170227_064331 - C\u00f3pia\" width=\"640\" height=\"361\" srcset=\"https:\/\/www.correspondentevianopolino.com.br\/site\/wp-content\/uploads\/2017\/02\/20170227_064331-C\u00f3pia.jpg 640w, https:\/\/www.correspondentevianopolino.com.br\/site\/wp-content\/uploads\/2017\/02\/20170227_064331-C\u00f3pia-300x169.jpg 300w\" sizes=\"(max-width: 640px) 100vw, 640px\" \/><\/p>\n<p><img decoding=\"async\" class=\"alignnone size-full wp-image-19324\" src=\"https:\/\/www.correspondentevianopolino.com.br\/site\/wp-content\/uploads\/2017\/02\/20170227_064613.jpg\" alt=\"20170227_064613\" width=\"290\" height=\"448\" srcset=\"https:\/\/www.correspondentevianopolino.com.br\/site\/wp-content\/uploads\/2017\/02\/20170227_064613.jpg 290w, https:\/\/www.correspondentevianopolino.com.br\/site\/wp-content\/uploads\/2017\/02\/20170227_064613-194x300.jpg 194w\" sizes=\"(max-width: 290px) 100vw, 290px\" \/><\/p>\n","protected":false},"excerpt":{"rendered":"<p>Um assalto \u00e0 m\u00e3o armada ocorrido na madrugada desta segunda-feira, 27, em Vian\u00f3polis, acabou mal para dois ladr\u00f5es que tiveram [&hellip;]<\/p>\n","protected":false},"author":2,"featured_media":19348,"comment_status":"open","ping_status":"closed","sticky":false,"template":"","format":"standard","meta":{"_uag_custom_page_level_css":"","site-sidebar-layout":"default","site-content-layout":"","ast-site-content-layout":"default","site-content-style":"default","site-sidebar-style":"default","ast-global-header-display":"","ast-banner-title-visibility":"","ast-main-header-display":"","ast-hfb-above-header-display":"","ast-hfb-below-header-display":"","ast-hfb-mobile-header-display":"","site-post-title":"","ast-breadcrumbs-content":"","ast-featured-img":"","footer-sml-layout":"","ast-disable-related-posts":"","theme-transparent-header-meta":"","adv-header-id-meta":"","stick-header-meta":"","header-above-stick-meta":"","header-main-stick-meta":"","header-below-stick-meta":"","astra-migrate-meta-layouts":"default","ast-page-background-enabled":"default","ast-page-background-meta":{"desktop":{"background-color":"var(--ast-global-color-4)","background-image":"","background-repeat":"repeat","background-position":"center center","background-size":"auto","background-attachment":"scroll","background-type":"","background-media":"","overlay-type":"","overlay-color":"","overlay-opacity":"","overlay-gradient":""},"tablet":{"background-color":"","background-image":"","background-repeat":"repeat","background-position":"center center","background-size":"auto","background-attachment":"scroll","background-type":"","background-media":"","overlay-type":"","overlay-color":"","overlay-opacity":"","overlay-gradient":""},"mobile":{"background-color":"","background-image":"","background-repeat":"repeat","background-position":"center center","background-size":"auto","background-attachment":"scroll","background-type":"","background-media":"","overlay-type":"","overlay-color":"","overlay-opacity":"","overlay-gradient":""}},"ast-content-background-meta":{"desktop":{"background-color":"var(--ast-global-color-5)","background-image":"","background-repeat":"repeat","background-position":"center center","background-size":"auto","background-attachment":"scroll","background-type":"","background-media":"","overlay-type":"","overlay-color":"","overlay-opacity":"","overlay-gradient":""},"tablet":{"background-color":"var(--ast-global-color-5)","background-image":"","background-repeat":"repeat","background-position":"center center","background-size":"auto","background-attachment":"scroll","background-type":"","background-media":"","overlay-type":"","overlay-color":"","overlay-opacity":"","overlay-gradient":""},"mobile":{"background-color":"var(--ast-global-color-5)","background-image":"","background-repeat":"repeat","background-position":"center center","background-size":"auto","background-attachment":"scroll","background-type":"","background-media":"","overlay-type":"","overlay-color":"","overlay-opacity":"","overlay-gradient":""}},"footnotes":""},"categories":[1],"tags":[],"class_list":["post-19323","post","type-post","status-publish","format-standard","has-post-thumbnail","hentry","category-ultimas"],"uagb_featured_image_src":{"full":["https:\/\/www.correspondentevianopolino.com.br\/site\/wp-content\/uploads\/2017\/02\/20170227_064331-C\u00f3pia.jpg",640,361,false],"thumbnail":["https:\/\/www.correspondentevianopolino.com.br\/site\/wp-content\/uploads\/2017\/02\/20170227_064331-C\u00f3pia-150x150.jpg",150,150,true],"medium":["https:\/\/www.correspondentevianopolino.com.br\/site\/wp-content\/uploads\/2017\/02\/20170227_064331-C\u00f3pia-300x169.jpg",300,169,true],"medium_large":["https:\/\/www.correspondentevianopolino.com.br\/site\/wp-content\/uploads\/2017\/02\/20170227_064331-C\u00f3pia.jpg",640,361,false],"large":["https:\/\/www.correspondentevianopolino.com.br\/site\/wp-content\/uploads\/2017\/02\/20170227_064331-C\u00f3pia.jpg",640,361,false],"1536x1536":["https:\/\/www.correspondentevianopolino.com.br\/site\/wp-content\/uploads\/2017\/02\/20170227_064331-C\u00f3pia.jpg",640,361,false],"2048x2048":["https:\/\/www.correspondentevianopolino.com.br\/site\/wp-content\/uploads\/2017\/02\/20170227_064331-C\u00f3pia.jpg",640,361,false]},"uagb_author_info":{"display_name":"Ol\u00edvio Lemos","author_link":"https:\/\/www.correspondentevianopolino.com.br\/site\/author\/olivio\/"},"uagb_comment_info":0,"uagb_excerpt":"Um assalto \u00e0 m\u00e3o armada ocorrido na madrugada desta segunda-feira, 27, em Vian\u00f3polis, acabou mal para dois ladr\u00f5es que tiveram [&hellip;]","_links":{"self":[{"href":"https:\/\/www.correspondentevianopolino.com.br\/site\/wp-json\/wp\/v2\/posts\/19323","targetHints":{"allow":["GET"]}}],"collection":[{"href":"https:\/\/www.correspondentevianopolino.com.br\/site\/wp-json\/wp\/v2\/posts"}],"about":[{"href":"https:\/\/www.correspondentevianopolino.com.br\/site\/wp-json\/wp\/v2\/types\/post"}],"author":[{"embeddable":true,"href":"https:\/\/www.correspondentevianopolino.com.br\/site\/wp-json\/wp\/v2\/users\/2"}],"replies":[{"embeddable":true,"href":"https:\/\/www.correspondentevianopolino.com.br\/site\/wp-json\/wp\/v2\/comments?post=19323"}],"version-history":[{"count":0,"href":"https:\/\/www.correspondentevianopolino.com.br\/site\/wp-json\/wp\/v2\/posts\/19323\/revisions"}],"wp:featuredmedia":[{"embeddable":true,"href":"https:\/\/www.correspondentevianopolino.com.br\/site\/wp-json\/wp\/v2\/media\/19348"}],"wp:attachment":[{"href":"https:\/\/www.correspondentevianopolino.com.br\/site\/wp-json\/wp\/v2\/media?parent=19323"}],"wp:term":[{"taxonomy":"category","embeddable":true,"href":"https:\/\/www.correspondentevianopolino.com.br\/site\/wp-json\/wp\/v2\/categories?post=19323"},{"taxonomy":"post_tag","embeddable":true,"href":"https:\/\/www.correspondentevianopolino.com.br\/site\/wp-json\/wp\/v2\/tags?post=19323"}],"curies":[{"name":"wp","href":"https:\/\/api.w.org\/{rel}","templated":true}]}}