{"id":32323,"date":"2018-02-09T23:03:18","date_gmt":"2018-02-10T01:03:18","guid":{"rendered":"http:\/\/www.correspondentevianopolino.com.br\/site\/?p=32323"},"modified":"2018-02-15T15:42:26","modified_gmt":"2018-02-15T17:42:26","slug":"professoras-vianopolinas-sempre-lembras-com-carinho-e-gratidao","status":"publish","type":"post","link":"https:\/\/www.correspondentevianopolino.com.br\/site\/professoras-vianopolinas-sempre-lembras-com-carinho-e-gratidao\/","title":{"rendered":"Inesquec\u00edveis Professoras Vianopolinas&#8230; Clique e saiba quem s\u00e3o estas professoras"},"content":{"rendered":"<p>As mulheres vianopolinas destacadas neste quadro est\u00e3o hoje aposentadas. Elas desempenharam um papel relevante em nossa comunidade, sendo respons\u00e1veis pela forma\u00e7\u00e3o de cidad\u00e3os que atualmente se destacam nas mais diversas \u00e1reas em Vian\u00f3polis, no Brasil e pelo mundo afora.<\/p>\n<p>Essas professoras jamais ser\u00e3o esquecidas por seus ex-alunos, uma vez que foram al\u00e9m de educadoras, buscando ensinar sobre as diversas \u00e1reas do conhecimento humano, sobre a vida e a sociedade.<\/p>\n<p>Por tudo que elas fizeram e significam, merecem ser destacadas neste quadro.<\/p>\n<p>\u00c9 uma homenagem singela diante da grandeza do papel desenvolvido por elas, e, muitas das vezes, pouco reconhecido por uma parte da sociedade.<\/p>\n<p>Abaixo, as fotos de ontem e de hoje destas educadoras e um pequeno texto para contar um pouco do muito que fizeram.<\/p>\n<p><strong>\u00a0<\/strong><\/p>\n<p><strong>OBS: SE VOC\u00ca FOI ALUNO DE UMA DELAS, DEIXE UM COMENT\u00c1RIO EM NOSSO SITE COM SEU NOME COMPLETO.<\/strong><\/p>\n<p><strong>OS COMENT\u00c1RIOS SER\u00c3O PASSADOS A ELAS POR NOSSA REPORTAGEM.<\/strong><\/p>\n<p><strong>AL\u00c9M DISSO, COLOCAREMOS ABAIXO DAS FOTOS AS RELA\u00c7\u00d5ES DE EX-ALUNOS DESTAS QUERIDAS E INESQUEC\u00cdVEIS PROFESSORAS VIANOPOLINAS.<\/strong><\/p>\n<p>&nbsp;<\/p>\n<p>Nas fotos abaixo, damos destaque para uma professora que tem uma vasta folha de servi\u00e7os prestados \u00e0 educa\u00e7\u00e3o de nosso munic\u00edpio. Por isso, deve ser sempre lembrada e reverenciada.<\/p>\n<p><strong>Eny Ferreira Gon\u00e7alves,<\/strong> mineira de Uberl\u00e2ndia e cidad\u00e3 vianopolina por t\u00edtulo recebido em 2004 na C\u00e2mara Municipal, \u00e9 destacada nesta homenagem.<\/p>\n<p>Por 30 anos, Eny foi professora na Escola Zenaide Campos Roriz, Americano do Brasil e Luiza Viana.<\/p>\n<p>Eny Ferreira Gon\u00e7alves se aposentou em 1998.<\/p>\n<p>Nossas homenagens \u00e0 professora Eny por tudo que fez pela educa\u00e7\u00e3o de Vian\u00f3polis.<\/p>\n<p><img decoding=\"async\" class=\"alignnone size-full wp-image-33148\" src=\"https:\/\/www.correspondentevianopolino.com.br\/site\/wp-content\/uploads\/2018\/01\/IMG-20180128-WA0038.jpg\" alt=\"IMG-20180128-WA0038\" width=\"550\" height=\"480\" srcset=\"https:\/\/www.correspondentevianopolino.com.br\/site\/wp-content\/uploads\/2018\/01\/IMG-20180128-WA0038.jpg 550w, https:\/\/www.correspondentevianopolino.com.br\/site\/wp-content\/uploads\/2018\/01\/IMG-20180128-WA0038-300x262.jpg 300w\" sizes=\"(max-width: 550px) 100vw, 550px\" \/><\/p>\n<p><img decoding=\"async\" class=\"alignnone size-full wp-image-33159\" src=\"https:\/\/www.correspondentevianopolino.com.br\/site\/wp-content\/uploads\/2018\/01\/IMG-20180128-WA0044.jpg\" alt=\"IMG-20180128-WA0044\" width=\"480\" height=\"524\" srcset=\"https:\/\/www.correspondentevianopolino.com.br\/site\/wp-content\/uploads\/2018\/01\/IMG-20180128-WA0044.jpg 480w, https:\/\/www.correspondentevianopolino.com.br\/site\/wp-content\/uploads\/2018\/01\/IMG-20180128-WA0044-275x300.jpg 275w\" sizes=\"(max-width: 480px) 100vw, 480px\" \/><\/p>\n<p>&nbsp;<\/p>\n<p>Nas fotos abaixo, destacamos a querida e sempre lembrada professora <strong>Maria de Lurdes Rosa Souza.<\/strong><\/p>\n<p>Ela come\u00e7ou a lecionar em 1969, na Escola Estadual Zenaide Campos Roriz, e posteriormente se transferiu para o Col\u00e9gio Estadual Armindo Gomes.<\/p>\n<p>Durante 26 anos, Dona Lurdes lecionou e transferiu conhecimentos para muitos alunos.<\/p>\n<p>\u00c9 sempre lembrada por seus ex-alunos.<\/p>\n<p>Aposentada desde 1995, Maria de Lurdes Rosa Souza reside no centro de Vian\u00f3polis, pr\u00f3ximo \u00e0 Prefeitura Municipal, ao lado de seu esposo, Professor Everson, curtindo filhos e netos.<\/p>\n<p>Esta homenagem \u00e9 pequena, diante da grandeza do que fez pela educa\u00e7\u00e3o de Vian\u00f3polis.<\/p>\n<p><img decoding=\"async\" class=\"alignnone size-full wp-image-33156\" src=\"https:\/\/www.correspondentevianopolino.com.br\/site\/wp-content\/uploads\/2018\/01\/MARIA-DE-LURDES-ROSA-SOUZA-2.jpg\" alt=\"MARIA DE LURDES ROSA SOUZA (2)\" width=\"431\" height=\"640\" srcset=\"https:\/\/www.correspondentevianopolino.com.br\/site\/wp-content\/uploads\/2018\/01\/MARIA-DE-LURDES-ROSA-SOUZA-2.jpg 431w, https:\/\/www.correspondentevianopolino.com.br\/site\/wp-content\/uploads\/2018\/01\/MARIA-DE-LURDES-ROSA-SOUZA-2-202x300.jpg 202w\" sizes=\"(max-width: 431px) 100vw, 431px\" \/><\/p>\n<table class=\"wp-list-table widefat fixed striped comments\">\n<tbody id=\"the-comment-list\" data-wp-lists=\"list:comment\">\n<tr id=\"comment-4490\" class=\"comment even thread-even depth-1 unapproved\">\n<th class=\"check-column\" scope=\"row\"><input id=\"cb-select-4490\" name=\"delete_comments[]\" type=\"checkbox\" value=\"4490\" \/><\/th>\n<td class=\"author column-author\" data-colname=\"Autor\"><strong><img decoding=\"async\" class=\"avatar avatar-32 photo\" src=\"http:\/\/0.gravatar.com\/avatar\/f1402714ab70785d10e79d0b9be873e4?s=32&amp;d=mm&amp;r=g\" srcset=\"http:\/\/0.gravatar.com\/avatar\/f1402714ab70785d10e79d0b9be873e4?s=64&amp;d=mm&amp;r=g 2x\" alt=\"\" width=\"32\" height=\"32\" \/>Maria do Socorro<\/strong><br \/>\n<a href=\"mailto:mariahcanuto@gmail2014.com\">mariahcanuto@gmail2014.com<\/a><br \/>\n<a href=\"https:\/\/www.correspondentevianopolino.com.br\/site\/wp-admin\/edit-comments.php?s=177.73.48.98&amp;mode=detail\">177.73.48.98<\/a><\/td>\n<td class=\"comment column-comment has-row-actions column-primary\" data-colname=\"Coment\u00e1rio\">Linda professora D.LOURDINHA. Frase jamais esquecida :<br \/>\nQUANDO DESCANSA, CARREGA PEDRAS.<br \/>\nDito isso, enchia o quadro mais umas duas vezes.<br \/>\nJamais esque\u00e7o, bjux \u00e0 essas GUERREIRAS.<\/p>\n<div class=\"row-actions\"><span class=\"approve\"><a class=\"vim-a\" href=\"https:\/\/www.correspondentevianopolino.com.br\/site\/wp-admin\/comment.php?c=4490&amp;action=approvecomment&amp;_wpnonce=76c36377aa\" data-wp-lists=\"dim:the-comment-list:comment-4490:unapproved:e7e7d3:e7e7d3:new=approved\">Aprovar<\/a><\/span><span class=\"reply hide-if-no-js\">\u00a0|\u00a0<a class=\"vim-r comment-inline\" href=\"https:\/\/www.correspondentevianopolino.com.br\/site\/wp-admin\/edit-comments.php#\" data-comment-id=\"4490\" data-post-id=\"32323\" data-action=\"replyto\">Responder<\/a><\/span><span class=\"quickedit hide-if-no-js\">\u00a0|\u00a0<a class=\"vim-q comment-inline\" href=\"https:\/\/www.correspondentevianopolino.com.br\/site\/wp-admin\/edit-comments.php#\" data-comment-id=\"4490\" data-post-id=\"32323\" data-action=\"edit\">Edi\u00e7\u00e3o r\u00e1pida<\/a><\/span><span class=\"edit\">\u00a0|\u00a0<a href=\"https:\/\/www.correspondentevianopolino.com.br\/site\/wp-admin\/comment.php?action=editcomment&amp;c=4490\">Editar<\/a><\/span><span class=\"spam\">\u00a0|\u00a0<a class=\"vim-s vim-destructive\" href=\"https:\/\/www.correspondentevianopolino.com.br\/site\/wp-admin\/comment.php?c=4490&amp;action=spamcomment&amp;_wpnonce=ee08419b07\" data-wp-lists=\"delete:the-comment-list:comment-4490::spam=1\">Sp<\/a><\/span><\/div>\n<\/td>\n<\/tr>\n<\/tbody>\n<\/table>\n<p><img decoding=\"async\" class=\"alignnone size-full wp-image-33160\" src=\"https:\/\/www.correspondentevianopolino.com.br\/site\/wp-content\/uploads\/2018\/01\/MARIA-DE-LURDES-ROSA-SOUZA.jpg\" alt=\"MARIA DE LURDES ROSA SOUZA\" width=\"640\" height=\"424\" srcset=\"https:\/\/www.correspondentevianopolino.com.br\/site\/wp-content\/uploads\/2018\/01\/MARIA-DE-LURDES-ROSA-SOUZA.jpg 640w, https:\/\/www.correspondentevianopolino.com.br\/site\/wp-content\/uploads\/2018\/01\/MARIA-DE-LURDES-ROSA-SOUZA-300x199.jpg 300w\" sizes=\"(max-width: 640px) 100vw, 640px\" \/><\/p>\n<p>FOTO: M\u00c1RCIO WAYNE<\/p>\n<p>&nbsp;<\/p>\n<p>Com passagens por diversas escolas de Vian\u00f3polis, a professora aposentada <strong>Vera L\u00facia Martins Neves<\/strong> \u00e9 outra que ser\u00e1 sempre lembrada por centenas de ex-alunos.<\/p>\n<p>Sua importante contribui\u00e7\u00e3o para com o setor educacional de Vian\u00f3polis jamais dever\u00e1 ser esquecida.<\/p>\n<p>Foram anos e anos de luta a uma profiss\u00e3o onde a dedica\u00e7\u00e3o e amor s\u00e3o importantes.<\/p>\n<p>Ela come\u00e7ou a lecionar na Escola Rural do Calvo, no ano de 1981. Depois, Vera L\u00facia lecionou na Escola Paulo VI, Escola Zenaide Campos Roriz e Col\u00e9gio Estadual Armindo Gomes.<\/p>\n<p>Vera L\u00facia se aposentou em 2013. Hoje, desfruta de uma aposentadoria merecida por seu trabalho como professora.<\/p>\n<p><img decoding=\"async\" class=\"alignnone size-full wp-image-33162\" src=\"https:\/\/www.correspondentevianopolino.com.br\/site\/wp-content\/uploads\/2018\/01\/VERA-L\u00daCIA-1.jpg\" alt=\"VERA L\u00daCIA 1\" width=\"480\" height=\"600\" srcset=\"https:\/\/www.correspondentevianopolino.com.br\/site\/wp-content\/uploads\/2018\/01\/VERA-L\u00daCIA-1.jpg 480w, https:\/\/www.correspondentevianopolino.com.br\/site\/wp-content\/uploads\/2018\/01\/VERA-L\u00daCIA-1-240x300.jpg 240w\" sizes=\"(max-width: 480px) 100vw, 480px\" \/><\/p>\n<p><img decoding=\"async\" class=\"alignnone size-full wp-image-33163\" src=\"https:\/\/www.correspondentevianopolino.com.br\/site\/wp-content\/uploads\/2018\/01\/IMG-20180128-WA0067.jpg\" alt=\"IMG-20180128-WA0067\" width=\"557\" height=\"480\" srcset=\"https:\/\/www.correspondentevianopolino.com.br\/site\/wp-content\/uploads\/2018\/01\/IMG-20180128-WA0067.jpg 557w, https:\/\/www.correspondentevianopolino.com.br\/site\/wp-content\/uploads\/2018\/01\/IMG-20180128-WA0067-300x259.jpg 300w\" sizes=\"(max-width: 557px) 100vw, 557px\" \/><\/p>\n<p>&nbsp;<\/p>\n<p>Ela \u00e9 uma mulher que veio de uma fam\u00edlia simples e humilde, mas conseguiu, atrav\u00e9s do trabalho e de sua compet\u00eancia, destacar-se no seio da sociedade vianopolina como professora e vereadora.<\/p>\n<p><strong>Maria Luc\u00e9lia Marinho<\/strong>, professora aposentada, recebe esta singela homenagem pelo que representante na vida de muitos ex-alunos.<\/p>\n<p>Ex-alunos que se tornaram amigos para sempre.<\/p>\n<p>Maria Luc\u00e9lia Marinho come\u00e7ou a lecionar em 1982. Foi professora no Col\u00e9gio Estadual Armindo Gomes, na Escola Zenaide Campos Roriz e no Col\u00e9gio Estadual Jandira Bretas Quinan, onde lecionou por 17 anos de idade.<\/p>\n<p>Foram 28 anos de trabalho no setor educacional de nosso munic\u00edpio, escrevendo uma hist\u00f3ria bonita de compet\u00eancia e dedica\u00e7\u00e3o e que jamais ser\u00e1 esquecida pela comunidade vianopolina.<\/p>\n<p><img decoding=\"async\" class=\"alignnone size-full wp-image-33165\" src=\"https:\/\/www.correspondentevianopolino.com.br\/site\/wp-content\/uploads\/2018\/01\/IMG-20180128-WA0049-1.jpg\" alt=\"IMG-20180128-WA0049\" width=\"480\" height=\"534\" srcset=\"https:\/\/www.correspondentevianopolino.com.br\/site\/wp-content\/uploads\/2018\/01\/IMG-20180128-WA0049-1.jpg 480w, https:\/\/www.correspondentevianopolino.com.br\/site\/wp-content\/uploads\/2018\/01\/IMG-20180128-WA0049-1-270x300.jpg 270w\" sizes=\"(max-width: 480px) 100vw, 480px\" \/><\/p>\n<p><img decoding=\"async\" class=\"alignnone size-full wp-image-33166\" src=\"https:\/\/www.correspondentevianopolino.com.br\/site\/wp-content\/uploads\/2018\/01\/1920579_551281058321428_830966015_n.jpg\" alt=\"1920579_551281058321428_830966015_n\" width=\"417\" height=\"288\" srcset=\"https:\/\/www.correspondentevianopolino.com.br\/site\/wp-content\/uploads\/2018\/01\/1920579_551281058321428_830966015_n.jpg 417w, https:\/\/www.correspondentevianopolino.com.br\/site\/wp-content\/uploads\/2018\/01\/1920579_551281058321428_830966015_n-300x207.jpg 300w, https:\/\/www.correspondentevianopolino.com.br\/site\/wp-content\/uploads\/2018\/01\/1920579_551281058321428_830966015_n-392x272.jpg 392w, https:\/\/www.correspondentevianopolino.com.br\/site\/wp-content\/uploads\/2018\/01\/1920579_551281058321428_830966015_n-130x90.jpg 130w\" sizes=\"(max-width: 417px) 100vw, 417px\" \/><\/p>\n<p>&nbsp;<\/p>\n<p>Quem destacamos a seguir \u00e9 a competente professora\u00a0<strong>MARIA JOS\u00c9 FERREIRA CAIXETA,<\/strong>\u00a0que tem uma vasta folha de servi\u00e7os prestados no munic\u00edpio de Vian\u00f3polis n\u00e3o s\u00f3 na educa\u00e7\u00e3o, mas tamb\u00e9m em outros setores.<\/p>\n<p>Maria Jos\u00e9, hoje aposentada e volunt\u00e1ria da AGF (Associa\u00e7\u00e3o Gera\u00e7\u00e3o Futuro), foi professora em estabelecimentos educacionais de Vian\u00f3polis, Orizona e Goi\u00e2nia.<\/p>\n<p>Come\u00e7ou a lecionar em 1967, na Fazenda Extrema, e se aposentou em 1994.<\/p>\n<p>Por sua compet\u00eancia e dedica\u00e7\u00e3o, sempre foi muita querida e respeitada por alunos e colegas de trabalho.<\/p>\n<p><img decoding=\"async\" class=\"alignnone size-full wp-image-33011\" src=\"https:\/\/www.correspondentevianopolino.com.br\/site\/wp-content\/uploads\/2018\/01\/IMG-20180114-WA0017-3.jpg\" alt=\"IMG-20180114-WA0017\" width=\"487\" height=\"480\" srcset=\"https:\/\/www.correspondentevianopolino.com.br\/site\/wp-content\/uploads\/2018\/01\/IMG-20180114-WA0017-3.jpg 487w, https:\/\/www.correspondentevianopolino.com.br\/site\/wp-content\/uploads\/2018\/01\/IMG-20180114-WA0017-3-300x296.jpg 300w\" sizes=\"(max-width: 487px) 100vw, 487px\" \/><\/p>\n<figure id=\"attachment_33012\" aria-describedby=\"caption-attachment-33012\" style=\"width: 390px\" class=\"wp-caption alignnone\"><img decoding=\"async\" class=\"size-full wp-image-33012\" src=\"https:\/\/www.correspondentevianopolino.com.br\/site\/wp-content\/uploads\/2018\/01\/20180113_184449-1.jpg\" alt=\"?\" width=\"390\" height=\"336\" srcset=\"https:\/\/www.correspondentevianopolino.com.br\/site\/wp-content\/uploads\/2018\/01\/20180113_184449-1.jpg 390w, https:\/\/www.correspondentevianopolino.com.br\/site\/wp-content\/uploads\/2018\/01\/20180113_184449-1-300x258.jpg 300w\" sizes=\"(max-width: 390px) 100vw, 390px\" \/><figcaption id=\"caption-attachment-33012\" class=\"wp-caption-text\"><strong>ACIMA, MARIA JOS\u00c9, HOJE APOSENTADA E VOLUNT\u00c1RIA DA AGF.<\/strong><\/figcaption><\/figure>\n<p>&nbsp;<\/p>\n<p>A seguir, destacamos\u00a0<strong>OLINDA CORR\u00caA DA LUZ,<\/strong>\u00a0tamb\u00e9m aposentada e que deu uma grande contribui\u00e7\u00e3o para o setor educacional de nosso munic\u00edpio.<\/p>\n<p>Olinda come\u00e7ou na lecionar em 1965 e se aposentou em 1989.<\/p>\n<p>Foi professora na Miss\u00e3o Novas Tribos, na Escola Americano do Brasil e na Escola Zenaide Campos Roriz, onde tamb\u00e9m exerceu com compet\u00eancia o cargo de Diretora, uma vez que sua gest\u00e3o durou 23 anos.<\/p>\n<p>Ela \u00e9 a criadora da Bandeira do Munic\u00edpio de Vian\u00f3polis.<\/p>\n<p><img decoding=\"async\" class=\"alignnone size-full wp-image-33008\" src=\"https:\/\/www.correspondentevianopolino.com.br\/site\/wp-content\/uploads\/2018\/01\/Imagem-115-3.jpg\" alt=\"Imagem (115)\" width=\"480\" height=\"558\" srcset=\"https:\/\/www.correspondentevianopolino.com.br\/site\/wp-content\/uploads\/2018\/01\/Imagem-115-3.jpg 480w, https:\/\/www.correspondentevianopolino.com.br\/site\/wp-content\/uploads\/2018\/01\/Imagem-115-3-258x300.jpg 258w\" sizes=\"(max-width: 480px) 100vw, 480px\" \/><\/p>\n<p><img decoding=\"async\" class=\"alignnone size-full wp-image-33009\" src=\"https:\/\/www.correspondentevianopolino.com.br\/site\/wp-content\/uploads\/2018\/01\/Imagem-114-1.jpg\" alt=\"Imagem (114)\" width=\"480\" height=\"540\" srcset=\"https:\/\/www.correspondentevianopolino.com.br\/site\/wp-content\/uploads\/2018\/01\/Imagem-114-1.jpg 480w, https:\/\/www.correspondentevianopolino.com.br\/site\/wp-content\/uploads\/2018\/01\/Imagem-114-1-267x300.jpg 267w\" sizes=\"(max-width: 480px) 100vw, 480px\" \/><\/p>\n<p><strong>ACIMA, FOTO DE OLINDA, HOJE APOSENTADA.<\/strong><\/p>\n<p>&nbsp;<\/p>\n<p>Nas duas fotos abaixo, est\u00e1\u00a0<strong>SIMAR ROSILENE VIEGAS<\/strong>, professora aposentada e muito querida em nossa cidade.<\/p>\n<p>Por 32 anos foi professora dedicada, competente e muito respeitada, sendo que por 9 anos foi diretora do Col\u00e9gio Estadual Armindo Gomes.<\/p>\n<p>Tamb\u00e9m foi Secret\u00e1ria Municipal de Educa\u00e7\u00e3o durante 9 anos.<\/p>\n<p>Simar, antes de ser professora, fez faculdade de Jornalismo na UFG (Universidade Federal de Goi\u00e1s), tendo abandonado o curso e come\u00e7ado a lecionar em 1975 no Col\u00e9gio Armindo Gomes.<\/p>\n<p><img decoding=\"async\" class=\"alignnone size-full wp-image-32533\" src=\"https:\/\/www.correspondentevianopolino.com.br\/site\/wp-content\/uploads\/2018\/01\/SIMAR-ROSILENE-VIEGAS-1.jpg\" alt=\"SIMAR ROSILENE VIEGAS\" width=\"365\" height=\"336\" srcset=\"https:\/\/www.correspondentevianopolino.com.br\/site\/wp-content\/uploads\/2018\/01\/SIMAR-ROSILENE-VIEGAS-1.jpg 365w, https:\/\/www.correspondentevianopolino.com.br\/site\/wp-content\/uploads\/2018\/01\/SIMAR-ROSILENE-VIEGAS-1-300x276.jpg 300w\" sizes=\"(max-width: 365px) 100vw, 365px\" \/><\/p>\n<p>ABAIXO, SIMAR AO LADO DO ESPOSO E TAMB\u00c9M PROFESSOR, F\u00c1BIO VIEGAS(BADU)<\/p>\n<p><img decoding=\"async\" class=\"size-full wp-image-33006\" src=\"https:\/\/www.correspondentevianopolino.com.br\/site\/wp-content\/uploads\/2018\/01\/1010349_304507696361324_2050292324_n-1.jpg\" alt=\"?\" width=\"575\" height=\"480\" srcset=\"https:\/\/www.correspondentevianopolino.com.br\/site\/wp-content\/uploads\/2018\/01\/1010349_304507696361324_2050292324_n-1.jpg 575w, https:\/\/www.correspondentevianopolino.com.br\/site\/wp-content\/uploads\/2018\/01\/1010349_304507696361324_2050292324_n-1-300x250.jpg 300w\" sizes=\"(max-width: 575px) 100vw, 575px\" \/><\/p>\n<p>&nbsp;<\/p>\n<p>Na foto abaixo, destacamos <strong>ROMILDA MEIRELLES GUIMAR\u00c3ES,\u00a0<\/strong>formada em Ingl\u00eas pela UFG (Universidade Federal de Goi\u00e1s).<\/p>\n<p>Ainda nova, come\u00e7ou a lecionar Portugu\u00eas para alguns americanos que haviam se mudado para Vian\u00f3polis e, posteriormente, passou a lecionar Ingl\u00eas.<\/p>\n<p>Lecionou em escolas de Vian\u00f3polis e Silv\u00e2nia, tendo sido tamb\u00e9m Diretora do Col\u00e9gio Armindo Gomes.<\/p>\n<p>Hoje, aposentada, \u00e9 sempre lembrada por tudo que fez pela educa\u00e7\u00e3o de Vian\u00f3polis.<\/p>\n<p>&nbsp;<\/p>\n<p style=\"text-align: justify; line-height: 19.5pt; background: white; margin: 0cm 0cm 19.5pt 0cm;\"><img decoding=\"async\" class=\"alignnone size-full wp-image-32324\" src=\"https:\/\/www.correspondentevianopolino.com.br\/site\/wp-content\/uploads\/2018\/01\/Imagem-111.jpg\" alt=\"Imagem (111)\" width=\"336\" height=\"402\" srcset=\"https:\/\/www.correspondentevianopolino.com.br\/site\/wp-content\/uploads\/2018\/01\/Imagem-111.jpg 336w, https:\/\/www.correspondentevianopolino.com.br\/site\/wp-content\/uploads\/2018\/01\/Imagem-111-251x300.jpg 251w\" sizes=\"(max-width: 336px) 100vw, 336px\" \/><\/p>\n<p style=\"text-align: justify; line-height: 19.5pt; background: white; margin: 0cm 0cm 19.5pt 0cm;\">EX-ALUNOS DA PROFESSORA ROMILDA QUE DEIXARAM COMENT\u00c1RIOS:<\/p>\n<p style=\"text-align: justify; line-height: 19.5pt; background: white; margin: 0cm 0cm 19.5pt 0cm;\"><strong>REGINA PIO DOS SANTOS<\/strong><\/p>\n<p style=\"text-align: justify; line-height: 19.5pt; background: white; margin: 0cm 0cm 19.5pt 0cm;\"><strong>C\u00c9LIA SILVA<\/strong><\/p>\n<p style=\"text-align: justify; line-height: 19.5pt; background: white; margin: 0cm 0cm 19.5pt 0cm;\"><strong>EDUARDO MACHADO DE SOUZA(LORINHA)<\/strong><\/p>\n<p style=\"text-align: justify; line-height: 19.5pt; background: white; margin: 0cm 0cm 19.5pt 0cm;\"><strong>JANE MARIA DE MELO<\/strong><\/p>\n<p style=\"text-align: justify; line-height: 19.5pt; background: white; margin: 0cm 0cm 19.5pt 0cm;\"><strong>H\u00c9LDER GOMES CAIXETA<\/strong><\/p>\n<p style=\"text-align: justify; line-height: 19.5pt; background: white; margin: 0cm 0cm 19.5pt 0cm;\">ISMAEL TAVARES RICHA<\/p>\n<p style=\"text-align: justify; line-height: 19.5pt; background: white; margin: 0cm 0cm 19.5pt 0cm;\"><img decoding=\"async\" class=\"alignnone size-full wp-image-32337\" src=\"https:\/\/www.correspondentevianopolino.com.br\/site\/wp-content\/uploads\/2018\/01\/100_3993.jpg\" alt=\"100_3993\" width=\"366\" height=\"336\" srcset=\"https:\/\/www.correspondentevianopolino.com.br\/site\/wp-content\/uploads\/2018\/01\/100_3993.jpg 366w, https:\/\/www.correspondentevianopolino.com.br\/site\/wp-content\/uploads\/2018\/01\/100_3993-300x275.jpg 300w\" sizes=\"(max-width: 366px) 100vw, 366px\" \/><\/p>\n<p style=\"text-align: justify; line-height: 19.5pt; background: white; margin: 0cm 0cm 19.5pt 0cm;\">Acima, <strong>ROMILDA MEIRELLES GUIMAR\u00c3ES<\/strong> em foto recente.<\/p>\n<p style=\"text-align: justify; line-height: 19.5pt; background: white; margin: 0cm 0cm 19.5pt 0cm;\">Na foto abaixo, est\u00e1 <strong>HILDA DE SOUZA MATTOS<\/strong>, ex-professora vianopolina que come\u00e7ou a lecionar em 1956, no Grupo Escola Americano do Brasil, que ficava na Rua Euz\u00e9bio de Oliveira, no mesmo terreno onde funciona hoje a Escola Americano do Brasil.<\/p>\n<p style=\"text-align: justify; line-height: 19.5pt; background: white; margin: 0cm 0cm 19.5pt 0cm;\">Hilda foi professora por muitos anos e hoje est\u00e1 aposentada.<\/p>\n<p style=\"text-align: justify; line-height: 19.5pt; background: white; margin: 0cm 0cm 19.5pt 0cm;\">Tamb\u00e9m merece esta singela homenagem pela importante colabora\u00e7\u00e3o que deu ao setor educacional de Vian\u00f3polis.<\/p>\n<p style=\"text-align: justify; line-height: 19.5pt; background: white; margin: 0cm 0cm 19.5pt 0cm;\"><img decoding=\"async\" class=\"alignnone size-full wp-image-32325\" src=\"https:\/\/www.correspondentevianopolino.com.br\/site\/wp-content\/uploads\/2018\/01\/Imagem-112.jpg\" alt=\"Imagem (112)\" width=\"266\" height=\"287\" \/><\/p>\n<figure id=\"attachment_32333\" aria-describedby=\"caption-attachment-32333\" style=\"width: 345px\" class=\"wp-caption alignnone\"><img decoding=\"async\" class=\"size-full wp-image-32333\" src=\"https:\/\/www.correspondentevianopolino.com.br\/site\/wp-content\/uploads\/2018\/01\/20180113_185644.jpg\" alt=\"?\" width=\"345\" height=\"336\" srcset=\"https:\/\/www.correspondentevianopolino.com.br\/site\/wp-content\/uploads\/2018\/01\/20180113_185644.jpg 345w, https:\/\/www.correspondentevianopolino.com.br\/site\/wp-content\/uploads\/2018\/01\/20180113_185644-300x292.jpg 300w\" sizes=\"(max-width: 345px) 100vw, 345px\" \/><figcaption id=\"caption-attachment-32333\" class=\"wp-caption-text\">Na foto acima, <strong>HILDA DE SOUZA MATTOS<\/strong> em foto feita por nossa reportagem.<\/figcaption><\/figure>\n<p>&nbsp;<\/p>\n<p>Destacamos abaixo <strong>GENI PEREIRA DE SOUZA FUHRMANN<\/strong>, professora aposentada e que tem uma vasta folha de servi\u00e7os prestados ao setor educacional do nosso munic\u00edpio.<\/p>\n<p>Al\u00e9m de professora por 8 anos, Geni Pereira de Souza Fuhrmann foi Secret\u00e1ria Municipal de Educa\u00e7\u00e3o por 26 anos.<\/p>\n<p>Hoje, aposentada, ela recebe, merecidamente, esta homenagem.<\/p>\n<p style=\"text-align: justify; line-height: 19.5pt; background: white; margin: 0cm 0cm 19.5pt 0cm;\"><img decoding=\"async\" class=\"alignnone size-full wp-image-32326\" src=\"https:\/\/www.correspondentevianopolino.com.br\/site\/wp-content\/uploads\/2018\/01\/IMG-20180113-WA0063.jpg\" alt=\"IMG-20180113-WA0063\" width=\"336\" height=\"367\" srcset=\"https:\/\/www.correspondentevianopolino.com.br\/site\/wp-content\/uploads\/2018\/01\/IMG-20180113-WA0063.jpg 336w, https:\/\/www.correspondentevianopolino.com.br\/site\/wp-content\/uploads\/2018\/01\/IMG-20180113-WA0063-275x300.jpg 275w\" sizes=\"(max-width: 336px) 100vw, 336px\" \/><\/p>\n<p style=\"text-align: justify; line-height: 19.5pt; background: white; margin: 0cm 0cm 19.5pt 0cm;\">EX-ALUNO DA PROFESSORA GENI QUE DEIXOU COMENT\u00c1RIO: <strong>IDOMAR FRAN\u00c7A<\/strong><\/p>\n<figure id=\"attachment_32334\" aria-describedby=\"caption-attachment-32334\" style=\"width: 505px\" class=\"wp-caption alignnone\"><img decoding=\"async\" class=\"size-full wp-image-32334\" src=\"https:\/\/www.correspondentevianopolino.com.br\/site\/wp-content\/uploads\/2018\/01\/20180113_192122.jpg\" alt=\"?\" width=\"505\" height=\"480\" srcset=\"https:\/\/www.correspondentevianopolino.com.br\/site\/wp-content\/uploads\/2018\/01\/20180113_192122.jpg 505w, https:\/\/www.correspondentevianopolino.com.br\/site\/wp-content\/uploads\/2018\/01\/20180113_192122-300x285.jpg 300w\" sizes=\"(max-width: 505px) 100vw, 505px\" \/><figcaption id=\"caption-attachment-32334\" class=\"wp-caption-text\">Acima, <strong>GENI PEREIRA DE SOUZA FUHRMANN<\/strong>, em foto feita por nossa reportagem.<\/figcaption><\/figure>\n","protected":false},"excerpt":{"rendered":"<p>As mulheres vianopolinas destacadas neste quadro est\u00e3o hoje aposentadas. Elas desempenharam um papel relevante em nossa comunidade, sendo respons\u00e1veis pela [&hellip;]<\/p>\n","protected":false},"author":2,"featured_media":33158,"comment_status":"open","ping_status":"closed","sticky":false,"template":"","format":"standard","meta":{"_uag_custom_page_level_css":"","site-sidebar-layout":"default","site-content-layout":"","ast-site-content-layout":"default","site-content-style":"default","site-sidebar-style":"default","ast-global-header-display":"","ast-banner-title-visibility":"","ast-main-header-display":"","ast-hfb-above-header-display":"","ast-hfb-below-header-display":"","ast-hfb-mobile-header-display":"","site-post-title":"","ast-breadcrumbs-content":"","ast-featured-img":"","footer-sml-layout":"","ast-disable-related-posts":"","theme-transparent-header-meta":"","adv-header-id-meta":"","stick-header-meta":"","header-above-stick-meta":"","header-main-stick-meta":"","header-below-stick-meta":"","astra-migrate-meta-layouts":"default","ast-page-background-enabled":"default","ast-page-background-meta":{"desktop":{"background-color":"var(--ast-global-color-4)","background-image":"","background-repeat":"repeat","background-position":"center center","background-size":"auto","background-attachment":"scroll","background-type":"","background-media":"","overlay-type":"","overlay-color":"","overlay-opacity":"","overlay-gradient":""},"tablet":{"background-color":"","background-image":"","background-repeat":"repeat","background-position":"center center","background-size":"auto","background-attachment":"scroll","background-type":"","background-media":"","overlay-type":"","overlay-color":"","overlay-opacity":"","overlay-gradient":""},"mobile":{"background-color":"","background-image":"","background-repeat":"repeat","background-position":"center center","background-size":"auto","background-attachment":"scroll","background-type":"","background-media":"","overlay-type":"","overlay-color":"","overlay-opacity":"","overlay-gradient":""}},"ast-content-background-meta":{"desktop":{"background-color":"var(--ast-global-color-5)","background-image":"","background-repeat":"repeat","background-position":"center center","background-size":"auto","background-attachment":"scroll","background-type":"","background-media":"","overlay-type":"","overlay-color":"","overlay-opacity":"","overlay-gradient":""},"tablet":{"background-color":"var(--ast-global-color-5)","background-image":"","background-repeat":"repeat","background-position":"center center","background-size":"auto","background-attachment":"scroll","background-type":"","background-media":"","overlay-type":"","overlay-color":"","overlay-opacity":"","overlay-gradient":""},"mobile":{"background-color":"var(--ast-global-color-5)","background-image":"","background-repeat":"repeat","background-position":"center center","background-size":"auto","background-attachment":"scroll","background-type":"","background-media":"","overlay-type":"","overlay-color":"","overlay-opacity":"","overlay-gradient":""}},"footnotes":""},"categories":[1],"tags":[],"class_list":["post-32323","post","type-post","status-publish","format-standard","has-post-thumbnail","hentry","category-ultimas"],"uagb_featured_image_src":{"full":["https:\/\/www.correspondentevianopolino.com.br\/site\/wp-content\/uploads\/2018\/01\/PhotoGrid_1517214226479.jpg",336,336,false],"thumbnail":["https:\/\/www.correspondentevianopolino.com.br\/site\/wp-content\/uploads\/2018\/01\/PhotoGrid_1517214226479-150x150.jpg",150,150,true],"medium":["https:\/\/www.correspondentevianopolino.com.br\/site\/wp-content\/uploads\/2018\/01\/PhotoGrid_1517214226479-300x300.jpg",300,300,true],"medium_large":["https:\/\/www.correspondentevianopolino.com.br\/site\/wp-content\/uploads\/2018\/01\/PhotoGrid_1517214226479.jpg",336,336,false],"large":["https:\/\/www.correspondentevianopolino.com.br\/site\/wp-content\/uploads\/2018\/01\/PhotoGrid_1517214226479.jpg",336,336,false],"1536x1536":["https:\/\/www.correspondentevianopolino.com.br\/site\/wp-content\/uploads\/2018\/01\/PhotoGrid_1517214226479.jpg",336,336,false],"2048x2048":["https:\/\/www.correspondentevianopolino.com.br\/site\/wp-content\/uploads\/2018\/01\/PhotoGrid_1517214226479.jpg",336,336,false]},"uagb_author_info":{"display_name":"Ol\u00edvio Lemos","author_link":"https:\/\/www.correspondentevianopolino.com.br\/site\/author\/olivio\/"},"uagb_comment_info":12,"uagb_excerpt":"As mulheres vianopolinas destacadas neste quadro est\u00e3o hoje aposentadas. Elas desempenharam um papel relevante em nossa comunidade, sendo respons\u00e1veis pela [&hellip;]","_links":{"self":[{"href":"https:\/\/www.correspondentevianopolino.com.br\/site\/wp-json\/wp\/v2\/posts\/32323","targetHints":{"allow":["GET"]}}],"collection":[{"href":"https:\/\/www.correspondentevianopolino.com.br\/site\/wp-json\/wp\/v2\/posts"}],"about":[{"href":"https:\/\/www.correspondentevianopolino.com.br\/site\/wp-json\/wp\/v2\/types\/post"}],"author":[{"embeddable":true,"href":"https:\/\/www.correspondentevianopolino.com.br\/site\/wp-json\/wp\/v2\/users\/2"}],"replies":[{"embeddable":true,"href":"https:\/\/www.correspondentevianopolino.com.br\/site\/wp-json\/wp\/v2\/comments?post=32323"}],"version-history":[{"count":0,"href":"https:\/\/www.correspondentevianopolino.com.br\/site\/wp-json\/wp\/v2\/posts\/32323\/revisions"}],"wp:featuredmedia":[{"embeddable":true,"href":"https:\/\/www.correspondentevianopolino.com.br\/site\/wp-json\/wp\/v2\/media\/33158"}],"wp:attachment":[{"href":"https:\/\/www.correspondentevianopolino.com.br\/site\/wp-json\/wp\/v2\/media?parent=32323"}],"wp:term":[{"taxonomy":"category","embeddable":true,"href":"https:\/\/www.correspondentevianopolino.com.br\/site\/wp-json\/wp\/v2\/categories?post=32323"},{"taxonomy":"post_tag","embeddable":true,"href":"https:\/\/www.correspondentevianopolino.com.br\/site\/wp-json\/wp\/v2\/tags?post=32323"}],"curies":[{"name":"wp","href":"https:\/\/api.w.org\/{rel}","templated":true}]}}