{"id":33398,"date":"2018-02-01T10:28:47","date_gmt":"2018-02-01T12:28:47","guid":{"rendered":"http:\/\/www.correspondentevianopolino.com.br\/site\/?p=33398"},"modified":"2018-02-02T09:22:26","modified_gmt":"2018-02-02T11:22:26","slug":"carnaval2018-em-vianopolis-esta-confirmado-prefeito-anunciou-atracoes-do-carnavia","status":"publish","type":"post","link":"https:\/\/www.correspondentevianopolino.com.br\/site\/carnaval2018-em-vianopolis-esta-confirmado-prefeito-anunciou-atracoes-do-carnavia\/","title":{"rendered":"Carnaval de Vian\u00f3polis est\u00e1 confirmado&#8230; Prefeito anunciou atra\u00e7\u00f5es do Carnavia\/2018"},"content":{"rendered":"<p>O prefeito Issy Quinan J\u00fanior anunciou na manh\u00e3 de hoje, 01, que os festejos carnavalescos acontecer\u00e3o a partir do dia 09 de fevereiro, na Avenida Thales Pompeo de Pina. Dessa maneira, est\u00e1 confirmado o Carnavia\/2018 de Vian\u00f3polis.<\/p>\n<p>A festa de rei momo come\u00e7a no dia 9 e ser\u00e1 encerrada no dia 13, com diversas atra\u00e7\u00f5es.<\/p>\n<p><img decoding=\"async\" class=\"alignnone size-full wp-image-33403\" src=\"https:\/\/www.correspondentevianopolino.com.br\/site\/wp-content\/uploads\/2018\/02\/IMG-20180201-WA0052.jpg\" alt=\"IMG-20180201-WA0052\" width=\"476\" height=\"640\" srcset=\"https:\/\/www.correspondentevianopolino.com.br\/site\/wp-content\/uploads\/2018\/02\/IMG-20180201-WA0052.jpg 476w, https:\/\/www.correspondentevianopolino.com.br\/site\/wp-content\/uploads\/2018\/02\/IMG-20180201-WA0052-223x300.jpg 223w\" sizes=\"(max-width: 476px) 100vw, 476px\" \/><\/p>\n","protected":false},"excerpt":{"rendered":"<p>O prefeito Issy Quinan J\u00fanior anunciou na manh\u00e3 de hoje, 01, que os festejos carnavalescos acontecer\u00e3o a partir do dia [&hellip;]<\/p>\n","protected":false},"author":2,"featured_media":33399,"comment_status":"open","ping_status":"closed","sticky":false,"template":"","format":"standard","meta":{"_uag_custom_page_level_css":"","site-sidebar-layout":"default","site-content-layout":"","ast-site-content-layout":"default","site-content-style":"default","site-sidebar-style":"default","ast-global-header-display":"","ast-banner-title-visibility":"","ast-main-header-display":"","ast-hfb-above-header-display":"","ast-hfb-below-header-display":"","ast-hfb-mobile-header-display":"","site-post-title":"","ast-breadcrumbs-content":"","ast-featured-img":"","footer-sml-layout":"","ast-disable-related-posts":"","theme-transparent-header-meta":"","adv-header-id-meta":"","stick-header-meta":"","header-above-stick-meta":"","header-main-stick-meta":"","header-below-stick-meta":"","astra-migrate-meta-layouts":"default","ast-page-background-enabled":"default","ast-page-background-meta":{"desktop":{"background-color":"var(--ast-global-color-4)","background-image":"","background-repeat":"repeat","background-position":"center center","background-size":"auto","background-attachment":"scroll","background-type":"","background-media":"","overlay-type":"","overlay-color":"","overlay-opacity":"","overlay-gradient":""},"tablet":{"background-color":"","background-image":"","background-repeat":"repeat","background-position":"center center","background-size":"auto","background-attachment":"scroll","background-type":"","background-media":"","overlay-type":"","overlay-color":"","overlay-opacity":"","overlay-gradient":""},"mobile":{"background-color":"","background-image":"","background-repeat":"repeat","background-position":"center center","background-size":"auto","background-attachment":"scroll","background-type":"","background-media":"","overlay-type":"","overlay-color":"","overlay-opacity":"","overlay-gradient":""}},"ast-content-background-meta":{"desktop":{"background-color":"var(--ast-global-color-5)","background-image":"","background-repeat":"repeat","background-position":"center center","background-size":"auto","background-attachment":"scroll","background-type":"","background-media":"","overlay-type":"","overlay-color":"","overlay-opacity":"","overlay-gradient":""},"tablet":{"background-color":"var(--ast-global-color-5)","background-image":"","background-repeat":"repeat","background-position":"center center","background-size":"auto","background-attachment":"scroll","background-type":"","background-media":"","overlay-type":"","overlay-color":"","overlay-opacity":"","overlay-gradient":""},"mobile":{"background-color":"var(--ast-global-color-5)","background-image":"","background-repeat":"repeat","background-position":"center center","background-size":"auto","background-attachment":"scroll","background-type":"","background-media":"","overlay-type":"","overlay-color":"","overlay-opacity":"","overlay-gradient":""}},"footnotes":""},"categories":[1],"tags":[],"class_list":["post-33398","post","type-post","status-publish","format-standard","has-post-thumbnail","hentry","category-ultimas"],"uagb_featured_image_src":{"full":["https:\/\/www.correspondentevianopolino.com.br\/site\/wp-content\/uploads\/2018\/02\/IMG-20180201-WA0051.jpg",300,235,false],"thumbnail":["https:\/\/www.correspondentevianopolino.com.br\/site\/wp-content\/uploads\/2018\/02\/IMG-20180201-WA0051-150x150.jpg",150,150,true],"medium":["https:\/\/www.correspondentevianopolino.com.br\/site\/wp-content\/uploads\/2018\/02\/IMG-20180201-WA0051-300x235.jpg",300,235,true],"medium_large":["https:\/\/www.correspondentevianopolino.com.br\/site\/wp-content\/uploads\/2018\/02\/IMG-20180201-WA0051.jpg",300,235,false],"large":["https:\/\/www.correspondentevianopolino.com.br\/site\/wp-content\/uploads\/2018\/02\/IMG-20180201-WA0051.jpg",300,235,false],"1536x1536":["https:\/\/www.correspondentevianopolino.com.br\/site\/wp-content\/uploads\/2018\/02\/IMG-20180201-WA0051.jpg",300,235,false],"2048x2048":["https:\/\/www.correspondentevianopolino.com.br\/site\/wp-content\/uploads\/2018\/02\/IMG-20180201-WA0051.jpg",300,235,false]},"uagb_author_info":{"display_name":"Ol\u00edvio Lemos","author_link":"https:\/\/www.correspondentevianopolino.com.br\/site\/author\/olivio\/"},"uagb_comment_info":41,"uagb_excerpt":"O prefeito Issy Quinan J\u00fanior anunciou na manh\u00e3 de hoje, 01, que os festejos carnavalescos acontecer\u00e3o a partir do dia [&hellip;]","_links":{"self":[{"href":"https:\/\/www.correspondentevianopolino.com.br\/site\/wp-json\/wp\/v2\/posts\/33398","targetHints":{"allow":["GET"]}}],"collection":[{"href":"https:\/\/www.correspondentevianopolino.com.br\/site\/wp-json\/wp\/v2\/posts"}],"about":[{"href":"https:\/\/www.correspondentevianopolino.com.br\/site\/wp-json\/wp\/v2\/types\/post"}],"author":[{"embeddable":true,"href":"https:\/\/www.correspondentevianopolino.com.br\/site\/wp-json\/wp\/v2\/users\/2"}],"replies":[{"embeddable":true,"href":"https:\/\/www.correspondentevianopolino.com.br\/site\/wp-json\/wp\/v2\/comments?post=33398"}],"version-history":[{"count":0,"href":"https:\/\/www.correspondentevianopolino.com.br\/site\/wp-json\/wp\/v2\/posts\/33398\/revisions"}],"wp:featuredmedia":[{"embeddable":true,"href":"https:\/\/www.correspondentevianopolino.com.br\/site\/wp-json\/wp\/v2\/media\/33399"}],"wp:attachment":[{"href":"https:\/\/www.correspondentevianopolino.com.br\/site\/wp-json\/wp\/v2\/media?parent=33398"}],"wp:term":[{"taxonomy":"category","embeddable":true,"href":"https:\/\/www.correspondentevianopolino.com.br\/site\/wp-json\/wp\/v2\/categories?post=33398"},{"taxonomy":"post_tag","embeddable":true,"href":"https:\/\/www.correspondentevianopolino.com.br\/site\/wp-json\/wp\/v2\/tags?post=33398"}],"curies":[{"name":"wp","href":"https:\/\/api.w.org\/{rel}","templated":true}]}}