{"id":33436,"date":"2018-02-02T07:37:26","date_gmt":"2018-02-02T09:37:26","guid":{"rendered":"http:\/\/www.correspondentevianopolino.com.br\/site\/?p=33436"},"modified":"2018-02-02T09:26:00","modified_gmt":"2018-02-02T11:26:00","slug":"alerta-da-secretaria-municipal-do-meio-ambiente-quem-extrair-areiaargila-e-causar-danos-ao-meio-ambiente-respondera-civil-e-criminalmente","status":"publish","type":"post","link":"https:\/\/www.correspondentevianopolino.com.br\/site\/alerta-da-secretaria-municipal-do-meio-ambiente-quem-extrair-areiaargila-e-causar-danos-ao-meio-ambiente-respondera-civil-e-criminalmente\/","title":{"rendered":"Alerta da Secretaria Municipal do Meio Ambiente: Quem extrair areia\/argila e causar danos ao meio ambiente, responder\u00e1 civil e criminalmente"},"content":{"rendered":"<p>Ap\u00f3s a constata\u00e7\u00e3o de danos ambientais em um empreendimento na regi\u00e3o da Fazenda Velha, munic\u00edpio de Vian\u00f3polis, quando tr\u00eas dragas foram fechadas recentemente, a\u00a0 Secretaria Municipal do Meio Ambiente est\u00e1 alertando os propriet\u00e1rios de empreendimentos de extra\u00e7\u00e3o de areia ou argila que observem as condicionantes constantes nas licen\u00e7as ambientais.<\/p>\n<p>De acordo com Dalton de Souza, Fiscal da Secretaria Municipal do Meio Ambiente, o comunicado se faz necess\u00e1rio, a fim de que ningu\u00e9m alegue desconhecer as condicionantes constantes nas licen\u00e7as expedidas pelos \u00f3rg\u00e3os do meio ambiente.<\/p>\n<p>Segundo Dalton, as extra\u00e7\u00f5es n\u00e3o devem ocorrer fora dos limites estabelecidos na licen\u00e7a, nem ocasionar danos \u00e0s \u00e1reas de preserva\u00e7\u00e3o permanente.<\/p>\n<p>As interven\u00e7\u00f5es nessas \u00e1reas somente podem ocorrer se forem autorizadas pelos \u00f3rg\u00e3os do meio ambiente.<\/p>\n<p>O Fiscal Dalton alerta ainda que o empreendimento que for encontrado funcionando sem licen\u00e7a ou em desacordo com as normas estabelecidas pelos \u00f3rg\u00e3os ambientais, al\u00e9m de sofrer pena administrativa de multa, ter\u00e1 o funcionamento suspenso at\u00e9 regulariza\u00e7\u00e3o. Al\u00e9m do mais, os respons\u00e1veis responder\u00e3o civil e criminalmente pelos danos causados ao meio ambiente.<\/p>\n<p>Dalton de Souza lembra, finalmente, que todo empreendimento de extra\u00e7\u00e3o de areia, argila e cascalho deve possuir Alvar\u00e1 Municipal de funcionamento e recolher mensalmente as taxas de extra\u00e7\u00e3o mineral previstas em leis.<\/p>\n","protected":false},"excerpt":{"rendered":"<p>Ap\u00f3s a constata\u00e7\u00e3o de danos ambientais em um empreendimento na regi\u00e3o da Fazenda Velha, munic\u00edpio de Vian\u00f3polis, quando tr\u00eas dragas [&hellip;]<\/p>\n","protected":false},"author":2,"featured_media":33437,"comment_status":"open","ping_status":"closed","sticky":false,"template":"","format":"standard","meta":{"_uag_custom_page_level_css":"","site-sidebar-layout":"default","site-content-layout":"","ast-site-content-layout":"default","site-content-style":"default","site-sidebar-style":"default","ast-global-header-display":"","ast-banner-title-visibility":"","ast-main-header-display":"","ast-hfb-above-header-display":"","ast-hfb-below-header-display":"","ast-hfb-mobile-header-display":"","site-post-title":"","ast-breadcrumbs-content":"","ast-featured-img":"","footer-sml-layout":"","ast-disable-related-posts":"","theme-transparent-header-meta":"","adv-header-id-meta":"","stick-header-meta":"","header-above-stick-meta":"","header-main-stick-meta":"","header-below-stick-meta":"","astra-migrate-meta-layouts":"default","ast-page-background-enabled":"default","ast-page-background-meta":{"desktop":{"background-color":"var(--ast-global-color-4)","background-image":"","background-repeat":"repeat","background-position":"center center","background-size":"auto","background-attachment":"scroll","background-type":"","background-media":"","overlay-type":"","overlay-color":"","overlay-opacity":"","overlay-gradient":""},"tablet":{"background-color":"","background-image":"","background-repeat":"repeat","background-position":"center center","background-size":"auto","background-attachment":"scroll","background-type":"","background-media":"","overlay-type":"","overlay-color":"","overlay-opacity":"","overlay-gradient":""},"mobile":{"background-color":"","background-image":"","background-repeat":"repeat","background-position":"center center","background-size":"auto","background-attachment":"scroll","background-type":"","background-media":"","overlay-type":"","overlay-color":"","overlay-opacity":"","overlay-gradient":""}},"ast-content-background-meta":{"desktop":{"background-color":"var(--ast-global-color-5)","background-image":"","background-repeat":"repeat","background-position":"center center","background-size":"auto","background-attachment":"scroll","background-type":"","background-media":"","overlay-type":"","overlay-color":"","overlay-opacity":"","overlay-gradient":""},"tablet":{"background-color":"var(--ast-global-color-5)","background-image":"","background-repeat":"repeat","background-position":"center center","background-size":"auto","background-attachment":"scroll","background-type":"","background-media":"","overlay-type":"","overlay-color":"","overlay-opacity":"","overlay-gradient":""},"mobile":{"background-color":"var(--ast-global-color-5)","background-image":"","background-repeat":"repeat","background-position":"center center","background-size":"auto","background-attachment":"scroll","background-type":"","background-media":"","overlay-type":"","overlay-color":"","overlay-opacity":"","overlay-gradient":""}},"footnotes":""},"categories":[1],"tags":[],"class_list":["post-33436","post","type-post","status-publish","format-standard","has-post-thumbnail","hentry","category-ultimas"],"uagb_featured_image_src":{"full":["https:\/\/www.correspondentevianopolino.com.br\/site\/wp-content\/uploads\/2018\/02\/IMG-20180126-WA0088.jpg",640,480,false],"thumbnail":["https:\/\/www.correspondentevianopolino.com.br\/site\/wp-content\/uploads\/2018\/02\/IMG-20180126-WA0088-150x150.jpg",150,150,true],"medium":["https:\/\/www.correspondentevianopolino.com.br\/site\/wp-content\/uploads\/2018\/02\/IMG-20180126-WA0088-300x225.jpg",300,225,true],"medium_large":["https:\/\/www.correspondentevianopolino.com.br\/site\/wp-content\/uploads\/2018\/02\/IMG-20180126-WA0088.jpg",640,480,false],"large":["https:\/\/www.correspondentevianopolino.com.br\/site\/wp-content\/uploads\/2018\/02\/IMG-20180126-WA0088.jpg",640,480,false],"1536x1536":["https:\/\/www.correspondentevianopolino.com.br\/site\/wp-content\/uploads\/2018\/02\/IMG-20180126-WA0088.jpg",640,480,false],"2048x2048":["https:\/\/www.correspondentevianopolino.com.br\/site\/wp-content\/uploads\/2018\/02\/IMG-20180126-WA0088.jpg",640,480,false]},"uagb_author_info":{"display_name":"Ol\u00edvio Lemos","author_link":"https:\/\/www.correspondentevianopolino.com.br\/site\/author\/olivio\/"},"uagb_comment_info":0,"uagb_excerpt":"Ap\u00f3s a constata\u00e7\u00e3o de danos ambientais em um empreendimento na regi\u00e3o da Fazenda Velha, munic\u00edpio de Vian\u00f3polis, quando tr\u00eas dragas [&hellip;]","_links":{"self":[{"href":"https:\/\/www.correspondentevianopolino.com.br\/site\/wp-json\/wp\/v2\/posts\/33436","targetHints":{"allow":["GET"]}}],"collection":[{"href":"https:\/\/www.correspondentevianopolino.com.br\/site\/wp-json\/wp\/v2\/posts"}],"about":[{"href":"https:\/\/www.correspondentevianopolino.com.br\/site\/wp-json\/wp\/v2\/types\/post"}],"author":[{"embeddable":true,"href":"https:\/\/www.correspondentevianopolino.com.br\/site\/wp-json\/wp\/v2\/users\/2"}],"replies":[{"embeddable":true,"href":"https:\/\/www.correspondentevianopolino.com.br\/site\/wp-json\/wp\/v2\/comments?post=33436"}],"version-history":[{"count":0,"href":"https:\/\/www.correspondentevianopolino.com.br\/site\/wp-json\/wp\/v2\/posts\/33436\/revisions"}],"wp:featuredmedia":[{"embeddable":true,"href":"https:\/\/www.correspondentevianopolino.com.br\/site\/wp-json\/wp\/v2\/media\/33437"}],"wp:attachment":[{"href":"https:\/\/www.correspondentevianopolino.com.br\/site\/wp-json\/wp\/v2\/media?parent=33436"}],"wp:term":[{"taxonomy":"category","embeddable":true,"href":"https:\/\/www.correspondentevianopolino.com.br\/site\/wp-json\/wp\/v2\/categories?post=33436"},{"taxonomy":"post_tag","embeddable":true,"href":"https:\/\/www.correspondentevianopolino.com.br\/site\/wp-json\/wp\/v2\/tags?post=33436"}],"curies":[{"name":"wp","href":"https:\/\/api.w.org\/{rel}","templated":true}]}}