{"id":33497,"date":"2018-02-03T18:23:16","date_gmt":"2018-02-03T20:23:16","guid":{"rendered":"http:\/\/www.correspondentevianopolino.com.br\/site\/?p=33497"},"modified":"2018-02-05T09:59:57","modified_gmt":"2018-02-05T11:59:57","slug":"jovem-vianopolino-se-forma-em-matematica-pela-ufguniversidade-federal-de-goias","status":"publish","type":"post","link":"https:\/\/www.correspondentevianopolino.com.br\/site\/jovem-vianopolino-se-forma-em-matematica-pela-ufguniversidade-federal-de-goias\/","title":{"rendered":"Jovem vianopolino se forma em Matem\u00e1tica pela UFG (Universidade Federal de Goi\u00e1s)"},"content":{"rendered":"<p>Na \u00faltima sexta-feira, 02, foi realizada em Goi\u00e2nia, a solenidade de cola\u00e7\u00e3o de grau dos formandos em Matem\u00e1tica, turma 2017, da UFG (Universidade Federal de Goi\u00e1s). E um jovem vianopolino est\u00e1 dentre os formandos.<\/p>\n<p><strong>Alexandre de Almeida Xavier, 23 anos de idade, formou-se em Matem\u00e1tica. <\/strong>Ele \u00e9 filho do casal Manoel Xavier da Silva e Terezinha Sans\u00e3o de Almeida Xavier.<\/p>\n<p>Jovem dedicado e estudioso, Alexandre de Almeida Xavier tem um futuro alvissareiro pela frente. Atualmente, ele est\u00e1 fazendo um curso de ver\u00e3o na UNB, na capital federal, tentando uma vaga para seu mestrado.<\/p>\n<p>Parab\u00e9ns aos pais, Manoel e Terezinha, e a voc\u00ea, Alexandre, orgulho para todos n\u00f3s vianopolinos.<\/p>\n<p>Com certeza, muitas e muitas vit\u00f3rias ainda ser\u00e3o conquistas neste seu caminho.<\/p>\n<p><img decoding=\"async\" class=\"alignnone size-full wp-image-33577\" src=\"https:\/\/www.correspondentevianopolino.com.br\/site\/wp-content\/uploads\/2018\/02\/IMG-20180203-WA0076.jpg\" alt=\"IMG-20180203-WA0076\" width=\"480\" height=\"568\" srcset=\"https:\/\/www.correspondentevianopolino.com.br\/site\/wp-content\/uploads\/2018\/02\/IMG-20180203-WA0076.jpg 480w, https:\/\/www.correspondentevianopolino.com.br\/site\/wp-content\/uploads\/2018\/02\/IMG-20180203-WA0076-254x300.jpg 254w\" sizes=\"(max-width: 480px) 100vw, 480px\" \/><\/p>\n<p><img decoding=\"async\" class=\"alignnone size-full wp-image-33578\" src=\"https:\/\/www.correspondentevianopolino.com.br\/site\/wp-content\/uploads\/2018\/02\/IMG-20180203-WA0077.jpg\" alt=\"IMG-20180203-WA0077\" width=\"480\" height=\"586\" srcset=\"https:\/\/www.correspondentevianopolino.com.br\/site\/wp-content\/uploads\/2018\/02\/IMG-20180203-WA0077.jpg 480w, https:\/\/www.correspondentevianopolino.com.br\/site\/wp-content\/uploads\/2018\/02\/IMG-20180203-WA0077-246x300.jpg 246w\" sizes=\"(max-width: 480px) 100vw, 480px\" \/><\/p>\n<p>&nbsp;<\/p>\n<p><img decoding=\"async\" class=\"alignnone size-full wp-image-33502\" src=\"https:\/\/www.correspondentevianopolino.com.br\/site\/wp-content\/uploads\/2018\/02\/IMG-20180203-WA0074.jpg\" alt=\"IMG-20180203-WA0074\" width=\"648\" height=\"733\" srcset=\"https:\/\/www.correspondentevianopolino.com.br\/site\/wp-content\/uploads\/2018\/02\/IMG-20180203-WA0074.jpg 648w, https:\/\/www.correspondentevianopolino.com.br\/site\/wp-content\/uploads\/2018\/02\/IMG-20180203-WA0074-265x300.jpg 265w\" sizes=\"(max-width: 648px) 100vw, 648px\" \/><\/p>\n<p>Nas fotos acima, Alexandre ao lados dos pais, Manoel e Terezinha.<\/p>\n<p>&nbsp;<\/p>\n<p><img decoding=\"async\" class=\"alignnone size-full wp-image-33503\" src=\"https:\/\/www.correspondentevianopolino.com.br\/site\/wp-content\/uploads\/2018\/02\/IMG-20180203-WA0075.jpg\" alt=\"IMG-20180203-WA0075\" width=\"452\" height=\"640\" srcset=\"https:\/\/www.correspondentevianopolino.com.br\/site\/wp-content\/uploads\/2018\/02\/IMG-20180203-WA0075.jpg 452w, https:\/\/www.correspondentevianopolino.com.br\/site\/wp-content\/uploads\/2018\/02\/IMG-20180203-WA0075-212x300.jpg 212w\" sizes=\"(max-width: 452px) 100vw, 452px\" \/><\/p>\n<p>Na foto acima, Alexandre est\u00e1 ao lado de seus irm\u00e3os, <strong>Eduardo de Almeida Xavier<\/strong>, formado em Educa\u00e7\u00e3o F\u00edsica pela UFG, e <strong>Rafael de Almeida Xavier,<\/strong> estudante de Fisioterapia da PUC-GOI\u00c1S.<\/p>\n","protected":false},"excerpt":{"rendered":"<p>Na \u00faltima sexta-feira, 02, foi realizada em Goi\u00e2nia, a solenidade de cola\u00e7\u00e3o de grau dos formandos em Matem\u00e1tica, turma 2017, [&hellip;]<\/p>\n","protected":false},"author":2,"featured_media":33498,"comment_status":"open","ping_status":"closed","sticky":false,"template":"","format":"standard","meta":{"_uag_custom_page_level_css":"","site-sidebar-layout":"default","site-content-layout":"","ast-site-content-layout":"default","site-content-style":"default","site-sidebar-style":"default","ast-global-header-display":"","ast-banner-title-visibility":"","ast-main-header-display":"","ast-hfb-above-header-display":"","ast-hfb-below-header-display":"","ast-hfb-mobile-header-display":"","site-post-title":"","ast-breadcrumbs-content":"","ast-featured-img":"","footer-sml-layout":"","ast-disable-related-posts":"","theme-transparent-header-meta":"","adv-header-id-meta":"","stick-header-meta":"","header-above-stick-meta":"","header-main-stick-meta":"","header-below-stick-meta":"","astra-migrate-meta-layouts":"default","ast-page-background-enabled":"default","ast-page-background-meta":{"desktop":{"background-color":"var(--ast-global-color-4)","background-image":"","background-repeat":"repeat","background-position":"center center","background-size":"auto","background-attachment":"scroll","background-type":"","background-media":"","overlay-type":"","overlay-color":"","overlay-opacity":"","overlay-gradient":""},"tablet":{"background-color":"","background-image":"","background-repeat":"repeat","background-position":"center center","background-size":"auto","background-attachment":"scroll","background-type":"","background-media":"","overlay-type":"","overlay-color":"","overlay-opacity":"","overlay-gradient":""},"mobile":{"background-color":"","background-image":"","background-repeat":"repeat","background-position":"center center","background-size":"auto","background-attachment":"scroll","background-type":"","background-media":"","overlay-type":"","overlay-color":"","overlay-opacity":"","overlay-gradient":""}},"ast-content-background-meta":{"desktop":{"background-color":"var(--ast-global-color-5)","background-image":"","background-repeat":"repeat","background-position":"center center","background-size":"auto","background-attachment":"scroll","background-type":"","background-media":"","overlay-type":"","overlay-color":"","overlay-opacity":"","overlay-gradient":""},"tablet":{"background-color":"var(--ast-global-color-5)","background-image":"","background-repeat":"repeat","background-position":"center center","background-size":"auto","background-attachment":"scroll","background-type":"","background-media":"","overlay-type":"","overlay-color":"","overlay-opacity":"","overlay-gradient":""},"mobile":{"background-color":"var(--ast-global-color-5)","background-image":"","background-repeat":"repeat","background-position":"center center","background-size":"auto","background-attachment":"scroll","background-type":"","background-media":"","overlay-type":"","overlay-color":"","overlay-opacity":"","overlay-gradient":""}},"footnotes":""},"categories":[1],"tags":[],"class_list":["post-33497","post","type-post","status-publish","format-standard","has-post-thumbnail","hentry","category-ultimas"],"uagb_featured_image_src":{"full":["https:\/\/www.correspondentevianopolino.com.br\/site\/wp-content\/uploads\/2018\/02\/27458940_1834282899993584_8042503999783731371_n.jpg",336,336,false],"thumbnail":["https:\/\/www.correspondentevianopolino.com.br\/site\/wp-content\/uploads\/2018\/02\/27458940_1834282899993584_8042503999783731371_n-150x150.jpg",150,150,true],"medium":["https:\/\/www.correspondentevianopolino.com.br\/site\/wp-content\/uploads\/2018\/02\/27458940_1834282899993584_8042503999783731371_n-300x300.jpg",300,300,true],"medium_large":["https:\/\/www.correspondentevianopolino.com.br\/site\/wp-content\/uploads\/2018\/02\/27458940_1834282899993584_8042503999783731371_n.jpg",336,336,false],"large":["https:\/\/www.correspondentevianopolino.com.br\/site\/wp-content\/uploads\/2018\/02\/27458940_1834282899993584_8042503999783731371_n.jpg",336,336,false],"1536x1536":["https:\/\/www.correspondentevianopolino.com.br\/site\/wp-content\/uploads\/2018\/02\/27458940_1834282899993584_8042503999783731371_n.jpg",336,336,false],"2048x2048":["https:\/\/www.correspondentevianopolino.com.br\/site\/wp-content\/uploads\/2018\/02\/27458940_1834282899993584_8042503999783731371_n.jpg",336,336,false]},"uagb_author_info":{"display_name":"Ol\u00edvio Lemos","author_link":"https:\/\/www.correspondentevianopolino.com.br\/site\/author\/olivio\/"},"uagb_comment_info":0,"uagb_excerpt":"Na \u00faltima sexta-feira, 02, foi realizada em Goi\u00e2nia, a solenidade de cola\u00e7\u00e3o de grau dos formandos em Matem\u00e1tica, turma 2017, [&hellip;]","_links":{"self":[{"href":"https:\/\/www.correspondentevianopolino.com.br\/site\/wp-json\/wp\/v2\/posts\/33497","targetHints":{"allow":["GET"]}}],"collection":[{"href":"https:\/\/www.correspondentevianopolino.com.br\/site\/wp-json\/wp\/v2\/posts"}],"about":[{"href":"https:\/\/www.correspondentevianopolino.com.br\/site\/wp-json\/wp\/v2\/types\/post"}],"author":[{"embeddable":true,"href":"https:\/\/www.correspondentevianopolino.com.br\/site\/wp-json\/wp\/v2\/users\/2"}],"replies":[{"embeddable":true,"href":"https:\/\/www.correspondentevianopolino.com.br\/site\/wp-json\/wp\/v2\/comments?post=33497"}],"version-history":[{"count":0,"href":"https:\/\/www.correspondentevianopolino.com.br\/site\/wp-json\/wp\/v2\/posts\/33497\/revisions"}],"wp:featuredmedia":[{"embeddable":true,"href":"https:\/\/www.correspondentevianopolino.com.br\/site\/wp-json\/wp\/v2\/media\/33498"}],"wp:attachment":[{"href":"https:\/\/www.correspondentevianopolino.com.br\/site\/wp-json\/wp\/v2\/media?parent=33497"}],"wp:term":[{"taxonomy":"category","embeddable":true,"href":"https:\/\/www.correspondentevianopolino.com.br\/site\/wp-json\/wp\/v2\/categories?post=33497"},{"taxonomy":"post_tag","embeddable":true,"href":"https:\/\/www.correspondentevianopolino.com.br\/site\/wp-json\/wp\/v2\/tags?post=33497"}],"curies":[{"name":"wp","href":"https:\/\/api.w.org\/{rel}","templated":true}]}}