{"id":33616,"date":"2018-02-05T09:38:10","date_gmt":"2018-02-05T11:38:10","guid":{"rendered":"http:\/\/www.correspondentevianopolino.com.br\/site\/?p=33616"},"modified":"2018-02-05T13:55:28","modified_gmt":"2018-02-05T15:55:28","slug":"correspondente-vianopolino-vai-divulgar-hoje-a-partir-das-11h-lista-dos-aprovados-para-trabalharem-de-merendeiras-e-auxiliares-de-servicos-gerais-nas-escolas-estaduais","status":"publish","type":"post","link":"https:\/\/www.correspondentevianopolino.com.br\/site\/correspondente-vianopolino-vai-divulgar-hoje-a-partir-das-11h-lista-dos-aprovados-para-trabalharem-de-merendeiras-e-auxiliares-de-servicos-gerais-nas-escolas-estaduais\/","title":{"rendered":"Lista dos Aprovados para trabalharem de merendeiras e auxiliares de servi\u00e7os gerais nas escolas estaduais"},"content":{"rendered":"<p>A Coordena\u00e7\u00e3o Regional de Educa\u00e7\u00e3o, Cultura e Esporte de Silv\u00e2nia divulgou na manh\u00e3 de hoje, 05, a rela\u00e7\u00e3o dos aprovados no Processo Seletivo Simplificado que est\u00e1 sendo realizado para o preenchimento de 8 vagas de merendeira e auxiliar de servi\u00e7os gerais que ir\u00e3o trabalhar nas escolas estaduais de Vian\u00f3polis, al\u00e9m de cadastro reserva para vigia.<\/p>\n<p>160 pessoas se inscreverem no processo seletivo.<\/p>\n<p>Alguns aprovados ser\u00e3o convocados para trabalharem j\u00e1 neste m\u00eas, sendo que outros ser\u00e3o convocados em mar\u00e7o.<\/p>\n<p>Para o Cargo de Auxiliar de Servi\u00e7os Gerais foram disponibilizadas 6 vagas.<\/p>\n<p>Tr\u00eas aprovadas ser\u00e3o convocadas neste m\u00eas de<strong> fevereiro e as outras tr\u00eas em mar\u00e7o.<\/strong><\/p>\n<p>As aprovadas para AUXILIAR DE SERVI\u00c7OS GERAIS foram:<\/p>\n<p><strong>JURACI PEREIRA CAMPOS IN\u00c1CIO<\/strong><\/p>\n<p><strong>ABADIA MOREIRA SANCHES<\/strong><\/p>\n<p><strong>L\u00daCIA MARIA ROSA CAIXETA<\/strong><\/p>\n<p><strong>VANDA CORR\u00caA DE ARA\u00daJO RODRIGUES<\/strong><\/p>\n<p><strong>LUCIMAR APARECIDA MACHADO LEMES<\/strong><\/p>\n<p><strong>CL\u00c9IA BUENO DE A. MEIRELES.<\/strong><\/p>\n<p>Os demais inscritos para Auxiliar de Servi\u00e7os Gerais integram o cadastro de reserva.<\/p>\n<p><img decoding=\"async\" class=\"size-full wp-image-33637 aligncenter\" src=\"https:\/\/www.correspondentevianopolino.com.br\/site\/wp-content\/uploads\/2018\/02\/27.jpg\" alt=\"27\" width=\"467\" height=\"640\" srcset=\"https:\/\/www.correspondentevianopolino.com.br\/site\/wp-content\/uploads\/2018\/02\/27.jpg 467w, https:\/\/www.correspondentevianopolino.com.br\/site\/wp-content\/uploads\/2018\/02\/27-219x300.jpg 219w\" sizes=\"(max-width: 467px) 100vw, 467px\" \/> <img decoding=\"async\" class=\"size-full wp-image-33638 aligncenter\" src=\"https:\/\/www.correspondentevianopolino.com.br\/site\/wp-content\/uploads\/2018\/02\/28.jpg\" alt=\"28\" width=\"467\" height=\"640\" srcset=\"https:\/\/www.correspondentevianopolino.com.br\/site\/wp-content\/uploads\/2018\/02\/28.jpg 467w, https:\/\/www.correspondentevianopolino.com.br\/site\/wp-content\/uploads\/2018\/02\/28-219x300.jpg 219w\" sizes=\"(max-width: 467px) 100vw, 467px\" \/> <img decoding=\"async\" class=\"size-full wp-image-33639 aligncenter\" src=\"https:\/\/www.correspondentevianopolino.com.br\/site\/wp-content\/uploads\/2018\/02\/29.jpg\" alt=\"29\" width=\"467\" height=\"640\" srcset=\"https:\/\/www.correspondentevianopolino.com.br\/site\/wp-content\/uploads\/2018\/02\/29.jpg 467w, https:\/\/www.correspondentevianopolino.com.br\/site\/wp-content\/uploads\/2018\/02\/29-219x300.jpg 219w\" sizes=\"(max-width: 467px) 100vw, 467px\" \/> <img decoding=\"async\" class=\"size-full wp-image-33640 aligncenter\" src=\"https:\/\/www.correspondentevianopolino.com.br\/site\/wp-content\/uploads\/2018\/02\/30.jpg\" alt=\"30\" width=\"365\" height=\"230\" srcset=\"https:\/\/www.correspondentevianopolino.com.br\/site\/wp-content\/uploads\/2018\/02\/30.jpg 365w, https:\/\/www.correspondentevianopolino.com.br\/site\/wp-content\/uploads\/2018\/02\/30-300x189.jpg 300w\" sizes=\"(max-width: 365px) 100vw, 365px\" \/><\/p>\n<p>Para o Cargo de Merendeira foram disponibilizadas 2 vagas.<\/p>\n<p>As aprovadas para merendeiras ser\u00e3o <strong>convocadas em mar\u00e7o.<\/strong><\/p>\n<p>As aprovadas para MERENDEIRA foram:<\/p>\n<p><strong>LUZIA VERRIS\u00cdMO DE CASTRO E S\u00cdLVIA REGINA DA SILVA MOREIRA.<\/strong><\/p>\n<p>As demais inscritas para Merendeira integram o cadastro de reserva.<\/p>\n<p><img decoding=\"async\" class=\"size-full wp-image-33641 aligncenter\" src=\"https:\/\/www.correspondentevianopolino.com.br\/site\/wp-content\/uploads\/2018\/02\/25.png\" alt=\"25\" width=\"467\" height=\"640\" srcset=\"https:\/\/www.correspondentevianopolino.com.br\/site\/wp-content\/uploads\/2018\/02\/25.png 467w, https:\/\/www.correspondentevianopolino.com.br\/site\/wp-content\/uploads\/2018\/02\/25-219x300.png 219w\" sizes=\"(max-width: 467px) 100vw, 467px\" \/><\/p>\n<p>Inscritos para vigia cadastro reserva.<\/p>\n<p><img decoding=\"async\" class=\"size-full wp-image-33642 aligncenter\" src=\"https:\/\/www.correspondentevianopolino.com.br\/site\/wp-content\/uploads\/2018\/02\/26.jpg\" alt=\"26\" width=\"467\" height=\"640\" srcset=\"https:\/\/www.correspondentevianopolino.com.br\/site\/wp-content\/uploads\/2018\/02\/26.jpg 467w, https:\/\/www.correspondentevianopolino.com.br\/site\/wp-content\/uploads\/2018\/02\/26-219x300.jpg 219w\" sizes=\"(max-width: 467px) 100vw, 467px\" \/><\/p>\n<p>Maiores informa\u00e7\u00f5es podem ser conseguidas na Coordena\u00e7\u00e3o de Educa\u00e7\u00e3o, Cultura e Esporte de Silv\u00e2nia.<\/p>\n<p>&nbsp;<\/p>\n<p>&nbsp;<\/p>\n<p>&nbsp;<\/p>\n<p>&nbsp;<\/p>\n<p>&nbsp;<\/p>\n<p>&nbsp;<\/p>\n","protected":false},"excerpt":{"rendered":"<p>A Coordena\u00e7\u00e3o Regional de Educa\u00e7\u00e3o, Cultura e Esporte de Silv\u00e2nia divulgou na manh\u00e3 de hoje, 05, a rela\u00e7\u00e3o dos aprovados [&hellip;]<\/p>\n","protected":false},"author":2,"featured_media":33382,"comment_status":"open","ping_status":"closed","sticky":false,"template":"","format":"standard","meta":{"_uag_custom_page_level_css":"","site-sidebar-layout":"default","site-content-layout":"","ast-site-content-layout":"default","site-content-style":"default","site-sidebar-style":"default","ast-global-header-display":"","ast-banner-title-visibility":"","ast-main-header-display":"","ast-hfb-above-header-display":"","ast-hfb-below-header-display":"","ast-hfb-mobile-header-display":"","site-post-title":"","ast-breadcrumbs-content":"","ast-featured-img":"","footer-sml-layout":"","ast-disable-related-posts":"","theme-transparent-header-meta":"","adv-header-id-meta":"","stick-header-meta":"","header-above-stick-meta":"","header-main-stick-meta":"","header-below-stick-meta":"","astra-migrate-meta-layouts":"default","ast-page-background-enabled":"default","ast-page-background-meta":{"desktop":{"background-color":"var(--ast-global-color-4)","background-image":"","background-repeat":"repeat","background-position":"center center","background-size":"auto","background-attachment":"scroll","background-type":"","background-media":"","overlay-type":"","overlay-color":"","overlay-opacity":"","overlay-gradient":""},"tablet":{"background-color":"","background-image":"","background-repeat":"repeat","background-position":"center center","background-size":"auto","background-attachment":"scroll","background-type":"","background-media":"","overlay-type":"","overlay-color":"","overlay-opacity":"","overlay-gradient":""},"mobile":{"background-color":"","background-image":"","background-repeat":"repeat","background-position":"center center","background-size":"auto","background-attachment":"scroll","background-type":"","background-media":"","overlay-type":"","overlay-color":"","overlay-opacity":"","overlay-gradient":""}},"ast-content-background-meta":{"desktop":{"background-color":"var(--ast-global-color-5)","background-image":"","background-repeat":"repeat","background-position":"center center","background-size":"auto","background-attachment":"scroll","background-type":"","background-media":"","overlay-type":"","overlay-color":"","overlay-opacity":"","overlay-gradient":""},"tablet":{"background-color":"var(--ast-global-color-5)","background-image":"","background-repeat":"repeat","background-position":"center center","background-size":"auto","background-attachment":"scroll","background-type":"","background-media":"","overlay-type":"","overlay-color":"","overlay-opacity":"","overlay-gradient":""},"mobile":{"background-color":"var(--ast-global-color-5)","background-image":"","background-repeat":"repeat","background-position":"center center","background-size":"auto","background-attachment":"scroll","background-type":"","background-media":"","overlay-type":"","overlay-color":"","overlay-opacity":"","overlay-gradient":""}},"footnotes":""},"categories":[1],"tags":[],"class_list":["post-33616","post","type-post","status-publish","format-standard","has-post-thumbnail","hentry","category-ultimas"],"uagb_featured_image_src":{"full":["https:\/\/www.correspondentevianopolino.com.br\/site\/wp-content\/uploads\/2018\/02\/veja-a-lista-dos-candidatos-aprovados-na-selecao-da-prefeitura-de-inaja-HrOVgt.jpg",282,146,false],"thumbnail":["https:\/\/www.correspondentevianopolino.com.br\/site\/wp-content\/uploads\/2018\/02\/veja-a-lista-dos-candidatos-aprovados-na-selecao-da-prefeitura-de-inaja-HrOVgt-150x146.jpg",150,146,true],"medium":["https:\/\/www.correspondentevianopolino.com.br\/site\/wp-content\/uploads\/2018\/02\/veja-a-lista-dos-candidatos-aprovados-na-selecao-da-prefeitura-de-inaja-HrOVgt.jpg",282,146,false],"medium_large":["https:\/\/www.correspondentevianopolino.com.br\/site\/wp-content\/uploads\/2018\/02\/veja-a-lista-dos-candidatos-aprovados-na-selecao-da-prefeitura-de-inaja-HrOVgt.jpg",282,146,false],"large":["https:\/\/www.correspondentevianopolino.com.br\/site\/wp-content\/uploads\/2018\/02\/veja-a-lista-dos-candidatos-aprovados-na-selecao-da-prefeitura-de-inaja-HrOVgt.jpg",282,146,false],"1536x1536":["https:\/\/www.correspondentevianopolino.com.br\/site\/wp-content\/uploads\/2018\/02\/veja-a-lista-dos-candidatos-aprovados-na-selecao-da-prefeitura-de-inaja-HrOVgt.jpg",282,146,false],"2048x2048":["https:\/\/www.correspondentevianopolino.com.br\/site\/wp-content\/uploads\/2018\/02\/veja-a-lista-dos-candidatos-aprovados-na-selecao-da-prefeitura-de-inaja-HrOVgt.jpg",282,146,false]},"uagb_author_info":{"display_name":"Ol\u00edvio Lemos","author_link":"https:\/\/www.correspondentevianopolino.com.br\/site\/author\/olivio\/"},"uagb_comment_info":0,"uagb_excerpt":"A Coordena\u00e7\u00e3o Regional de Educa\u00e7\u00e3o, Cultura e Esporte de Silv\u00e2nia divulgou na manh\u00e3 de hoje, 05, a rela\u00e7\u00e3o dos aprovados [&hellip;]","_links":{"self":[{"href":"https:\/\/www.correspondentevianopolino.com.br\/site\/wp-json\/wp\/v2\/posts\/33616","targetHints":{"allow":["GET"]}}],"collection":[{"href":"https:\/\/www.correspondentevianopolino.com.br\/site\/wp-json\/wp\/v2\/posts"}],"about":[{"href":"https:\/\/www.correspondentevianopolino.com.br\/site\/wp-json\/wp\/v2\/types\/post"}],"author":[{"embeddable":true,"href":"https:\/\/www.correspondentevianopolino.com.br\/site\/wp-json\/wp\/v2\/users\/2"}],"replies":[{"embeddable":true,"href":"https:\/\/www.correspondentevianopolino.com.br\/site\/wp-json\/wp\/v2\/comments?post=33616"}],"version-history":[{"count":0,"href":"https:\/\/www.correspondentevianopolino.com.br\/site\/wp-json\/wp\/v2\/posts\/33616\/revisions"}],"wp:featuredmedia":[{"embeddable":true,"href":"https:\/\/www.correspondentevianopolino.com.br\/site\/wp-json\/wp\/v2\/media\/33382"}],"wp:attachment":[{"href":"https:\/\/www.correspondentevianopolino.com.br\/site\/wp-json\/wp\/v2\/media?parent=33616"}],"wp:term":[{"taxonomy":"category","embeddable":true,"href":"https:\/\/www.correspondentevianopolino.com.br\/site\/wp-json\/wp\/v2\/categories?post=33616"},{"taxonomy":"post_tag","embeddable":true,"href":"https:\/\/www.correspondentevianopolino.com.br\/site\/wp-json\/wp\/v2\/tags?post=33616"}],"curies":[{"name":"wp","href":"https:\/\/api.w.org\/{rel}","templated":true}]}}