{"id":33653,"date":"2018-02-05T06:17:27","date_gmt":"2018-02-05T08:17:27","guid":{"rendered":"http:\/\/www.correspondentevianopolino.com.br\/site\/?p=33653"},"modified":"2018-02-10T20:14:42","modified_gmt":"2018-02-10T22:14:42","slug":"dia-d-contra-a-dengue-acontecera-na-proxima-sexta-feira-09-todos-moradores-estao-convocados","status":"publish","type":"post","link":"https:\/\/www.correspondentevianopolino.com.br\/site\/dia-d-contra-a-dengue-acontecera-na-proxima-sexta-feira-09-todos-moradores-estao-convocados\/","title":{"rendered":"Dia D contra a Dengue acontecer\u00e1  na Sexta-Feira, 09&#8230;Todos moradores est\u00e3o convocados"},"content":{"rendered":"<p>A Prefeitura de Vian\u00f3polis, atrav\u00e9s da Secretaria de Sa\u00fade, promover\u00e1\u00a0 na pr\u00f3xima Sexta-Feira 09, Dia D de combate a Dengue, como acontece todos os meses em nosso munic\u00edpio.<\/p>\n<p>O objetivo \u00e9 intensificar a busca pelos focos do mosquito Aedes Aegypti.<\/p>\n<p>Os servidores da Secretaria de Sa\u00fade e de outras secretarias iniciar\u00e3o seus trabalhos a partir das 7h de sexta-feira, 09, saindo do NASF, que fica na Rua Jo\u00e3o Corr\u00eaa Bittencourt, Centro de nossa cidade.<\/p>\n<p>Durante a for\u00e7a tarefa da pr\u00f3xima sexta-feira, servidores da municipalidade v\u00e3o averiguar quintais, pra\u00e7as, lixeiras e vias p\u00fablicas, al\u00e9m de distribu\u00edrem panfletos e orientar os moradores, principais atores na luta contra a dengue e outras doen\u00e7as, uma vez que o mosquito vive dentro de nossas casas.<\/p>\n<p>E para n\u00e3o permitir que nossos familiares sejam alvo do mosquito da dengue, fa\u00e7a sempre uma checagem em sua resid\u00eancia, evitando o surgimento de focos do Aedes Aegypti.<\/p>\n<p><strong>No dia D de combate \u00e0 dengue, os moradores devem colaborar com o trabalho que ser\u00e1 realizado pelos servidores da municipalidade. <\/strong>Receba-os bem e seja, voc\u00ea, mais um soldado na guerra contra o Aedes Aegypti.<\/p>\n","protected":false},"excerpt":{"rendered":"<p>A Prefeitura de Vian\u00f3polis, atrav\u00e9s da Secretaria de Sa\u00fade, promover\u00e1\u00a0 na pr\u00f3xima Sexta-Feira 09, Dia D de combate a Dengue, [&hellip;]<\/p>\n","protected":false},"author":2,"featured_media":33655,"comment_status":"open","ping_status":"closed","sticky":false,"template":"","format":"standard","meta":{"_uag_custom_page_level_css":"","site-sidebar-layout":"default","site-content-layout":"","ast-site-content-layout":"default","site-content-style":"default","site-sidebar-style":"default","ast-global-header-display":"","ast-banner-title-visibility":"","ast-main-header-display":"","ast-hfb-above-header-display":"","ast-hfb-below-header-display":"","ast-hfb-mobile-header-display":"","site-post-title":"","ast-breadcrumbs-content":"","ast-featured-img":"","footer-sml-layout":"","ast-disable-related-posts":"","theme-transparent-header-meta":"","adv-header-id-meta":"","stick-header-meta":"","header-above-stick-meta":"","header-main-stick-meta":"","header-below-stick-meta":"","astra-migrate-meta-layouts":"default","ast-page-background-enabled":"default","ast-page-background-meta":{"desktop":{"background-color":"var(--ast-global-color-4)","background-image":"","background-repeat":"repeat","background-position":"center center","background-size":"auto","background-attachment":"scroll","background-type":"","background-media":"","overlay-type":"","overlay-color":"","overlay-opacity":"","overlay-gradient":""},"tablet":{"background-color":"","background-image":"","background-repeat":"repeat","background-position":"center center","background-size":"auto","background-attachment":"scroll","background-type":"","background-media":"","overlay-type":"","overlay-color":"","overlay-opacity":"","overlay-gradient":""},"mobile":{"background-color":"","background-image":"","background-repeat":"repeat","background-position":"center center","background-size":"auto","background-attachment":"scroll","background-type":"","background-media":"","overlay-type":"","overlay-color":"","overlay-opacity":"","overlay-gradient":""}},"ast-content-background-meta":{"desktop":{"background-color":"var(--ast-global-color-5)","background-image":"","background-repeat":"repeat","background-position":"center center","background-size":"auto","background-attachment":"scroll","background-type":"","background-media":"","overlay-type":"","overlay-color":"","overlay-opacity":"","overlay-gradient":""},"tablet":{"background-color":"var(--ast-global-color-5)","background-image":"","background-repeat":"repeat","background-position":"center center","background-size":"auto","background-attachment":"scroll","background-type":"","background-media":"","overlay-type":"","overlay-color":"","overlay-opacity":"","overlay-gradient":""},"mobile":{"background-color":"var(--ast-global-color-5)","background-image":"","background-repeat":"repeat","background-position":"center center","background-size":"auto","background-attachment":"scroll","background-type":"","background-media":"","overlay-type":"","overlay-color":"","overlay-opacity":"","overlay-gradient":""}},"footnotes":""},"categories":[1],"tags":[],"class_list":["post-33653","post","type-post","status-publish","format-standard","has-post-thumbnail","hentry","category-ultimas"],"uagb_featured_image_src":{"full":["https:\/\/www.correspondentevianopolino.com.br\/site\/wp-content\/uploads\/2018\/02\/Dengue-2015.jpg",262,235,false],"thumbnail":["https:\/\/www.correspondentevianopolino.com.br\/site\/wp-content\/uploads\/2018\/02\/Dengue-2015-150x150.jpg",150,150,true],"medium":["https:\/\/www.correspondentevianopolino.com.br\/site\/wp-content\/uploads\/2018\/02\/Dengue-2015.jpg",262,235,false],"medium_large":["https:\/\/www.correspondentevianopolino.com.br\/site\/wp-content\/uploads\/2018\/02\/Dengue-2015.jpg",262,235,false],"large":["https:\/\/www.correspondentevianopolino.com.br\/site\/wp-content\/uploads\/2018\/02\/Dengue-2015.jpg",262,235,false],"1536x1536":["https:\/\/www.correspondentevianopolino.com.br\/site\/wp-content\/uploads\/2018\/02\/Dengue-2015.jpg",262,235,false],"2048x2048":["https:\/\/www.correspondentevianopolino.com.br\/site\/wp-content\/uploads\/2018\/02\/Dengue-2015.jpg",262,235,false]},"uagb_author_info":{"display_name":"Ol\u00edvio Lemos","author_link":"https:\/\/www.correspondentevianopolino.com.br\/site\/author\/olivio\/"},"uagb_comment_info":0,"uagb_excerpt":"A Prefeitura de Vian\u00f3polis, atrav\u00e9s da Secretaria de Sa\u00fade, promover\u00e1\u00a0 na pr\u00f3xima Sexta-Feira 09, Dia D de combate a Dengue, [&hellip;]","_links":{"self":[{"href":"https:\/\/www.correspondentevianopolino.com.br\/site\/wp-json\/wp\/v2\/posts\/33653","targetHints":{"allow":["GET"]}}],"collection":[{"href":"https:\/\/www.correspondentevianopolino.com.br\/site\/wp-json\/wp\/v2\/posts"}],"about":[{"href":"https:\/\/www.correspondentevianopolino.com.br\/site\/wp-json\/wp\/v2\/types\/post"}],"author":[{"embeddable":true,"href":"https:\/\/www.correspondentevianopolino.com.br\/site\/wp-json\/wp\/v2\/users\/2"}],"replies":[{"embeddable":true,"href":"https:\/\/www.correspondentevianopolino.com.br\/site\/wp-json\/wp\/v2\/comments?post=33653"}],"version-history":[{"count":0,"href":"https:\/\/www.correspondentevianopolino.com.br\/site\/wp-json\/wp\/v2\/posts\/33653\/revisions"}],"wp:featuredmedia":[{"embeddable":true,"href":"https:\/\/www.correspondentevianopolino.com.br\/site\/wp-json\/wp\/v2\/media\/33655"}],"wp:attachment":[{"href":"https:\/\/www.correspondentevianopolino.com.br\/site\/wp-json\/wp\/v2\/media?parent=33653"}],"wp:term":[{"taxonomy":"category","embeddable":true,"href":"https:\/\/www.correspondentevianopolino.com.br\/site\/wp-json\/wp\/v2\/categories?post=33653"},{"taxonomy":"post_tag","embeddable":true,"href":"https:\/\/www.correspondentevianopolino.com.br\/site\/wp-json\/wp\/v2\/tags?post=33653"}],"curies":[{"name":"wp","href":"https:\/\/api.w.org\/{rel}","templated":true}]}}