{"id":33660,"date":"2018-02-06T16:17:00","date_gmt":"2018-02-06T18:17:00","guid":{"rendered":"http:\/\/www.correspondentevianopolino.com.br\/site\/?p=33660"},"modified":"2018-02-08T17:33:21","modified_gmt":"2018-02-08T19:33:21","slug":"quatro-detentos-fugiram-da-unidade-prisional-de-vianopolis-na-tarde-desta-terca-feira-06","status":"publish","type":"post","link":"https:\/\/www.correspondentevianopolino.com.br\/site\/quatro-detentos-fugiram-da-unidade-prisional-de-vianopolis-na-tarde-desta-terca-feira-06\/","title":{"rendered":"Quatro detentos fugiram da Unidade Prisional de Vian\u00f3polis na tarde desta ter\u00e7a-feira, 06"},"content":{"rendered":"<p>&nbsp;<\/p>\n<p>Quatro detentos fugiram da Unidade Prisional de Vian\u00f3polis pouco antes das 16h desta ter\u00e7a-feira, 06.<\/p>\n<p>Os detentos serraram as grades da \u00e1rea de banho de sol, pularam o muro do pr\u00e9dio e correram para o lado da Rua Jo\u00e3o Corr\u00eaa Bittencourt, onde entraram em um ve\u00edculo HB-20, de cor branca, placas ONS 9634 de An\u00e1polis, provavelmente clonadas.<\/p>\n<p>Os quatro fugitivos s\u00e3o:<\/p>\n<p><strong>Dami\u00e3o Jos\u00e9 da Silva Filho de 25 anos de idade;<\/strong><\/p>\n<p><strong>Romualdo D\u00e1rio de Abreu de 30 anos de idade;<\/strong><\/p>\n<p><strong>Marco T\u00falio Carvalho Silva de 23 anos de idade e Marcelo Henrique da Silva de 22 anos de idade.<\/strong><\/p>\n<p>Os detentos Dami\u00e3o e Marco T\u00falio tamb\u00e9m fugiram na fuga ocorrida em 15 de outubro de 2015, quando diversos presos renderam agentes penitenci\u00e1rios e fugiram da Unidade Prisional de Vian\u00f3polis.<\/p>\n<p>A Diretoria Geral de Administra\u00e7\u00e3o Penitenci\u00e1ria informou foi aberta sindic\u00e2ncia para apurar as circunst\u00e2ncias da fuga.<\/p>\n<p>Quem passa em frente a Unidade Prisional visualiza a cerca do alarme danificada, por onde os ladr\u00f5es passaram para ganhar a liberdade(FOTO ABAIXO).<\/p>\n<p>At\u00e9\u00a0 o fechamento desta mat\u00e9ria, nenhum dos fugitivos havia sido recapturado.<\/p>\n<p><strong><img decoding=\"async\" class=\"alignnone size-full wp-image-33666\" src=\"https:\/\/www.correspondentevianopolino.com.br\/site\/wp-content\/uploads\/2018\/02\/20180206_170339.jpg\" alt=\"20180206_170339\" width=\"304\" height=\"358\" srcset=\"https:\/\/www.correspondentevianopolino.com.br\/site\/wp-content\/uploads\/2018\/02\/20180206_170339.jpg 304w, https:\/\/www.correspondentevianopolino.com.br\/site\/wp-content\/uploads\/2018\/02\/20180206_170339-255x300.jpg 255w\" sizes=\"(max-width: 304px) 100vw, 304px\" \/><\/strong><\/p>\n<p><strong>DAMI\u00c3O JOS\u00c9 DA SILVA FILHO<\/strong><\/p>\n<p><img decoding=\"async\" class=\"alignnone size-full wp-image-33667\" src=\"https:\/\/www.correspondentevianopolino.com.br\/site\/wp-content\/uploads\/2018\/02\/20180206_170439.jpg\" alt=\"20180206_170439\" width=\"235\" height=\"246\" \/><\/p>\n<p><strong>MARCO T\u00daLIO CARVALHO SILVA<\/strong><\/p>\n<p><img decoding=\"async\" class=\"alignnone size-full wp-image-33668\" src=\"https:\/\/www.correspondentevianopolino.com.br\/site\/wp-content\/uploads\/2018\/02\/20180206_170510.jpg\" alt=\"20180206_170510\" width=\"235\" height=\"305\" srcset=\"https:\/\/www.correspondentevianopolino.com.br\/site\/wp-content\/uploads\/2018\/02\/20180206_170510.jpg 235w, https:\/\/www.correspondentevianopolino.com.br\/site\/wp-content\/uploads\/2018\/02\/20180206_170510-231x300.jpg 231w\" sizes=\"(max-width: 235px) 100vw, 235px\" \/><\/p>\n<p><strong>ROMUALDO D\u00c1RIO DE ABREU<\/strong><\/p>\n<p><img decoding=\"async\" class=\"alignnone size-full wp-image-33669\" src=\"https:\/\/www.correspondentevianopolino.com.br\/site\/wp-content\/uploads\/2018\/02\/IMG-20180206-WA0058.jpg\" alt=\"IMG-20180206-WA0058\" width=\"338\" height=\"471\" srcset=\"https:\/\/www.correspondentevianopolino.com.br\/site\/wp-content\/uploads\/2018\/02\/IMG-20180206-WA0058.jpg 338w, https:\/\/www.correspondentevianopolino.com.br\/site\/wp-content\/uploads\/2018\/02\/IMG-20180206-WA0058-215x300.jpg 215w\" sizes=\"(max-width: 338px) 100vw, 338px\" \/><\/p>\n<p><strong>MARCELO HENRIQUE DA SILVA<\/strong><\/p>\n<p>&nbsp;<\/p>\n<p><img decoding=\"async\" class=\"alignnone size-full wp-image-33671\" src=\"https:\/\/www.correspondentevianopolino.com.br\/site\/wp-content\/uploads\/2018\/02\/PhotoGrid_1517977141870.jpg\" alt=\"PhotoGrid_1517977141870\" width=\"480\" height=\"480\" srcset=\"https:\/\/www.correspondentevianopolino.com.br\/site\/wp-content\/uploads\/2018\/02\/PhotoGrid_1517977141870.jpg 480w, https:\/\/www.correspondentevianopolino.com.br\/site\/wp-content\/uploads\/2018\/02\/PhotoGrid_1517977141870-150x150.jpg 150w, https:\/\/www.correspondentevianopolino.com.br\/site\/wp-content\/uploads\/2018\/02\/PhotoGrid_1517977141870-300x300.jpg 300w\" sizes=\"(max-width: 480px) 100vw, 480px\" \/><\/p>\n<p><img decoding=\"async\" class=\"alignnone size-full wp-image-33676\" src=\"https:\/\/www.correspondentevianopolino.com.br\/site\/wp-content\/uploads\/2018\/02\/09AC14E7-B000-4F1F-8DB8-53F1DE1D9198.jpeg\" alt=\"09AC14E7-B000-4F1F-8DB8-53F1DE1D9198\" width=\"1280\" height=\"714\" srcset=\"https:\/\/www.correspondentevianopolino.com.br\/site\/wp-content\/uploads\/2018\/02\/09AC14E7-B000-4F1F-8DB8-53F1DE1D9198.jpeg 1280w, https:\/\/www.correspondentevianopolino.com.br\/site\/wp-content\/uploads\/2018\/02\/09AC14E7-B000-4F1F-8DB8-53F1DE1D9198-300x167.jpeg 300w, https:\/\/www.correspondentevianopolino.com.br\/site\/wp-content\/uploads\/2018\/02\/09AC14E7-B000-4F1F-8DB8-53F1DE1D9198-768x428.jpeg 768w, https:\/\/www.correspondentevianopolino.com.br\/site\/wp-content\/uploads\/2018\/02\/09AC14E7-B000-4F1F-8DB8-53F1DE1D9198-1024x571.jpeg 1024w, https:\/\/www.correspondentevianopolino.com.br\/site\/wp-content\/uploads\/2018\/02\/09AC14E7-B000-4F1F-8DB8-53F1DE1D9198-800x445.jpeg 800w\" sizes=\"(max-width: 1280px) 100vw, 1280px\" \/><\/p>\n<p><strong>CARRO USADO NA FUGA DOS DETENTOS<\/strong><\/p>\n<figure id=\"attachment_33691\" aria-describedby=\"caption-attachment-33691\" style=\"width: 640px\" class=\"wp-caption alignnone\"><img decoding=\"async\" class=\"size-full wp-image-33691\" src=\"https:\/\/www.correspondentevianopolino.com.br\/site\/wp-content\/uploads\/2018\/02\/DSC_0401.jpg\" alt=\"????????????????????????????????????\" width=\"640\" height=\"427\" srcset=\"https:\/\/www.correspondentevianopolino.com.br\/site\/wp-content\/uploads\/2018\/02\/DSC_0401.jpg 640w, https:\/\/www.correspondentevianopolino.com.br\/site\/wp-content\/uploads\/2018\/02\/DSC_0401-300x200.jpg 300w\" sizes=\"(max-width: 640px) 100vw, 640px\" \/><figcaption id=\"caption-attachment-33691\" class=\"wp-caption-text\"><strong>CERCA DANIFICADA E POR ONDE OS LADR\u00d5ES PULARAM O MURO.<\/strong><\/figcaption><\/figure>\n<p>&nbsp;<\/p>\n<p>EM BREVE, MAIS DETALHES.<\/p>\n<p>&nbsp;<\/p>\n","protected":false},"excerpt":{"rendered":"<p>&nbsp; Quatro detentos fugiram da Unidade Prisional de Vian\u00f3polis pouco antes das 16h desta ter\u00e7a-feira, 06. Os detentos serraram as [&hellip;]<\/p>\n","protected":false},"author":2,"featured_media":33675,"comment_status":"open","ping_status":"closed","sticky":false,"template":"","format":"standard","meta":{"_uag_custom_page_level_css":"","site-sidebar-layout":"default","site-content-layout":"","ast-site-content-layout":"default","site-content-style":"default","site-sidebar-style":"default","ast-global-header-display":"","ast-banner-title-visibility":"","ast-main-header-display":"","ast-hfb-above-header-display":"","ast-hfb-below-header-display":"","ast-hfb-mobile-header-display":"","site-post-title":"","ast-breadcrumbs-content":"","ast-featured-img":"","footer-sml-layout":"","ast-disable-related-posts":"","theme-transparent-header-meta":"","adv-header-id-meta":"","stick-header-meta":"","header-above-stick-meta":"","header-main-stick-meta":"","header-below-stick-meta":"","astra-migrate-meta-layouts":"default","ast-page-background-enabled":"default","ast-page-background-meta":{"desktop":{"background-color":"var(--ast-global-color-4)","background-image":"","background-repeat":"repeat","background-position":"center center","background-size":"auto","background-attachment":"scroll","background-type":"","background-media":"","overlay-type":"","overlay-color":"","overlay-opacity":"","overlay-gradient":""},"tablet":{"background-color":"","background-image":"","background-repeat":"repeat","background-position":"center center","background-size":"auto","background-attachment":"scroll","background-type":"","background-media":"","overlay-type":"","overlay-color":"","overlay-opacity":"","overlay-gradient":""},"mobile":{"background-color":"","background-image":"","background-repeat":"repeat","background-position":"center center","background-size":"auto","background-attachment":"scroll","background-type":"","background-media":"","overlay-type":"","overlay-color":"","overlay-opacity":"","overlay-gradient":""}},"ast-content-background-meta":{"desktop":{"background-color":"var(--ast-global-color-5)","background-image":"","background-repeat":"repeat","background-position":"center center","background-size":"auto","background-attachment":"scroll","background-type":"","background-media":"","overlay-type":"","overlay-color":"","overlay-opacity":"","overlay-gradient":""},"tablet":{"background-color":"var(--ast-global-color-5)","background-image":"","background-repeat":"repeat","background-position":"center center","background-size":"auto","background-attachment":"scroll","background-type":"","background-media":"","overlay-type":"","overlay-color":"","overlay-opacity":"","overlay-gradient":""},"mobile":{"background-color":"var(--ast-global-color-5)","background-image":"","background-repeat":"repeat","background-position":"center center","background-size":"auto","background-attachment":"scroll","background-type":"","background-media":"","overlay-type":"","overlay-color":"","overlay-opacity":"","overlay-gradient":""}},"footnotes":""},"categories":[1],"tags":[],"class_list":["post-33660","post","type-post","status-publish","format-standard","has-post-thumbnail","hentry","category-ultimas"],"uagb_featured_image_src":{"full":["https:\/\/www.correspondentevianopolino.com.br\/site\/wp-content\/uploads\/2018\/02\/PhotoGrid_1517977141870-2.jpg",336,336,false],"thumbnail":["https:\/\/www.correspondentevianopolino.com.br\/site\/wp-content\/uploads\/2018\/02\/PhotoGrid_1517977141870-2-150x150.jpg",150,150,true],"medium":["https:\/\/www.correspondentevianopolino.com.br\/site\/wp-content\/uploads\/2018\/02\/PhotoGrid_1517977141870-2-300x300.jpg",300,300,true],"medium_large":["https:\/\/www.correspondentevianopolino.com.br\/site\/wp-content\/uploads\/2018\/02\/PhotoGrid_1517977141870-2.jpg",336,336,false],"large":["https:\/\/www.correspondentevianopolino.com.br\/site\/wp-content\/uploads\/2018\/02\/PhotoGrid_1517977141870-2.jpg",336,336,false],"1536x1536":["https:\/\/www.correspondentevianopolino.com.br\/site\/wp-content\/uploads\/2018\/02\/PhotoGrid_1517977141870-2.jpg",336,336,false],"2048x2048":["https:\/\/www.correspondentevianopolino.com.br\/site\/wp-content\/uploads\/2018\/02\/PhotoGrid_1517977141870-2.jpg",336,336,false]},"uagb_author_info":{"display_name":"Ol\u00edvio Lemos","author_link":"https:\/\/www.correspondentevianopolino.com.br\/site\/author\/olivio\/"},"uagb_comment_info":8,"uagb_excerpt":"&nbsp; Quatro detentos fugiram da Unidade Prisional de Vian\u00f3polis pouco antes das 16h desta ter\u00e7a-feira, 06. Os detentos serraram as [&hellip;]","_links":{"self":[{"href":"https:\/\/www.correspondentevianopolino.com.br\/site\/wp-json\/wp\/v2\/posts\/33660","targetHints":{"allow":["GET"]}}],"collection":[{"href":"https:\/\/www.correspondentevianopolino.com.br\/site\/wp-json\/wp\/v2\/posts"}],"about":[{"href":"https:\/\/www.correspondentevianopolino.com.br\/site\/wp-json\/wp\/v2\/types\/post"}],"author":[{"embeddable":true,"href":"https:\/\/www.correspondentevianopolino.com.br\/site\/wp-json\/wp\/v2\/users\/2"}],"replies":[{"embeddable":true,"href":"https:\/\/www.correspondentevianopolino.com.br\/site\/wp-json\/wp\/v2\/comments?post=33660"}],"version-history":[{"count":0,"href":"https:\/\/www.correspondentevianopolino.com.br\/site\/wp-json\/wp\/v2\/posts\/33660\/revisions"}],"wp:featuredmedia":[{"embeddable":true,"href":"https:\/\/www.correspondentevianopolino.com.br\/site\/wp-json\/wp\/v2\/media\/33675"}],"wp:attachment":[{"href":"https:\/\/www.correspondentevianopolino.com.br\/site\/wp-json\/wp\/v2\/media?parent=33660"}],"wp:term":[{"taxonomy":"category","embeddable":true,"href":"https:\/\/www.correspondentevianopolino.com.br\/site\/wp-json\/wp\/v2\/categories?post=33660"},{"taxonomy":"post_tag","embeddable":true,"href":"https:\/\/www.correspondentevianopolino.com.br\/site\/wp-json\/wp\/v2\/tags?post=33660"}],"curies":[{"name":"wp","href":"https:\/\/api.w.org\/{rel}","templated":true}]}}