{"id":33708,"date":"2018-02-07T13:24:23","date_gmt":"2018-02-07T15:24:23","guid":{"rendered":"http:\/\/www.correspondentevianopolino.com.br\/site\/?p=33708"},"modified":"2018-02-08T09:11:12","modified_gmt":"2018-02-08T11:11:12","slug":"juiza-de-vianopolis-atribui-fuga-de-presos-da-unidade-prisional-a-omissao-do-estado-de-goias","status":"publish","type":"post","link":"https:\/\/www.correspondentevianopolino.com.br\/site\/juiza-de-vianopolis-atribui-fuga-de-presos-da-unidade-prisional-a-omissao-do-estado-de-goias\/","title":{"rendered":"Ju\u00edza de Vian\u00f3polis atribui fuga de presos da Unidade Prisional a omiss\u00e3o do Estado de Goi\u00e1s"},"content":{"rendered":"<p>Entrevistada por nossa reportagem, a Ju\u00edza de Vian\u00f3polis, Marli de F\u00e1tima Naves, deu mais detalhes sobre a fuga dos detentos da Unidade Prisional de nossa cidade, ocorrida na tarde de ontem,06.<\/p>\n<p>Ela informou que os detentos, usando peda\u00e7os de segueta, serraram a grade, e, em seguida, no p\u00e1tio do banho de sol, usando len\u00e7\u00f3is, subiram no muro e conseguiram fugir.<\/p>\n<p>No momento da fuga, segundo a ju\u00edza, um casal de agentes penitenci\u00e1rios estava na Unidade, que n\u00e3o contava com nenhuma viatura no local.<\/p>\n<p>Ela disse que o sistema de monitoramento n\u00e3o est\u00e1 funcionando e que ela e membros do Conselho de Execu\u00e7\u00e3o Penal, presidido pela advogada Marina Soares, realizaram reuni\u00e3o no \u00faltimo dia 31 de dezembro, quando decidiram reinstalar o sistema que foi instalado pelo pr\u00f3prio conselho. No entanto, est\u00e3o sendo encontradas dificuldades para a contrata\u00e7\u00e3o de um profissional de nossa cidade para a reinstala\u00e7\u00e3o do sistema.<\/p>\n<p>A ju\u00edza esclareceu que os recursos j\u00e1 est\u00e3o dispon\u00edveis e que, nos pr\u00f3ximos dias, o sistema voltar\u00e1 a funcionar.<\/p>\n<p>Marli de F\u00e1tima Naves n\u00e3o soube informar se a cerca el\u00e9trica estava ou n\u00e3o funcionando. Ela disse que o funcionamento da mesma deveria ser conferido, com frequ\u00eancia, pelo pessoal da Unidade Prisional.<\/p>\n<p>A ju\u00edza de Vian\u00f3polis disse as falhas s\u00e3o fruto da falta de treinamento dos agentes penitenci\u00e1rios, de um plano de carreira para os mesmos, assim como a falta de viatura na Unidade Prisional de Vian\u00f3polis.<\/p>\n<p>Marli de F\u00e1tima Naves disse que \u00e9 not\u00f3ria a falta de assist\u00eancia penitenci\u00e1ria em Goi\u00e1s. Por isso, afirmou que a fuga de ontem (06) se deve \u00e0 omiss\u00e3o do Estado, que n\u00e3o tem aparelhado o sistema penitenci\u00e1rio para evitar fugas como a que aconteceu em Vian\u00f3polis.<\/p>\n<p>Segundo Marli de F\u00e1tima Naves, est\u00e1 havendo omiss\u00e3o do Governo Estadual, que n\u00e3o oferece nem mesmo condi\u00e7\u00f5es para a transfer\u00eancia de presos para outras unidades com mais seguran\u00e7a do que a de nossa cidade.<\/p>\n<p>A magistrada afirmou que dois dos quatro presos, Dami\u00e3o e Marco T\u00falio, n\u00e3o deveriam estar recolhidos na Unidade de Vian\u00f3polis, mas em pres\u00eddios com maior seguran\u00e7a, e finalizou informou que v\u00e1rios contatos foram feitos com autoridades do Sistema Penitenci\u00e1rio do Estado tentando a transfer\u00eancia dos mesmos. No entanto, seu pedido n\u00e3o foi atendido.<\/p>\n<p>Ao ser indagada se ela tinha informa\u00e7\u00f5es sobre a entrada de peda\u00e7os de segueta e at\u00e9 mesmo, possivelmente, de celulares na Unidade Prisional, Marli de F\u00e1tima Naves respondeu dizendo que acredita que certamente entraram durante as visitas.<\/p>\n<p>Os celulares, segundo a ju\u00edza de Vian\u00f3polis, muitas das vezes, s\u00e3o levados por mulheres, que os colocam em suas genit\u00e1lias, pois n\u00e3o existe aparelho detector de metais para ser usado a fim de\u00a0 coibir a entrada de materiais il\u00edcitos no pres\u00eddio.<\/p>\n<p><strong>Mais uma vez, ela atribui esta situa\u00e7\u00e3o \u00e0 defici\u00eancia do sistema penitenci\u00e1rio do Estado.<\/strong><\/p>\n","protected":false},"excerpt":{"rendered":"<p>Entrevistada por nossa reportagem, a Ju\u00edza de Vian\u00f3polis, Marli de F\u00e1tima Naves, deu mais detalhes sobre a fuga dos detentos [&hellip;]<\/p>\n","protected":false},"author":2,"featured_media":33709,"comment_status":"open","ping_status":"closed","sticky":false,"template":"","format":"standard","meta":{"_uag_custom_page_level_css":"","site-sidebar-layout":"default","site-content-layout":"","ast-site-content-layout":"default","site-content-style":"default","site-sidebar-style":"default","ast-global-header-display":"","ast-banner-title-visibility":"","ast-main-header-display":"","ast-hfb-above-header-display":"","ast-hfb-below-header-display":"","ast-hfb-mobile-header-display":"","site-post-title":"","ast-breadcrumbs-content":"","ast-featured-img":"","footer-sml-layout":"","ast-disable-related-posts":"","theme-transparent-header-meta":"","adv-header-id-meta":"","stick-header-meta":"","header-above-stick-meta":"","header-main-stick-meta":"","header-below-stick-meta":"","astra-migrate-meta-layouts":"default","ast-page-background-enabled":"default","ast-page-background-meta":{"desktop":{"background-color":"var(--ast-global-color-4)","background-image":"","background-repeat":"repeat","background-position":"center center","background-size":"auto","background-attachment":"scroll","background-type":"","background-media":"","overlay-type":"","overlay-color":"","overlay-opacity":"","overlay-gradient":""},"tablet":{"background-color":"","background-image":"","background-repeat":"repeat","background-position":"center center","background-size":"auto","background-attachment":"scroll","background-type":"","background-media":"","overlay-type":"","overlay-color":"","overlay-opacity":"","overlay-gradient":""},"mobile":{"background-color":"","background-image":"","background-repeat":"repeat","background-position":"center center","background-size":"auto","background-attachment":"scroll","background-type":"","background-media":"","overlay-type":"","overlay-color":"","overlay-opacity":"","overlay-gradient":""}},"ast-content-background-meta":{"desktop":{"background-color":"var(--ast-global-color-5)","background-image":"","background-repeat":"repeat","background-position":"center center","background-size":"auto","background-attachment":"scroll","background-type":"","background-media":"","overlay-type":"","overlay-color":"","overlay-opacity":"","overlay-gradient":""},"tablet":{"background-color":"var(--ast-global-color-5)","background-image":"","background-repeat":"repeat","background-position":"center center","background-size":"auto","background-attachment":"scroll","background-type":"","background-media":"","overlay-type":"","overlay-color":"","overlay-opacity":"","overlay-gradient":""},"mobile":{"background-color":"var(--ast-global-color-5)","background-image":"","background-repeat":"repeat","background-position":"center center","background-size":"auto","background-attachment":"scroll","background-type":"","background-media":"","overlay-type":"","overlay-color":"","overlay-opacity":"","overlay-gradient":""}},"footnotes":""},"categories":[1],"tags":[],"class_list":["post-33708","post","type-post","status-publish","format-standard","has-post-thumbnail","hentry","category-ultimas"],"uagb_featured_image_src":{"full":["https:\/\/www.correspondentevianopolino.com.br\/site\/wp-content\/uploads\/2018\/02\/DSC0058.jpg",448,333,false],"thumbnail":["https:\/\/www.correspondentevianopolino.com.br\/site\/wp-content\/uploads\/2018\/02\/DSC0058-150x150.jpg",150,150,true],"medium":["https:\/\/www.correspondentevianopolino.com.br\/site\/wp-content\/uploads\/2018\/02\/DSC0058-300x223.jpg",300,223,true],"medium_large":["https:\/\/www.correspondentevianopolino.com.br\/site\/wp-content\/uploads\/2018\/02\/DSC0058.jpg",448,333,false],"large":["https:\/\/www.correspondentevianopolino.com.br\/site\/wp-content\/uploads\/2018\/02\/DSC0058.jpg",448,333,false],"1536x1536":["https:\/\/www.correspondentevianopolino.com.br\/site\/wp-content\/uploads\/2018\/02\/DSC0058.jpg",448,333,false],"2048x2048":["https:\/\/www.correspondentevianopolino.com.br\/site\/wp-content\/uploads\/2018\/02\/DSC0058.jpg",448,333,false]},"uagb_author_info":{"display_name":"Ol\u00edvio Lemos","author_link":"https:\/\/www.correspondentevianopolino.com.br\/site\/author\/olivio\/"},"uagb_comment_info":1,"uagb_excerpt":"Entrevistada por nossa reportagem, a Ju\u00edza de Vian\u00f3polis, Marli de F\u00e1tima Naves, deu mais detalhes sobre a fuga dos detentos [&hellip;]","_links":{"self":[{"href":"https:\/\/www.correspondentevianopolino.com.br\/site\/wp-json\/wp\/v2\/posts\/33708","targetHints":{"allow":["GET"]}}],"collection":[{"href":"https:\/\/www.correspondentevianopolino.com.br\/site\/wp-json\/wp\/v2\/posts"}],"about":[{"href":"https:\/\/www.correspondentevianopolino.com.br\/site\/wp-json\/wp\/v2\/types\/post"}],"author":[{"embeddable":true,"href":"https:\/\/www.correspondentevianopolino.com.br\/site\/wp-json\/wp\/v2\/users\/2"}],"replies":[{"embeddable":true,"href":"https:\/\/www.correspondentevianopolino.com.br\/site\/wp-json\/wp\/v2\/comments?post=33708"}],"version-history":[{"count":0,"href":"https:\/\/www.correspondentevianopolino.com.br\/site\/wp-json\/wp\/v2\/posts\/33708\/revisions"}],"wp:featuredmedia":[{"embeddable":true,"href":"https:\/\/www.correspondentevianopolino.com.br\/site\/wp-json\/wp\/v2\/media\/33709"}],"wp:attachment":[{"href":"https:\/\/www.correspondentevianopolino.com.br\/site\/wp-json\/wp\/v2\/media?parent=33708"}],"wp:term":[{"taxonomy":"category","embeddable":true,"href":"https:\/\/www.correspondentevianopolino.com.br\/site\/wp-json\/wp\/v2\/categories?post=33708"},{"taxonomy":"post_tag","embeddable":true,"href":"https:\/\/www.correspondentevianopolino.com.br\/site\/wp-json\/wp\/v2\/tags?post=33708"}],"curies":[{"name":"wp","href":"https:\/\/api.w.org\/{rel}","templated":true}]}}