{"id":33752,"date":"2018-02-08T06:38:08","date_gmt":"2018-02-08T08:38:08","guid":{"rendered":"http:\/\/www.correspondentevianopolino.com.br\/site\/?p=33752"},"modified":"2018-02-08T10:05:10","modified_gmt":"2018-02-08T12:05:10","slug":"portaria-que-regulamenta-entrada-e-permanencia-de-menores-em-eventos-culturais-e-festivos-publicada-na-epoca-do-rodeio-show17-deve-ser-respeitada-tambem-no-carnaval","status":"publish","type":"post","link":"https:\/\/www.correspondentevianopolino.com.br\/site\/portaria-que-regulamenta-entrada-e-permanencia-de-menores-em-eventos-culturais-e-festivos-publicada-na-epoca-do-rodeio-show17-deve-ser-respeitada-tambem-no-carnaval\/","title":{"rendered":"Portaria que regulamenta entrada e perman\u00eancia de menores em eventos culturais e festivos, publicada na \u00e9poca do Rodeio Show\/17, deve ser respeitada tamb\u00e9m no Carnaval"},"content":{"rendered":"<p>A portaria assinada pela Ju\u00edza de Vian\u00f3polis, Marli de F\u00e1tima Naves, e pelo Promotor de Justi\u00e7a, Lucas C\u00e9sar Costa Ferreira, regulamentando a entrada, a frequ\u00eancia e a perman\u00eancia de crian\u00e7as e adolescentes em eventos culturais e festivos, publicada na \u00e9poca do Rodeio Show do ano passado, deve ser respeitada tamb\u00e9m durante os festejos carnavalescos.<\/p>\n<p>Assim, fica proibida a entrada e perman\u00eancia de menores de 16 anos desacompanhados dos pais ou respons\u00e1veis nos festejos carnavalescos que acontecer\u00e3o na Avenida Thales Pompeo de Pina, a partir de amanh\u00e3 \u00e0 noite.<\/p>\n<p>Aos adolescentes com idade entre 16 e 18 anos incompletos, fica autorizado o acesso, frequ\u00eancia e perman\u00eancia no Carnaval, desde que munidos de autoriza\u00e7\u00e3o subscrita pelos pais ou respons\u00e1veis com reconhecimento de firma em cart\u00f3rio, com declara\u00e7\u00e3o expressa de data, respeitado o hor\u00e1rio improrrog\u00e1vel de 22h.<\/p>\n<p>O formul\u00e1rio da referida autoriza\u00e7\u00e3o pode ser retirado na Prefeitura de Vian\u00f3polis e no Conselho Tutelar.<\/p>\n<p>As crian\u00e7as e adolescentes que forem encontradas nos eventos em desrespeito \u00e0 portaria, ser\u00e3o conduzidos por conselheiros tutelares \u00e0 presen\u00e7a dos pais ou respons\u00e1veis.<\/p>\n<p>A portaria regulamenta ainda que os conselheiros tutelares ter\u00e3o assegurado livre acesso aos eventos, a fim de realizar a fiscaliza\u00e7\u00e3o necess\u00e1ria, podendo contar com o aux\u00edlio da Pol\u00edcia Militar.<\/p>\n<p>&nbsp;<\/p>\n","protected":false},"excerpt":{"rendered":"<p>A portaria assinada pela Ju\u00edza de Vian\u00f3polis, Marli de F\u00e1tima Naves, e pelo Promotor de Justi\u00e7a, Lucas C\u00e9sar Costa Ferreira, [&hellip;]<\/p>\n","protected":false},"author":2,"featured_media":33753,"comment_status":"open","ping_status":"closed","sticky":false,"template":"","format":"standard","meta":{"_uag_custom_page_level_css":"","site-sidebar-layout":"default","site-content-layout":"","ast-site-content-layout":"default","site-content-style":"default","site-sidebar-style":"default","ast-global-header-display":"","ast-banner-title-visibility":"","ast-main-header-display":"","ast-hfb-above-header-display":"","ast-hfb-below-header-display":"","ast-hfb-mobile-header-display":"","site-post-title":"","ast-breadcrumbs-content":"","ast-featured-img":"","footer-sml-layout":"","ast-disable-related-posts":"","theme-transparent-header-meta":"","adv-header-id-meta":"","stick-header-meta":"","header-above-stick-meta":"","header-main-stick-meta":"","header-below-stick-meta":"","astra-migrate-meta-layouts":"default","ast-page-background-enabled":"default","ast-page-background-meta":{"desktop":{"background-color":"var(--ast-global-color-4)","background-image":"","background-repeat":"repeat","background-position":"center center","background-size":"auto","background-attachment":"scroll","background-type":"","background-media":"","overlay-type":"","overlay-color":"","overlay-opacity":"","overlay-gradient":""},"tablet":{"background-color":"","background-image":"","background-repeat":"repeat","background-position":"center center","background-size":"auto","background-attachment":"scroll","background-type":"","background-media":"","overlay-type":"","overlay-color":"","overlay-opacity":"","overlay-gradient":""},"mobile":{"background-color":"","background-image":"","background-repeat":"repeat","background-position":"center center","background-size":"auto","background-attachment":"scroll","background-type":"","background-media":"","overlay-type":"","overlay-color":"","overlay-opacity":"","overlay-gradient":""}},"ast-content-background-meta":{"desktop":{"background-color":"var(--ast-global-color-5)","background-image":"","background-repeat":"repeat","background-position":"center center","background-size":"auto","background-attachment":"scroll","background-type":"","background-media":"","overlay-type":"","overlay-color":"","overlay-opacity":"","overlay-gradient":""},"tablet":{"background-color":"var(--ast-global-color-5)","background-image":"","background-repeat":"repeat","background-position":"center center","background-size":"auto","background-attachment":"scroll","background-type":"","background-media":"","overlay-type":"","overlay-color":"","overlay-opacity":"","overlay-gradient":""},"mobile":{"background-color":"var(--ast-global-color-5)","background-image":"","background-repeat":"repeat","background-position":"center center","background-size":"auto","background-attachment":"scroll","background-type":"","background-media":"","overlay-type":"","overlay-color":"","overlay-opacity":"","overlay-gradient":""}},"footnotes":""},"categories":[1],"tags":[],"class_list":["post-33752","post","type-post","status-publish","format-standard","has-post-thumbnail","hentry","category-ultimas"],"uagb_featured_image_src":{"full":["https:\/\/www.correspondentevianopolino.com.br\/site\/wp-content\/uploads\/2018\/02\/IMG-20180201-WA0051-1.jpg",300,235,false],"thumbnail":["https:\/\/www.correspondentevianopolino.com.br\/site\/wp-content\/uploads\/2018\/02\/IMG-20180201-WA0051-1-150x150.jpg",150,150,true],"medium":["https:\/\/www.correspondentevianopolino.com.br\/site\/wp-content\/uploads\/2018\/02\/IMG-20180201-WA0051-1-300x235.jpg",300,235,true],"medium_large":["https:\/\/www.correspondentevianopolino.com.br\/site\/wp-content\/uploads\/2018\/02\/IMG-20180201-WA0051-1.jpg",300,235,false],"large":["https:\/\/www.correspondentevianopolino.com.br\/site\/wp-content\/uploads\/2018\/02\/IMG-20180201-WA0051-1.jpg",300,235,false],"1536x1536":["https:\/\/www.correspondentevianopolino.com.br\/site\/wp-content\/uploads\/2018\/02\/IMG-20180201-WA0051-1.jpg",300,235,false],"2048x2048":["https:\/\/www.correspondentevianopolino.com.br\/site\/wp-content\/uploads\/2018\/02\/IMG-20180201-WA0051-1.jpg",300,235,false]},"uagb_author_info":{"display_name":"Ol\u00edvio Lemos","author_link":"https:\/\/www.correspondentevianopolino.com.br\/site\/author\/olivio\/"},"uagb_comment_info":0,"uagb_excerpt":"A portaria assinada pela Ju\u00edza de Vian\u00f3polis, Marli de F\u00e1tima Naves, e pelo Promotor de Justi\u00e7a, Lucas C\u00e9sar Costa Ferreira, [&hellip;]","_links":{"self":[{"href":"https:\/\/www.correspondentevianopolino.com.br\/site\/wp-json\/wp\/v2\/posts\/33752","targetHints":{"allow":["GET"]}}],"collection":[{"href":"https:\/\/www.correspondentevianopolino.com.br\/site\/wp-json\/wp\/v2\/posts"}],"about":[{"href":"https:\/\/www.correspondentevianopolino.com.br\/site\/wp-json\/wp\/v2\/types\/post"}],"author":[{"embeddable":true,"href":"https:\/\/www.correspondentevianopolino.com.br\/site\/wp-json\/wp\/v2\/users\/2"}],"replies":[{"embeddable":true,"href":"https:\/\/www.correspondentevianopolino.com.br\/site\/wp-json\/wp\/v2\/comments?post=33752"}],"version-history":[{"count":0,"href":"https:\/\/www.correspondentevianopolino.com.br\/site\/wp-json\/wp\/v2\/posts\/33752\/revisions"}],"wp:featuredmedia":[{"embeddable":true,"href":"https:\/\/www.correspondentevianopolino.com.br\/site\/wp-json\/wp\/v2\/media\/33753"}],"wp:attachment":[{"href":"https:\/\/www.correspondentevianopolino.com.br\/site\/wp-json\/wp\/v2\/media?parent=33752"}],"wp:term":[{"taxonomy":"category","embeddable":true,"href":"https:\/\/www.correspondentevianopolino.com.br\/site\/wp-json\/wp\/v2\/categories?post=33752"},{"taxonomy":"post_tag","embeddable":true,"href":"https:\/\/www.correspondentevianopolino.com.br\/site\/wp-json\/wp\/v2\/tags?post=33752"}],"curies":[{"name":"wp","href":"https:\/\/api.w.org\/{rel}","templated":true}]}}