{"id":33865,"date":"2018-02-10T10:17:42","date_gmt":"2018-02-10T12:17:42","guid":{"rendered":"http:\/\/www.correspondentevianopolino.com.br\/site\/?p=33865"},"modified":"2018-02-15T15:44:03","modified_gmt":"2018-02-15T17:44:03","slug":"denuncia-pais-colocaram-filhos-menores-de-idade-no-carnaval-e-foram-embora-do-local","status":"publish","type":"post","link":"https:\/\/www.correspondentevianopolino.com.br\/site\/denuncia-pais-colocaram-filhos-menores-de-idade-no-carnaval-e-foram-embora-do-local\/","title":{"rendered":"Den\u00fancia: Pais colocaram filhos menores de idade no Carnaval e foram embora do local"},"content":{"rendered":"<p>Uma den\u00fancia grave foi levada ao conhecimento de conselheiros tutelares que estavam trabalhando na noite de ontem, 09, na Avenida Thales Pompeo de Pina, onde acontecem os festejos carnavalescos.<\/p>\n<p>De acordo com um dos integrantes do Conselho Tutelar de Vian\u00f3polis, alguns pais levaram seus filhos menores de 18 anos na noite de ontem, 09, ao Carnavia e, depois, foram embora.<\/p>\n<p>Segundo informa\u00e7\u00e3o chegada \u00e0 nossa reportagem, o fato aconteceu com diversos menores de idade que foram deixados na festa pelos pais, sendo que estes, em seguida, foram embora.<\/p>\n<p>O presidente do Conselho Tutelar de Vian\u00f3polis, Walen Jos\u00e9 Moreira, disse que esta pr\u00e1tica \u00e9 um desrespeito \u00e0 portaria publicada pelo Poder Judici\u00e1rio e Promotoria de Justi\u00e7a regulamentando a entrada e perman\u00eancia de menores de idade em festas em nossa cidade.<\/p>\n<p>Segundo Walen, os menores de idade flagrados nesta situa\u00e7\u00e3o, ser\u00e3o conduzidos \u00e0s suas resid\u00eancias pelos Conselheiros Tutelares, que contar\u00e3o com o apoio de Policiais Militares.<\/p>\n<p><strong>Al\u00e9m disso, o fato ser\u00e1 levado ao conhecido da Ju\u00edza de Vian\u00f3polis, Marli de F\u00e1tima Naves, e do Promotor de Justi\u00e7a, Lucas C\u00e9sar Costa Ferreira.<\/strong><\/p>\n","protected":false},"excerpt":{"rendered":"<p>Uma den\u00fancia grave foi levada ao conhecimento de conselheiros tutelares que estavam trabalhando na noite de ontem, 09, na Avenida [&hellip;]<\/p>\n","protected":false},"author":2,"featured_media":33866,"comment_status":"open","ping_status":"closed","sticky":false,"template":"","format":"standard","meta":{"_uag_custom_page_level_css":"","site-sidebar-layout":"default","site-content-layout":"","ast-site-content-layout":"default","site-content-style":"default","site-sidebar-style":"default","ast-global-header-display":"","ast-banner-title-visibility":"","ast-main-header-display":"","ast-hfb-above-header-display":"","ast-hfb-below-header-display":"","ast-hfb-mobile-header-display":"","site-post-title":"","ast-breadcrumbs-content":"","ast-featured-img":"","footer-sml-layout":"","ast-disable-related-posts":"","theme-transparent-header-meta":"","adv-header-id-meta":"","stick-header-meta":"","header-above-stick-meta":"","header-main-stick-meta":"","header-below-stick-meta":"","astra-migrate-meta-layouts":"default","ast-page-background-enabled":"default","ast-page-background-meta":{"desktop":{"background-color":"var(--ast-global-color-4)","background-image":"","background-repeat":"repeat","background-position":"center center","background-size":"auto","background-attachment":"scroll","background-type":"","background-media":"","overlay-type":"","overlay-color":"","overlay-opacity":"","overlay-gradient":""},"tablet":{"background-color":"","background-image":"","background-repeat":"repeat","background-position":"center center","background-size":"auto","background-attachment":"scroll","background-type":"","background-media":"","overlay-type":"","overlay-color":"","overlay-opacity":"","overlay-gradient":""},"mobile":{"background-color":"","background-image":"","background-repeat":"repeat","background-position":"center center","background-size":"auto","background-attachment":"scroll","background-type":"","background-media":"","overlay-type":"","overlay-color":"","overlay-opacity":"","overlay-gradient":""}},"ast-content-background-meta":{"desktop":{"background-color":"var(--ast-global-color-5)","background-image":"","background-repeat":"repeat","background-position":"center center","background-size":"auto","background-attachment":"scroll","background-type":"","background-media":"","overlay-type":"","overlay-color":"","overlay-opacity":"","overlay-gradient":""},"tablet":{"background-color":"var(--ast-global-color-5)","background-image":"","background-repeat":"repeat","background-position":"center center","background-size":"auto","background-attachment":"scroll","background-type":"","background-media":"","overlay-type":"","overlay-color":"","overlay-opacity":"","overlay-gradient":""},"mobile":{"background-color":"var(--ast-global-color-5)","background-image":"","background-repeat":"repeat","background-position":"center center","background-size":"auto","background-attachment":"scroll","background-type":"","background-media":"","overlay-type":"","overlay-color":"","overlay-opacity":"","overlay-gradient":""}},"footnotes":""},"categories":[1],"tags":[],"class_list":["post-33865","post","type-post","status-publish","format-standard","has-post-thumbnail","hentry","category-ultimas"],"uagb_featured_image_src":{"full":["https:\/\/www.correspondentevianopolino.com.br\/site\/wp-content\/uploads\/2018\/02\/DSC_0475.jpg",448,299,false],"thumbnail":["https:\/\/www.correspondentevianopolino.com.br\/site\/wp-content\/uploads\/2018\/02\/DSC_0475-150x150.jpg",150,150,true],"medium":["https:\/\/www.correspondentevianopolino.com.br\/site\/wp-content\/uploads\/2018\/02\/DSC_0475-300x200.jpg",300,200,true],"medium_large":["https:\/\/www.correspondentevianopolino.com.br\/site\/wp-content\/uploads\/2018\/02\/DSC_0475.jpg",448,299,false],"large":["https:\/\/www.correspondentevianopolino.com.br\/site\/wp-content\/uploads\/2018\/02\/DSC_0475.jpg",448,299,false],"1536x1536":["https:\/\/www.correspondentevianopolino.com.br\/site\/wp-content\/uploads\/2018\/02\/DSC_0475.jpg",448,299,false],"2048x2048":["https:\/\/www.correspondentevianopolino.com.br\/site\/wp-content\/uploads\/2018\/02\/DSC_0475.jpg",448,299,false]},"uagb_author_info":{"display_name":"Ol\u00edvio Lemos","author_link":"https:\/\/www.correspondentevianopolino.com.br\/site\/author\/olivio\/"},"uagb_comment_info":8,"uagb_excerpt":"Uma den\u00fancia grave foi levada ao conhecimento de conselheiros tutelares que estavam trabalhando na noite de ontem, 09, na Avenida [&hellip;]","_links":{"self":[{"href":"https:\/\/www.correspondentevianopolino.com.br\/site\/wp-json\/wp\/v2\/posts\/33865","targetHints":{"allow":["GET"]}}],"collection":[{"href":"https:\/\/www.correspondentevianopolino.com.br\/site\/wp-json\/wp\/v2\/posts"}],"about":[{"href":"https:\/\/www.correspondentevianopolino.com.br\/site\/wp-json\/wp\/v2\/types\/post"}],"author":[{"embeddable":true,"href":"https:\/\/www.correspondentevianopolino.com.br\/site\/wp-json\/wp\/v2\/users\/2"}],"replies":[{"embeddable":true,"href":"https:\/\/www.correspondentevianopolino.com.br\/site\/wp-json\/wp\/v2\/comments?post=33865"}],"version-history":[{"count":0,"href":"https:\/\/www.correspondentevianopolino.com.br\/site\/wp-json\/wp\/v2\/posts\/33865\/revisions"}],"wp:featuredmedia":[{"embeddable":true,"href":"https:\/\/www.correspondentevianopolino.com.br\/site\/wp-json\/wp\/v2\/media\/33866"}],"wp:attachment":[{"href":"https:\/\/www.correspondentevianopolino.com.br\/site\/wp-json\/wp\/v2\/media?parent=33865"}],"wp:term":[{"taxonomy":"category","embeddable":true,"href":"https:\/\/www.correspondentevianopolino.com.br\/site\/wp-json\/wp\/v2\/categories?post=33865"},{"taxonomy":"post_tag","embeddable":true,"href":"https:\/\/www.correspondentevianopolino.com.br\/site\/wp-json\/wp\/v2\/tags?post=33865"}],"curies":[{"name":"wp","href":"https:\/\/api.w.org\/{rel}","templated":true}]}}