{"id":34626,"date":"2018-02-14T20:20:48","date_gmt":"2018-02-14T22:20:48","guid":{"rendered":"http:\/\/www.correspondentevianopolino.com.br\/site\/?p=34626"},"modified":"2018-02-15T16:16:49","modified_gmt":"2018-02-15T18:16:49","slug":"falece-adson-caixeta","status":"publish","type":"post","link":"https:\/\/www.correspondentevianopolino.com.br\/site\/falece-adson-caixeta\/","title":{"rendered":"Falece Adson Caixeta, integrante atuante da Comunidade Cat\u00f3lica de Vian\u00f3polis"},"content":{"rendered":"<p>Faleceu no in\u00edcio da noite desta quarta-feira, 14, em Goi\u00e2nia, Adson Jos\u00e9 Caixeta, Ministro da Eucaristia, assim como integrante da Pastoral das Ex\u00e9quias e do Grupo ECC (Encontro de Casais com Cristo).<\/p>\n<p>Adson Jos\u00e9 Caixeta participava como cantor das missas na Par\u00f3quia S\u00e3o Jos\u00e9, principalmente de celebra\u00e7\u00f5es f\u00fanebres. Ele era casado com Valdimira Abreu Caixeta, tamb\u00e9m sua companhia de c\u00e2nticos na Igreja Cat\u00f3lica de Vian\u00f3polis, e pai de tr\u00eas filhas: Dara Jane, Daniele Cristina e Daiane.<\/p>\n<p>Adson era filho do saudoso casal vianopolino Sidnei Vieira Caixeta e Cassiana Gonzaga Caixeta.<\/p>\n<p>De fam\u00edlia tradicional de nosso munic\u00edpio, Adson, que faleceu aos 57 anos de idade, passou mal no s\u00e1bado de manh\u00e3, 10, tendo sido levado para Goi\u00e2nia no per\u00edodo da tarde.<\/p>\n<p>Na tarde desta quarta-feira, Adson faleceu durante um procedimento cir\u00fargico para a coloca\u00e7\u00e3o de uma ponte de safena e uma pr\u00f3tese na aorta.<\/p>\n<p>O corpo de Adson Jose Caixeta ser\u00e1 velado na Igreja Matriz de Vian\u00f3polis, sendo que o hor\u00e1rio do sepultamento ainda n\u00e3o foi definido.<\/p>\n<p><strong>\u00c0 fam\u00edlia enlutada, nossas condol\u00eancias.<\/strong><\/p>\n<p><img decoding=\"async\" class=\"size-full wp-image-34627\" src=\"https:\/\/www.correspondentevianopolino.com.br\/site\/wp-content\/uploads\/2018\/02\/ADSON-2.jpg\" alt=\"????????????????????????????????????\" width=\"262\" height=\"353\" srcset=\"https:\/\/www.correspondentevianopolino.com.br\/site\/wp-content\/uploads\/2018\/02\/ADSON-2.jpg 262w, https:\/\/www.correspondentevianopolino.com.br\/site\/wp-content\/uploads\/2018\/02\/ADSON-2-223x300.jpg 223w\" sizes=\"(max-width: 262px) 100vw, 262px\" \/><\/p>\n<p><img decoding=\"async\" class=\"alignnone size-full wp-image-34646\" src=\"https:\/\/www.correspondentevianopolino.com.br\/site\/wp-content\/uploads\/2018\/02\/15780887_359339784444778_4768047433662267367_n.jpg\" alt=\"15780887_359339784444778_4768047433662267367_n\" width=\"480\" height=\"483\" srcset=\"https:\/\/www.correspondentevianopolino.com.br\/site\/wp-content\/uploads\/2018\/02\/15780887_359339784444778_4768047433662267367_n.jpg 480w, https:\/\/www.correspondentevianopolino.com.br\/site\/wp-content\/uploads\/2018\/02\/15780887_359339784444778_4768047433662267367_n-150x150.jpg 150w, https:\/\/www.correspondentevianopolino.com.br\/site\/wp-content\/uploads\/2018\/02\/15780887_359339784444778_4768047433662267367_n-298x300.jpg 298w\" sizes=\"(max-width: 480px) 100vw, 480px\" \/><\/p>\n<p><img decoding=\"async\" class=\"alignnone size-full wp-image-34647\" src=\"https:\/\/www.correspondentevianopolino.com.br\/site\/wp-content\/uploads\/2018\/02\/26733838_523273388051416_7521110382004553071_n.jpg\" alt=\"26733838_523273388051416_7521110382004553071_n\" width=\"480\" height=\"480\" srcset=\"https:\/\/www.correspondentevianopolino.com.br\/site\/wp-content\/uploads\/2018\/02\/26733838_523273388051416_7521110382004553071_n.jpg 480w, https:\/\/www.correspondentevianopolino.com.br\/site\/wp-content\/uploads\/2018\/02\/26733838_523273388051416_7521110382004553071_n-150x150.jpg 150w, https:\/\/www.correspondentevianopolino.com.br\/site\/wp-content\/uploads\/2018\/02\/26733838_523273388051416_7521110382004553071_n-300x300.jpg 300w\" sizes=\"(max-width: 480px) 100vw, 480px\" \/><\/p>\n<p><img decoding=\"async\" class=\"size-full wp-image-34636\" src=\"https:\/\/www.correspondentevianopolino.com.br\/site\/wp-content\/uploads\/2018\/02\/ADSON.jpg\" alt=\"????????????????????????????????????\" width=\"361\" height=\"365\" srcset=\"https:\/\/www.correspondentevianopolino.com.br\/site\/wp-content\/uploads\/2018\/02\/ADSON.jpg 361w, https:\/\/www.correspondentevianopolino.com.br\/site\/wp-content\/uploads\/2018\/02\/ADSON-297x300.jpg 297w\" sizes=\"(max-width: 361px) 100vw, 361px\" \/><\/p>\n","protected":false},"excerpt":{"rendered":"<p>Faleceu no in\u00edcio da noite desta quarta-feira, 14, em Goi\u00e2nia, Adson Jos\u00e9 Caixeta, Ministro da Eucaristia, assim como integrante da [&hellip;]<\/p>\n","protected":false},"author":2,"featured_media":34649,"comment_status":"open","ping_status":"closed","sticky":false,"template":"","format":"standard","meta":{"_uag_custom_page_level_css":"","site-sidebar-layout":"default","site-content-layout":"","ast-site-content-layout":"default","site-content-style":"default","site-sidebar-style":"default","ast-global-header-display":"","ast-banner-title-visibility":"","ast-main-header-display":"","ast-hfb-above-header-display":"","ast-hfb-below-header-display":"","ast-hfb-mobile-header-display":"","site-post-title":"","ast-breadcrumbs-content":"","ast-featured-img":"","footer-sml-layout":"","ast-disable-related-posts":"","theme-transparent-header-meta":"","adv-header-id-meta":"","stick-header-meta":"","header-above-stick-meta":"","header-main-stick-meta":"","header-below-stick-meta":"","astra-migrate-meta-layouts":"default","ast-page-background-enabled":"default","ast-page-background-meta":{"desktop":{"background-color":"var(--ast-global-color-4)","background-image":"","background-repeat":"repeat","background-position":"center center","background-size":"auto","background-attachment":"scroll","background-type":"","background-media":"","overlay-type":"","overlay-color":"","overlay-opacity":"","overlay-gradient":""},"tablet":{"background-color":"","background-image":"","background-repeat":"repeat","background-position":"center center","background-size":"auto","background-attachment":"scroll","background-type":"","background-media":"","overlay-type":"","overlay-color":"","overlay-opacity":"","overlay-gradient":""},"mobile":{"background-color":"","background-image":"","background-repeat":"repeat","background-position":"center center","background-size":"auto","background-attachment":"scroll","background-type":"","background-media":"","overlay-type":"","overlay-color":"","overlay-opacity":"","overlay-gradient":""}},"ast-content-background-meta":{"desktop":{"background-color":"var(--ast-global-color-5)","background-image":"","background-repeat":"repeat","background-position":"center center","background-size":"auto","background-attachment":"scroll","background-type":"","background-media":"","overlay-type":"","overlay-color":"","overlay-opacity":"","overlay-gradient":""},"tablet":{"background-color":"var(--ast-global-color-5)","background-image":"","background-repeat":"repeat","background-position":"center center","background-size":"auto","background-attachment":"scroll","background-type":"","background-media":"","overlay-type":"","overlay-color":"","overlay-opacity":"","overlay-gradient":""},"mobile":{"background-color":"var(--ast-global-color-5)","background-image":"","background-repeat":"repeat","background-position":"center center","background-size":"auto","background-attachment":"scroll","background-type":"","background-media":"","overlay-type":"","overlay-color":"","overlay-opacity":"","overlay-gradient":""}},"footnotes":""},"categories":[1],"tags":[],"class_list":["post-34626","post","type-post","status-publish","format-standard","has-post-thumbnail","hentry","category-ultimas"],"uagb_featured_image_src":{"full":["https:\/\/www.correspondentevianopolino.com.br\/site\/wp-content\/uploads\/2018\/02\/PhotoGrid_1518694494791.jpg",336,336,false],"thumbnail":["https:\/\/www.correspondentevianopolino.com.br\/site\/wp-content\/uploads\/2018\/02\/PhotoGrid_1518694494791-150x150.jpg",150,150,true],"medium":["https:\/\/www.correspondentevianopolino.com.br\/site\/wp-content\/uploads\/2018\/02\/PhotoGrid_1518694494791-300x300.jpg",300,300,true],"medium_large":["https:\/\/www.correspondentevianopolino.com.br\/site\/wp-content\/uploads\/2018\/02\/PhotoGrid_1518694494791.jpg",336,336,false],"large":["https:\/\/www.correspondentevianopolino.com.br\/site\/wp-content\/uploads\/2018\/02\/PhotoGrid_1518694494791.jpg",336,336,false],"1536x1536":["https:\/\/www.correspondentevianopolino.com.br\/site\/wp-content\/uploads\/2018\/02\/PhotoGrid_1518694494791.jpg",336,336,false],"2048x2048":["https:\/\/www.correspondentevianopolino.com.br\/site\/wp-content\/uploads\/2018\/02\/PhotoGrid_1518694494791.jpg",336,336,false]},"uagb_author_info":{"display_name":"Ol\u00edvio Lemos","author_link":"https:\/\/www.correspondentevianopolino.com.br\/site\/author\/olivio\/"},"uagb_comment_info":1,"uagb_excerpt":"Faleceu no in\u00edcio da noite desta quarta-feira, 14, em Goi\u00e2nia, Adson Jos\u00e9 Caixeta, Ministro da Eucaristia, assim como integrante da [&hellip;]","_links":{"self":[{"href":"https:\/\/www.correspondentevianopolino.com.br\/site\/wp-json\/wp\/v2\/posts\/34626","targetHints":{"allow":["GET"]}}],"collection":[{"href":"https:\/\/www.correspondentevianopolino.com.br\/site\/wp-json\/wp\/v2\/posts"}],"about":[{"href":"https:\/\/www.correspondentevianopolino.com.br\/site\/wp-json\/wp\/v2\/types\/post"}],"author":[{"embeddable":true,"href":"https:\/\/www.correspondentevianopolino.com.br\/site\/wp-json\/wp\/v2\/users\/2"}],"replies":[{"embeddable":true,"href":"https:\/\/www.correspondentevianopolino.com.br\/site\/wp-json\/wp\/v2\/comments?post=34626"}],"version-history":[{"count":0,"href":"https:\/\/www.correspondentevianopolino.com.br\/site\/wp-json\/wp\/v2\/posts\/34626\/revisions"}],"wp:featuredmedia":[{"embeddable":true,"href":"https:\/\/www.correspondentevianopolino.com.br\/site\/wp-json\/wp\/v2\/media\/34649"}],"wp:attachment":[{"href":"https:\/\/www.correspondentevianopolino.com.br\/site\/wp-json\/wp\/v2\/media?parent=34626"}],"wp:term":[{"taxonomy":"category","embeddable":true,"href":"https:\/\/www.correspondentevianopolino.com.br\/site\/wp-json\/wp\/v2\/categories?post=34626"},{"taxonomy":"post_tag","embeddable":true,"href":"https:\/\/www.correspondentevianopolino.com.br\/site\/wp-json\/wp\/v2\/tags?post=34626"}],"curies":[{"name":"wp","href":"https:\/\/api.w.org\/{rel}","templated":true}]}}