{"id":34746,"date":"2018-02-16T07:11:20","date_gmt":"2018-02-16T09:11:20","guid":{"rendered":"http:\/\/www.correspondentevianopolino.com.br\/site\/?p=34746"},"modified":"2018-02-19T10:20:20","modified_gmt":"2018-02-19T13:20:20","slug":"dois-elementos-em-uma-motocicleta-tentam-roubar-celular-e-disparam-contra-homem-no-residencial-blazi","status":"publish","type":"post","link":"https:\/\/www.correspondentevianopolino.com.br\/site\/dois-elementos-em-uma-motocicleta-tentam-roubar-celular-e-disparam-contra-homem-no-residencial-blazi\/","title":{"rendered":"Dois elementos em uma motocicleta tentam roubar celular e disparam contra homem no Residencial Blazi"},"content":{"rendered":"<p>Na noite de ontem, 15, uma tentativa de assalto foi registrada por policiais militares da 3\u00aa Companhia da Pol\u00edcia Militar de Vian\u00f3polis.<\/p>\n<p>Por volta das 22h de ontem, 15, dois jovens em uma motocicleta, cuja placa n\u00e3o foi anotada, tentaram assaltar um homem de 37 anos que caminhava por uma das ruas do Residencial Blazi.<\/p>\n<p>O jovem que estava na garupa da motocicleta anunciou o assalto e pediu que lhe fosse entregue o celular. Como o homem se negou a entregar o celular, o jovem acionou a arma que estava em sua m\u00e3o e um tiro acertou a perna da v\u00edtima.<\/p>\n<p>Os dois jovens evadiram-se do local, sem nada levar.<\/p>\n<p>O homem se dirigiu ao Hospital e Maternidade S\u00e3o Sebasti\u00e3o, onde foi atendido pelo m\u00e9dico plantonista, que constatou um pequeno furo em uma das pernas da v\u00edtima.<\/p>\n<p>Como se trata de uma pequena perfura\u00e7\u00e3o, um dos policiais militares que atendeu a ocorr\u00eancia deduz que a arma usada pelos assaltantes seja uma pistola de chumbinho.<\/p>\n<p>A ocorr\u00eancia foi registrada pelo Cabo M\u00e1rio e Soldado Reis, que realizaram dilig\u00eancias no Residencial Blazi e adjac\u00eancias, mas n\u00e3o conseguiram localizar e prender os assaltantes.<\/p>\n","protected":false},"excerpt":{"rendered":"<p>Na noite de ontem, 15, uma tentativa de assalto foi registrada por policiais militares da 3\u00aa Companhia da Pol\u00edcia Militar [&hellip;]<\/p>\n","protected":false},"author":2,"featured_media":34747,"comment_status":"open","ping_status":"closed","sticky":false,"template":"","format":"standard","meta":{"_uag_custom_page_level_css":"","site-sidebar-layout":"default","site-content-layout":"","ast-site-content-layout":"default","site-content-style":"default","site-sidebar-style":"default","ast-global-header-display":"","ast-banner-title-visibility":"","ast-main-header-display":"","ast-hfb-above-header-display":"","ast-hfb-below-header-display":"","ast-hfb-mobile-header-display":"","site-post-title":"","ast-breadcrumbs-content":"","ast-featured-img":"","footer-sml-layout":"","ast-disable-related-posts":"","theme-transparent-header-meta":"","adv-header-id-meta":"","stick-header-meta":"","header-above-stick-meta":"","header-main-stick-meta":"","header-below-stick-meta":"","astra-migrate-meta-layouts":"default","ast-page-background-enabled":"default","ast-page-background-meta":{"desktop":{"background-color":"var(--ast-global-color-4)","background-image":"","background-repeat":"repeat","background-position":"center center","background-size":"auto","background-attachment":"scroll","background-type":"","background-media":"","overlay-type":"","overlay-color":"","overlay-opacity":"","overlay-gradient":""},"tablet":{"background-color":"","background-image":"","background-repeat":"repeat","background-position":"center center","background-size":"auto","background-attachment":"scroll","background-type":"","background-media":"","overlay-type":"","overlay-color":"","overlay-opacity":"","overlay-gradient":""},"mobile":{"background-color":"","background-image":"","background-repeat":"repeat","background-position":"center center","background-size":"auto","background-attachment":"scroll","background-type":"","background-media":"","overlay-type":"","overlay-color":"","overlay-opacity":"","overlay-gradient":""}},"ast-content-background-meta":{"desktop":{"background-color":"var(--ast-global-color-5)","background-image":"","background-repeat":"repeat","background-position":"center center","background-size":"auto","background-attachment":"scroll","background-type":"","background-media":"","overlay-type":"","overlay-color":"","overlay-opacity":"","overlay-gradient":""},"tablet":{"background-color":"var(--ast-global-color-5)","background-image":"","background-repeat":"repeat","background-position":"center center","background-size":"auto","background-attachment":"scroll","background-type":"","background-media":"","overlay-type":"","overlay-color":"","overlay-opacity":"","overlay-gradient":""},"mobile":{"background-color":"var(--ast-global-color-5)","background-image":"","background-repeat":"repeat","background-position":"center center","background-size":"auto","background-attachment":"scroll","background-type":"","background-media":"","overlay-type":"","overlay-color":"","overlay-opacity":"","overlay-gradient":""}},"footnotes":""},"categories":[1],"tags":[],"class_list":["post-34746","post","type-post","status-publish","format-standard","has-post-thumbnail","hentry","category-ultimas"],"uagb_featured_image_src":{"full":["https:\/\/www.correspondentevianopolino.com.br\/site\/wp-content\/uploads\/2018\/02\/assalt-em-castro-vila-rio-branco.jpg",314,177,false],"thumbnail":["https:\/\/www.correspondentevianopolino.com.br\/site\/wp-content\/uploads\/2018\/02\/assalt-em-castro-vila-rio-branco-150x150.jpg",150,150,true],"medium":["https:\/\/www.correspondentevianopolino.com.br\/site\/wp-content\/uploads\/2018\/02\/assalt-em-castro-vila-rio-branco-300x169.jpg",300,169,true],"medium_large":["https:\/\/www.correspondentevianopolino.com.br\/site\/wp-content\/uploads\/2018\/02\/assalt-em-castro-vila-rio-branco.jpg",314,177,false],"large":["https:\/\/www.correspondentevianopolino.com.br\/site\/wp-content\/uploads\/2018\/02\/assalt-em-castro-vila-rio-branco.jpg",314,177,false],"1536x1536":["https:\/\/www.correspondentevianopolino.com.br\/site\/wp-content\/uploads\/2018\/02\/assalt-em-castro-vila-rio-branco.jpg",314,177,false],"2048x2048":["https:\/\/www.correspondentevianopolino.com.br\/site\/wp-content\/uploads\/2018\/02\/assalt-em-castro-vila-rio-branco.jpg",314,177,false]},"uagb_author_info":{"display_name":"Ol\u00edvio Lemos","author_link":"https:\/\/www.correspondentevianopolino.com.br\/site\/author\/olivio\/"},"uagb_comment_info":1,"uagb_excerpt":"Na noite de ontem, 15, uma tentativa de assalto foi registrada por policiais militares da 3\u00aa Companhia da Pol\u00edcia Militar [&hellip;]","_links":{"self":[{"href":"https:\/\/www.correspondentevianopolino.com.br\/site\/wp-json\/wp\/v2\/posts\/34746","targetHints":{"allow":["GET"]}}],"collection":[{"href":"https:\/\/www.correspondentevianopolino.com.br\/site\/wp-json\/wp\/v2\/posts"}],"about":[{"href":"https:\/\/www.correspondentevianopolino.com.br\/site\/wp-json\/wp\/v2\/types\/post"}],"author":[{"embeddable":true,"href":"https:\/\/www.correspondentevianopolino.com.br\/site\/wp-json\/wp\/v2\/users\/2"}],"replies":[{"embeddable":true,"href":"https:\/\/www.correspondentevianopolino.com.br\/site\/wp-json\/wp\/v2\/comments?post=34746"}],"version-history":[{"count":0,"href":"https:\/\/www.correspondentevianopolino.com.br\/site\/wp-json\/wp\/v2\/posts\/34746\/revisions"}],"wp:featuredmedia":[{"embeddable":true,"href":"https:\/\/www.correspondentevianopolino.com.br\/site\/wp-json\/wp\/v2\/media\/34747"}],"wp:attachment":[{"href":"https:\/\/www.correspondentevianopolino.com.br\/site\/wp-json\/wp\/v2\/media?parent=34746"}],"wp:term":[{"taxonomy":"category","embeddable":true,"href":"https:\/\/www.correspondentevianopolino.com.br\/site\/wp-json\/wp\/v2\/categories?post=34746"},{"taxonomy":"post_tag","embeddable":true,"href":"https:\/\/www.correspondentevianopolino.com.br\/site\/wp-json\/wp\/v2\/tags?post=34746"}],"curies":[{"name":"wp","href":"https:\/\/api.w.org\/{rel}","templated":true}]}}