{"id":4900,"date":"2015-11-24T18:30:36","date_gmt":"2015-11-24T20:30:36","guid":{"rendered":"http:\/\/www.correspondentevianopolino.com.br\/?p=4900"},"modified":"2015-11-26T11:54:09","modified_gmt":"2015-11-26T13:54:09","slug":"prefeito-de-vianopolis-representa-agm-em-assinatura-de-termo-de-cooperacao-tecnica","status":"publish","type":"post","link":"https:\/\/www.correspondentevianopolino.com.br\/site\/prefeito-de-vianopolis-representa-agm-em-assinatura-de-termo-de-cooperacao-tecnica\/","title":{"rendered":"Prefeito de Vian\u00f3polis representa AGM em assinatura de termo de coopera\u00e7\u00e3o t\u00e9cnica"},"content":{"rendered":"<p><strong>Por Ol\u00edvio Lemos, com foto e informa\u00e7\u00e3o do site do Minist\u00e9rio P\u00fablico de Goi\u00e1s<\/strong><\/p>\n<p>O Prefeito Issy Quinan J\u00fanior representou a AGM (Associa\u00e7\u00e3o Goiana dos Munic\u00edpios) em solenidade realizada nesta ter\u00e7a-feira, 24, no Minist\u00e9rio P\u00fablico de Goi\u00e1s, na capital do Estado, quando foi assinado\u00a0um termo de coopera\u00e7\u00e3o t\u00e9cnica com oito institui\u00e7\u00f5es, que trabalhar\u00e3o juntas no aux\u00edlio \u00e0 implementa\u00e7\u00e3o dos Planos Municipais de Saneamento B\u00e1sico nos munic\u00edpios goianos.<\/p>\n<p>O documento foi assinado pelo Subprocurador-geral de Justi\u00e7a para Assuntos Institucionais, Altamir Rodrigues J\u00fanior, em substitui\u00e7\u00e3o ao Procurador-geral de Justi\u00e7a, al\u00e9m dos representantes da Saneago, da Associa\u00e7\u00e3o Brasileira de Engenharia Sanit\u00e1ria e Ambiental \u2013 Se\u00e7\u00e3o Goi\u00e1s (Abes-GO), da Ag\u00eancia Goiana de Regula\u00e7\u00e3o, Controle e Fiscaliza\u00e7\u00e3o de Servi\u00e7os P\u00fablicos (AGR), Funda\u00e7\u00e3o Nacional de Sa\u00fade (Funasa), da Federa\u00e7\u00e3o Goiana dos Munic\u00edpios (FGM), da Associa\u00e7\u00e3o Goiana dos Munic\u00edpios (AGM), do Conselho Regional de Engenharia e Agronomia de Goi\u00e1s (Crea-GO) e Secretaria Estadual de Meio Ambiente, Recursos H\u00eddricos, Cidades, Infraestrutura e Assuntos Metropolitanos (Secima).<\/p>\n<p>Conforme destacado pelo Procurador Altamir J\u00fanior, a assinatura do termo representa um importante avan\u00e7o n\u00e3o somente para o MP e as institui\u00e7\u00f5es, mais principalmente para a sociedade.<\/p>\n<p>De acordo com a coordenadora do Centro de Apoio Operacional do Consumidor, Alessandra de Melo Silva, o desenvolvimento dos Planos Municipais de Saneamento B\u00e1sico representam n\u00e3o somente benef\u00edcios para a \u00e1rea de defesa do consumidor, como tamb\u00e9m para o meio ambiente.<\/p>\n<p>Pelo acordo, o MP-GO comprometeu-se a exigir a implementa\u00e7\u00e3o e acompanhar a elabora\u00e7\u00e3o dos planos.<\/p>\n","protected":false},"excerpt":{"rendered":"<p>Por Ol\u00edvio Lemos, com foto e informa\u00e7\u00e3o do site do Minist\u00e9rio P\u00fablico de Goi\u00e1s O Prefeito Issy Quinan J\u00fanior representou [&hellip;]<\/p>\n","protected":false},"author":2,"featured_media":4901,"comment_status":"closed","ping_status":"closed","sticky":false,"template":"","format":"standard","meta":{"_uag_custom_page_level_css":"","site-sidebar-layout":"default","site-content-layout":"","ast-site-content-layout":"default","site-content-style":"default","site-sidebar-style":"default","ast-global-header-display":"","ast-banner-title-visibility":"","ast-main-header-display":"","ast-hfb-above-header-display":"","ast-hfb-below-header-display":"","ast-hfb-mobile-header-display":"","site-post-title":"","ast-breadcrumbs-content":"","ast-featured-img":"","footer-sml-layout":"","ast-disable-related-posts":"","theme-transparent-header-meta":"","adv-header-id-meta":"","stick-header-meta":"","header-above-stick-meta":"","header-main-stick-meta":"","header-below-stick-meta":"","astra-migrate-meta-layouts":"default","ast-page-background-enabled":"default","ast-page-background-meta":{"desktop":{"background-color":"var(--ast-global-color-4)","background-image":"","background-repeat":"repeat","background-position":"center center","background-size":"auto","background-attachment":"scroll","background-type":"","background-media":"","overlay-type":"","overlay-color":"","overlay-opacity":"","overlay-gradient":""},"tablet":{"background-color":"","background-image":"","background-repeat":"repeat","background-position":"center center","background-size":"auto","background-attachment":"scroll","background-type":"","background-media":"","overlay-type":"","overlay-color":"","overlay-opacity":"","overlay-gradient":""},"mobile":{"background-color":"","background-image":"","background-repeat":"repeat","background-position":"center center","background-size":"auto","background-attachment":"scroll","background-type":"","background-media":"","overlay-type":"","overlay-color":"","overlay-opacity":"","overlay-gradient":""}},"ast-content-background-meta":{"desktop":{"background-color":"var(--ast-global-color-5)","background-image":"","background-repeat":"repeat","background-position":"center center","background-size":"auto","background-attachment":"scroll","background-type":"","background-media":"","overlay-type":"","overlay-color":"","overlay-opacity":"","overlay-gradient":""},"tablet":{"background-color":"var(--ast-global-color-5)","background-image":"","background-repeat":"repeat","background-position":"center center","background-size":"auto","background-attachment":"scroll","background-type":"","background-media":"","overlay-type":"","overlay-color":"","overlay-opacity":"","overlay-gradient":""},"mobile":{"background-color":"var(--ast-global-color-5)","background-image":"","background-repeat":"repeat","background-position":"center center","background-size":"auto","background-attachment":"scroll","background-type":"","background-media":"","overlay-type":"","overlay-color":"","overlay-opacity":"","overlay-gradient":""}},"footnotes":""},"categories":[],"tags":[],"class_list":["post-4900","post","type-post","status-publish","format-standard","has-post-thumbnail","hentry"],"uagb_featured_image_src":{"full":["https:\/\/www.correspondentevianopolino.com.br\/site\/wp-content\/uploads\/2015\/11\/Todos-1.jpeg",640,427,false],"thumbnail":["https:\/\/www.correspondentevianopolino.com.br\/site\/wp-content\/uploads\/2015\/11\/Todos-1-150x150.jpeg",150,150,true],"medium":["https:\/\/www.correspondentevianopolino.com.br\/site\/wp-content\/uploads\/2015\/11\/Todos-1-300x200.jpeg",300,200,true],"medium_large":["https:\/\/www.correspondentevianopolino.com.br\/site\/wp-content\/uploads\/2015\/11\/Todos-1.jpeg",640,427,false],"large":["https:\/\/www.correspondentevianopolino.com.br\/site\/wp-content\/uploads\/2015\/11\/Todos-1.jpeg",640,427,false],"1536x1536":["https:\/\/www.correspondentevianopolino.com.br\/site\/wp-content\/uploads\/2015\/11\/Todos-1.jpeg",640,427,false],"2048x2048":["https:\/\/www.correspondentevianopolino.com.br\/site\/wp-content\/uploads\/2015\/11\/Todos-1.jpeg",640,427,false]},"uagb_author_info":{"display_name":"Ol\u00edvio Lemos","author_link":"https:\/\/www.correspondentevianopolino.com.br\/site\/author\/olivio\/"},"uagb_comment_info":0,"uagb_excerpt":"Por Ol\u00edvio Lemos, com foto e informa\u00e7\u00e3o do site do Minist\u00e9rio P\u00fablico de Goi\u00e1s O Prefeito Issy Quinan J\u00fanior representou [&hellip;]","_links":{"self":[{"href":"https:\/\/www.correspondentevianopolino.com.br\/site\/wp-json\/wp\/v2\/posts\/4900","targetHints":{"allow":["GET"]}}],"collection":[{"href":"https:\/\/www.correspondentevianopolino.com.br\/site\/wp-json\/wp\/v2\/posts"}],"about":[{"href":"https:\/\/www.correspondentevianopolino.com.br\/site\/wp-json\/wp\/v2\/types\/post"}],"author":[{"embeddable":true,"href":"https:\/\/www.correspondentevianopolino.com.br\/site\/wp-json\/wp\/v2\/users\/2"}],"replies":[{"embeddable":true,"href":"https:\/\/www.correspondentevianopolino.com.br\/site\/wp-json\/wp\/v2\/comments?post=4900"}],"version-history":[{"count":0,"href":"https:\/\/www.correspondentevianopolino.com.br\/site\/wp-json\/wp\/v2\/posts\/4900\/revisions"}],"wp:featuredmedia":[{"embeddable":true,"href":"https:\/\/www.correspondentevianopolino.com.br\/site\/wp-json\/wp\/v2\/media\/4901"}],"wp:attachment":[{"href":"https:\/\/www.correspondentevianopolino.com.br\/site\/wp-json\/wp\/v2\/media?parent=4900"}],"wp:term":[{"taxonomy":"category","embeddable":true,"href":"https:\/\/www.correspondentevianopolino.com.br\/site\/wp-json\/wp\/v2\/categories?post=4900"},{"taxonomy":"post_tag","embeddable":true,"href":"https:\/\/www.correspondentevianopolino.com.br\/site\/wp-json\/wp\/v2\/tags?post=4900"}],"curies":[{"name":"wp","href":"https:\/\/api.w.org\/{rel}","templated":true}]}}