{"id":4995,"date":"2015-11-26T16:17:07","date_gmt":"2015-11-26T18:17:07","guid":{"rendered":"http:\/\/www.correspondentevianopolino.com.br\/?p=4995"},"modified":"2015-12-03T13:35:50","modified_gmt":"2015-12-03T15:35:50","slug":"tres-homens-sao-presos-acusados-de-roubar-celulares-em-vianopolis","status":"publish","type":"post","link":"https:\/\/www.correspondentevianopolino.com.br\/site\/tres-homens-sao-presos-acusados-de-roubar-celulares-em-vianopolis\/","title":{"rendered":"Tr\u00eas homens s\u00e3o presos acusados de roubar celulares em Vian\u00f3polis"},"content":{"rendered":"<p>Numa a\u00e7\u00e3o comandada pelo Sub-tenente Edson, Comandante do 2\u00ba Pelot\u00e3o da Pol\u00edcia Militar de Vian\u00f3polis, tr\u00eas homens, residentes em Luzi\u00e2nia e Valpara\u00edso de Goi\u00e1s, foram presos na noite de ontem, 25, acusados de roubar celulares em nossa cidade.<\/p>\n<p>Ap\u00f3s receberem den\u00fancia an\u00f4nima de que tr\u00eas elementos em um Uno Mille azul, placas de Luzi\u00e2nia, \u00a0roubaram o celular de uma jovem no Bairro Santos Dumont, por volta das 20h de ontem, os policiais militares realizaram dilig\u00eancias pelas ruas de Vian\u00f3polis e conseguiram prender tr\u00eas elementos com diversas passagens pela pol\u00edcia.<\/p>\n<p>No interior do Uno Mille foram encontrados diversos celulares, al\u00e9m de ferramentas que, segundo a Pol\u00edcia, poderiam ser usadas em furtos de resid\u00eancias.<\/p>\n<p>Foram presos Iran Silva Nunes, 34 anos, Cleidson Machado de Lima, 31 anos, e Adolfo Fl\u00e1vio Ferreira de Souza, de 30 anos de idade.<\/p>\n<p>Ap\u00f3s serem ouvidos pelo Delegado Marcus Vinicius da Costa J\u00fanior, os tr\u00eas foram levados para a Unidade Prisional de Vian\u00f3polis, onde est\u00e3o \u00e0 disposi\u00e7\u00e3o da Justi\u00e7a.<\/p>\n<p>Falando \u00e0 nossa reportagem, o Delegado Marcus Vinicius da Costa J\u00fanior disse que os tr\u00eas v\u00e3o responder por roubo.<\/p>\n","protected":false},"excerpt":{"rendered":"<p>Numa a\u00e7\u00e3o comandada pelo Sub-tenente Edson, Comandante do 2\u00ba Pelot\u00e3o da Pol\u00edcia Militar de Vian\u00f3polis, tr\u00eas homens, residentes em Luzi\u00e2nia [&hellip;]<\/p>\n","protected":false},"author":2,"featured_media":4996,"comment_status":"closed","ping_status":"closed","sticky":false,"template":"","format":"standard","meta":{"_uag_custom_page_level_css":"","site-sidebar-layout":"default","site-content-layout":"","ast-site-content-layout":"default","site-content-style":"default","site-sidebar-style":"default","ast-global-header-display":"","ast-banner-title-visibility":"","ast-main-header-display":"","ast-hfb-above-header-display":"","ast-hfb-below-header-display":"","ast-hfb-mobile-header-display":"","site-post-title":"","ast-breadcrumbs-content":"","ast-featured-img":"","footer-sml-layout":"","ast-disable-related-posts":"","theme-transparent-header-meta":"","adv-header-id-meta":"","stick-header-meta":"","header-above-stick-meta":"","header-main-stick-meta":"","header-below-stick-meta":"","astra-migrate-meta-layouts":"default","ast-page-background-enabled":"default","ast-page-background-meta":{"desktop":{"background-color":"var(--ast-global-color-4)","background-image":"","background-repeat":"repeat","background-position":"center center","background-size":"auto","background-attachment":"scroll","background-type":"","background-media":"","overlay-type":"","overlay-color":"","overlay-opacity":"","overlay-gradient":""},"tablet":{"background-color":"","background-image":"","background-repeat":"repeat","background-position":"center center","background-size":"auto","background-attachment":"scroll","background-type":"","background-media":"","overlay-type":"","overlay-color":"","overlay-opacity":"","overlay-gradient":""},"mobile":{"background-color":"","background-image":"","background-repeat":"repeat","background-position":"center center","background-size":"auto","background-attachment":"scroll","background-type":"","background-media":"","overlay-type":"","overlay-color":"","overlay-opacity":"","overlay-gradient":""}},"ast-content-background-meta":{"desktop":{"background-color":"var(--ast-global-color-5)","background-image":"","background-repeat":"repeat","background-position":"center center","background-size":"auto","background-attachment":"scroll","background-type":"","background-media":"","overlay-type":"","overlay-color":"","overlay-opacity":"","overlay-gradient":""},"tablet":{"background-color":"var(--ast-global-color-5)","background-image":"","background-repeat":"repeat","background-position":"center center","background-size":"auto","background-attachment":"scroll","background-type":"","background-media":"","overlay-type":"","overlay-color":"","overlay-opacity":"","overlay-gradient":""},"mobile":{"background-color":"var(--ast-global-color-5)","background-image":"","background-repeat":"repeat","background-position":"center center","background-size":"auto","background-attachment":"scroll","background-type":"","background-media":"","overlay-type":"","overlay-color":"","overlay-opacity":"","overlay-gradient":""}},"footnotes":""},"categories":[],"tags":[],"class_list":["post-4995","post","type-post","status-publish","format-standard","has-post-thumbnail","hentry"],"uagb_featured_image_src":{"full":["https:\/\/www.correspondentevianopolino.com.br\/site\/wp-content\/uploads\/2015\/11\/IMG-20151126-WA0002.jpg",336,372,false],"thumbnail":["https:\/\/www.correspondentevianopolino.com.br\/site\/wp-content\/uploads\/2015\/11\/IMG-20151126-WA0002-150x150.jpg",150,150,true],"medium":["https:\/\/www.correspondentevianopolino.com.br\/site\/wp-content\/uploads\/2015\/11\/IMG-20151126-WA0002-271x300.jpg",271,300,true],"medium_large":["https:\/\/www.correspondentevianopolino.com.br\/site\/wp-content\/uploads\/2015\/11\/IMG-20151126-WA0002.jpg",336,372,false],"large":["https:\/\/www.correspondentevianopolino.com.br\/site\/wp-content\/uploads\/2015\/11\/IMG-20151126-WA0002.jpg",336,372,false],"1536x1536":["https:\/\/www.correspondentevianopolino.com.br\/site\/wp-content\/uploads\/2015\/11\/IMG-20151126-WA0002.jpg",336,372,false],"2048x2048":["https:\/\/www.correspondentevianopolino.com.br\/site\/wp-content\/uploads\/2015\/11\/IMG-20151126-WA0002.jpg",336,372,false]},"uagb_author_info":{"display_name":"Ol\u00edvio Lemos","author_link":"https:\/\/www.correspondentevianopolino.com.br\/site\/author\/olivio\/"},"uagb_comment_info":0,"uagb_excerpt":"Numa a\u00e7\u00e3o comandada pelo Sub-tenente Edson, Comandante do 2\u00ba Pelot\u00e3o da Pol\u00edcia Militar de Vian\u00f3polis, tr\u00eas homens, residentes em Luzi\u00e2nia [&hellip;]","_links":{"self":[{"href":"https:\/\/www.correspondentevianopolino.com.br\/site\/wp-json\/wp\/v2\/posts\/4995","targetHints":{"allow":["GET"]}}],"collection":[{"href":"https:\/\/www.correspondentevianopolino.com.br\/site\/wp-json\/wp\/v2\/posts"}],"about":[{"href":"https:\/\/www.correspondentevianopolino.com.br\/site\/wp-json\/wp\/v2\/types\/post"}],"author":[{"embeddable":true,"href":"https:\/\/www.correspondentevianopolino.com.br\/site\/wp-json\/wp\/v2\/users\/2"}],"replies":[{"embeddable":true,"href":"https:\/\/www.correspondentevianopolino.com.br\/site\/wp-json\/wp\/v2\/comments?post=4995"}],"version-history":[{"count":0,"href":"https:\/\/www.correspondentevianopolino.com.br\/site\/wp-json\/wp\/v2\/posts\/4995\/revisions"}],"wp:featuredmedia":[{"embeddable":true,"href":"https:\/\/www.correspondentevianopolino.com.br\/site\/wp-json\/wp\/v2\/media\/4996"}],"wp:attachment":[{"href":"https:\/\/www.correspondentevianopolino.com.br\/site\/wp-json\/wp\/v2\/media?parent=4995"}],"wp:term":[{"taxonomy":"category","embeddable":true,"href":"https:\/\/www.correspondentevianopolino.com.br\/site\/wp-json\/wp\/v2\/categories?post=4995"},{"taxonomy":"post_tag","embeddable":true,"href":"https:\/\/www.correspondentevianopolino.com.br\/site\/wp-json\/wp\/v2\/tags?post=4995"}],"curies":[{"name":"wp","href":"https:\/\/api.w.org\/{rel}","templated":true}]}}