{"id":5029,"date":"2015-11-27T10:49:23","date_gmt":"2015-11-27T12:49:23","guid":{"rendered":"http:\/\/www.correspondentevianopolino.com.br\/?p=5029"},"modified":"2015-12-03T16:26:46","modified_gmt":"2015-12-03T18:26:46","slug":"veiculos-do-transporte-escolar-pertencentes-a-empresa-onix-sao-apreendidos-pela-segunda-vez","status":"publish","type":"post","link":"https:\/\/www.correspondentevianopolino.com.br\/site\/veiculos-do-transporte-escolar-pertencentes-a-empresa-onix-sao-apreendidos-pela-segunda-vez\/","title":{"rendered":"Ve\u00edculos do transporte escolar pertencentes \u00e0 empresa Onix s\u00e3o apreendidos pela segunda vez"},"content":{"rendered":"<p>Dois ve\u00edculos do transporte escolar, um \u00f4nibus e uma Kombi, da empresa Onix, respons\u00e1vel pelo transporte de alunos em nosso munic\u00edpio, foram apreendidos pela segunda vez pela Pol\u00edcia Militar, por ordem do Promotor de Justi\u00e7a de Vian\u00f3polis, Julimar Alexandre da Silva. E com um agravante: os ve\u00edculos, que estavam na garagem da Prefeitura ap\u00f3s serem apreendidos no in\u00edcio deste m\u00eas, foram retirados pela empresa Onix, sem autoriza\u00e7\u00e3o judicial.<br \/>\nNa primeira vez, eles foram apreendidos pois n\u00e3o foram levados para serem vistoriados pelo Detran e foram colocados, assim mesmo, para realizar o transporte de alunos em nosso munic\u00edpio.<br \/>\nComo ve\u00edculos sem passar por vistoria n\u00e3o podem transportar alunos, eles foram apreendidos na ocasi\u00e3o por policiais militares, que estavam acompanhados de um representante do Minist\u00e9rio P\u00fablico.<br \/>\nAp\u00f3s serem apreendidos novamente por policiais militares, os ve\u00edculos foram levados para a Delegacia de Pol\u00edcia de Vian\u00f3polis.<br \/>\nDe acordo com o Delegado Marcus Vinicius da Costa J\u00fanior, os motoristas que conduziam os ve\u00edculos v\u00e3o responder a TCO-Termo Circunstanciado de Ocorr\u00eancia e quem ordenou as retiradas dos mesmos responder\u00e1 por desobedi\u00eancia \u00e0 Justi\u00e7a.<br \/>\nOs ve\u00edculos somente ser\u00e3o liberados ap\u00f3s terem as irregularidades sanadas pela empresa \u00d4nix.<\/p>\n","protected":false},"excerpt":{"rendered":"<p>Dois ve\u00edculos do transporte escolar, um \u00f4nibus e uma Kombi, da empresa Onix, respons\u00e1vel pelo transporte de alunos em nosso [&hellip;]<\/p>\n","protected":false},"author":2,"featured_media":5030,"comment_status":"closed","ping_status":"closed","sticky":false,"template":"","format":"standard","meta":{"_uag_custom_page_level_css":"","site-sidebar-layout":"default","site-content-layout":"","ast-site-content-layout":"default","site-content-style":"default","site-sidebar-style":"default","ast-global-header-display":"","ast-banner-title-visibility":"","ast-main-header-display":"","ast-hfb-above-header-display":"","ast-hfb-below-header-display":"","ast-hfb-mobile-header-display":"","site-post-title":"","ast-breadcrumbs-content":"","ast-featured-img":"","footer-sml-layout":"","ast-disable-related-posts":"","theme-transparent-header-meta":"","adv-header-id-meta":"","stick-header-meta":"","header-above-stick-meta":"","header-main-stick-meta":"","header-below-stick-meta":"","astra-migrate-meta-layouts":"default","ast-page-background-enabled":"default","ast-page-background-meta":{"desktop":{"background-color":"var(--ast-global-color-4)","background-image":"","background-repeat":"repeat","background-position":"center center","background-size":"auto","background-attachment":"scroll","background-type":"","background-media":"","overlay-type":"","overlay-color":"","overlay-opacity":"","overlay-gradient":""},"tablet":{"background-color":"","background-image":"","background-repeat":"repeat","background-position":"center center","background-size":"auto","background-attachment":"scroll","background-type":"","background-media":"","overlay-type":"","overlay-color":"","overlay-opacity":"","overlay-gradient":""},"mobile":{"background-color":"","background-image":"","background-repeat":"repeat","background-position":"center center","background-size":"auto","background-attachment":"scroll","background-type":"","background-media":"","overlay-type":"","overlay-color":"","overlay-opacity":"","overlay-gradient":""}},"ast-content-background-meta":{"desktop":{"background-color":"var(--ast-global-color-5)","background-image":"","background-repeat":"repeat","background-position":"center center","background-size":"auto","background-attachment":"scroll","background-type":"","background-media":"","overlay-type":"","overlay-color":"","overlay-opacity":"","overlay-gradient":""},"tablet":{"background-color":"var(--ast-global-color-5)","background-image":"","background-repeat":"repeat","background-position":"center center","background-size":"auto","background-attachment":"scroll","background-type":"","background-media":"","overlay-type":"","overlay-color":"","overlay-opacity":"","overlay-gradient":""},"mobile":{"background-color":"var(--ast-global-color-5)","background-image":"","background-repeat":"repeat","background-position":"center center","background-size":"auto","background-attachment":"scroll","background-type":"","background-media":"","overlay-type":"","overlay-color":"","overlay-opacity":"","overlay-gradient":""}},"footnotes":""},"categories":[],"tags":[],"class_list":["post-5029","post","type-post","status-publish","format-standard","has-post-thumbnail","hentry"],"uagb_featured_image_src":{"full":["https:\/\/www.correspondentevianopolino.com.br\/site\/wp-content\/uploads\/2015\/11\/DSC00143.jpg",448,299,false],"thumbnail":["https:\/\/www.correspondentevianopolino.com.br\/site\/wp-content\/uploads\/2015\/11\/DSC00143-150x150.jpg",150,150,true],"medium":["https:\/\/www.correspondentevianopolino.com.br\/site\/wp-content\/uploads\/2015\/11\/DSC00143-300x200.jpg",300,200,true],"medium_large":["https:\/\/www.correspondentevianopolino.com.br\/site\/wp-content\/uploads\/2015\/11\/DSC00143.jpg",448,299,false],"large":["https:\/\/www.correspondentevianopolino.com.br\/site\/wp-content\/uploads\/2015\/11\/DSC00143.jpg",448,299,false],"1536x1536":["https:\/\/www.correspondentevianopolino.com.br\/site\/wp-content\/uploads\/2015\/11\/DSC00143.jpg",448,299,false],"2048x2048":["https:\/\/www.correspondentevianopolino.com.br\/site\/wp-content\/uploads\/2015\/11\/DSC00143.jpg",448,299,false]},"uagb_author_info":{"display_name":"Ol\u00edvio Lemos","author_link":"https:\/\/www.correspondentevianopolino.com.br\/site\/author\/olivio\/"},"uagb_comment_info":0,"uagb_excerpt":"Dois ve\u00edculos do transporte escolar, um \u00f4nibus e uma Kombi, da empresa Onix, respons\u00e1vel pelo transporte de alunos em nosso [&hellip;]","_links":{"self":[{"href":"https:\/\/www.correspondentevianopolino.com.br\/site\/wp-json\/wp\/v2\/posts\/5029","targetHints":{"allow":["GET"]}}],"collection":[{"href":"https:\/\/www.correspondentevianopolino.com.br\/site\/wp-json\/wp\/v2\/posts"}],"about":[{"href":"https:\/\/www.correspondentevianopolino.com.br\/site\/wp-json\/wp\/v2\/types\/post"}],"author":[{"embeddable":true,"href":"https:\/\/www.correspondentevianopolino.com.br\/site\/wp-json\/wp\/v2\/users\/2"}],"replies":[{"embeddable":true,"href":"https:\/\/www.correspondentevianopolino.com.br\/site\/wp-json\/wp\/v2\/comments?post=5029"}],"version-history":[{"count":0,"href":"https:\/\/www.correspondentevianopolino.com.br\/site\/wp-json\/wp\/v2\/posts\/5029\/revisions"}],"wp:featuredmedia":[{"embeddable":true,"href":"https:\/\/www.correspondentevianopolino.com.br\/site\/wp-json\/wp\/v2\/media\/5030"}],"wp:attachment":[{"href":"https:\/\/www.correspondentevianopolino.com.br\/site\/wp-json\/wp\/v2\/media?parent=5029"}],"wp:term":[{"taxonomy":"category","embeddable":true,"href":"https:\/\/www.correspondentevianopolino.com.br\/site\/wp-json\/wp\/v2\/categories?post=5029"},{"taxonomy":"post_tag","embeddable":true,"href":"https:\/\/www.correspondentevianopolino.com.br\/site\/wp-json\/wp\/v2\/tags?post=5029"}],"curies":[{"name":"wp","href":"https:\/\/api.w.org\/{rel}","templated":true}]}}