{"id":5032,"date":"2015-11-27T13:42:47","date_gmt":"2015-11-27T15:42:47","guid":{"rendered":"http:\/\/www.correspondentevianopolino.com.br\/?p=5032"},"modified":"2015-12-03T16:24:45","modified_gmt":"2015-12-03T18:24:45","slug":"eleicoes-para-diretores-das-escolas-municipais-vao-acontecer-na-proxima-segunda-feira-30","status":"publish","type":"post","link":"https:\/\/www.correspondentevianopolino.com.br\/site\/eleicoes-para-diretores-das-escolas-municipais-vao-acontecer-na-proxima-segunda-feira-30\/","title":{"rendered":"Elei\u00e7\u00f5es para diretores das escolas municipais v\u00e3o acontecer na pr\u00f3xima segunda-feira, 30"},"content":{"rendered":"<p>Ser\u00e3o realizadas na pr\u00f3xima segunda-feira, dia 30, as elei\u00e7\u00f5es para diretores das Escolas Municipais, assim como para a Creche Nossa Senhora da Medalha Milagrosa.<\/p>\n<p>Em tr\u00eas escolas municipais de Vian\u00f3polis, haver\u00e1 disputa pelo cargo de diretor nas elei\u00e7\u00f5es marcadas para a pr\u00f3xima segunda-feira. Al\u00e9m do mais, tr\u00eas das atuais diretoras buscar\u00e3o reelei\u00e7\u00e3o.<\/p>\n<p>Na <strong>Escola Ant\u00f4nio de Souza Lobo Sobrinho, da localidade de Cara\u00edba, nenhum professor se candidatou. <\/strong>Neste caso, o pr\u00f3ximo diretor ser\u00e1 nomeado pelo prefeito Issy Quinan J\u00fanior.<\/p>\n<p>Na<strong> Escola \u00c2ngelo de Paula Albernaz, de Adelin\u00f3polis,<\/strong> onde existe menos de 100 alunos matriculados, o <strong>diretor tamb\u00e9m ser\u00e1 nomeado pelo prefeito municipal.<\/strong><\/p>\n<p>Na<strong> Creche Municipal, a Diretora M\u00e1rcia Helena Corr\u00eaa de Siqueira Canedo tentar\u00e1 a reelei\u00e7\u00e3o<\/strong> e \u00e9 candidata \u00fanica nas elei\u00e7\u00f5es da pr\u00f3xima segunda-feira.<\/p>\n<p>Na<strong> Escola Municipal Ant\u00f4nio de Ara\u00fajo Moraes, da localidade de Ponte Funda,<\/strong> n\u00e3o haver\u00e1 disputa, uma vez que apenas uma professora se inscreveu como candidata. A<strong> professora Alana Maria Carneiro Caixeta \u00e9 candidata \u00fanica<\/strong> ao cargo de diretora da Escola de Ponte Funda.<\/p>\n<p>A disputa pelo cargo se dar\u00e1 nas escolas Lu\u00edza Viana, V\u00f3 Maria e Paulo VI.<\/p>\n<p><strong>Na Escola V\u00f3 Maria, do Bairro Michelli, as professoras T\u00e2nia Garcia Cotrim e Luciene Maria de Souza s\u00e3o candidatas ao cargo de diretora daquela unidade escolar.<\/strong><\/p>\n<p><strong>Na Escola Paulo VI, a disputa pelo cargo de diretor ser\u00e1 entre o professor Leonardo Alves Neto e a professora Neirana de Freitas Pereira, atual diretora.<\/strong><\/p>\n<p><strong>J\u00e1 na Escola Municipal Lu\u00edza Viana, a disputa pelo cargo de diretor ser\u00e1 entre as professoras S\u00edlvia Cinara Santos e Shirlei da Silva Le\u00e3o, atual diretora daquela unidade educacional.<\/strong><\/p>\n<p>Os diretores eleitos nas elei\u00e7\u00f5es da pr\u00f3xima segunda-feira, \u00faltimo dia letivo deste m\u00eas, ter\u00e3o mandato de 3 anos.<\/p>\n<p>A vota\u00e7\u00e3o acontecer\u00e1 de <strong>7 \u00e0s 17h30min<\/strong>, sendo que poder\u00e3o votar pais, servidores das escolas municipais e alunos que estejam cursando a partir do 5\u00ba ano.<\/p>\n","protected":false},"excerpt":{"rendered":"<p>Ser\u00e3o realizadas na pr\u00f3xima segunda-feira, dia 30, as elei\u00e7\u00f5es para diretores das Escolas Municipais, assim como para a Creche Nossa [&hellip;]<\/p>\n","protected":false},"author":2,"featured_media":5033,"comment_status":"closed","ping_status":"closed","sticky":false,"template":"","format":"standard","meta":{"_uag_custom_page_level_css":"","site-sidebar-layout":"default","site-content-layout":"","ast-site-content-layout":"default","site-content-style":"default","site-sidebar-style":"default","ast-global-header-display":"","ast-banner-title-visibility":"","ast-main-header-display":"","ast-hfb-above-header-display":"","ast-hfb-below-header-display":"","ast-hfb-mobile-header-display":"","site-post-title":"","ast-breadcrumbs-content":"","ast-featured-img":"","footer-sml-layout":"","ast-disable-related-posts":"","theme-transparent-header-meta":"","adv-header-id-meta":"","stick-header-meta":"","header-above-stick-meta":"","header-main-stick-meta":"","header-below-stick-meta":"","astra-migrate-meta-layouts":"default","ast-page-background-enabled":"default","ast-page-background-meta":{"desktop":{"background-color":"var(--ast-global-color-4)","background-image":"","background-repeat":"repeat","background-position":"center center","background-size":"auto","background-attachment":"scroll","background-type":"","background-media":"","overlay-type":"","overlay-color":"","overlay-opacity":"","overlay-gradient":""},"tablet":{"background-color":"","background-image":"","background-repeat":"repeat","background-position":"center center","background-size":"auto","background-attachment":"scroll","background-type":"","background-media":"","overlay-type":"","overlay-color":"","overlay-opacity":"","overlay-gradient":""},"mobile":{"background-color":"","background-image":"","background-repeat":"repeat","background-position":"center center","background-size":"auto","background-attachment":"scroll","background-type":"","background-media":"","overlay-type":"","overlay-color":"","overlay-opacity":"","overlay-gradient":""}},"ast-content-background-meta":{"desktop":{"background-color":"var(--ast-global-color-5)","background-image":"","background-repeat":"repeat","background-position":"center center","background-size":"auto","background-attachment":"scroll","background-type":"","background-media":"","overlay-type":"","overlay-color":"","overlay-opacity":"","overlay-gradient":""},"tablet":{"background-color":"var(--ast-global-color-5)","background-image":"","background-repeat":"repeat","background-position":"center center","background-size":"auto","background-attachment":"scroll","background-type":"","background-media":"","overlay-type":"","overlay-color":"","overlay-opacity":"","overlay-gradient":""},"mobile":{"background-color":"var(--ast-global-color-5)","background-image":"","background-repeat":"repeat","background-position":"center center","background-size":"auto","background-attachment":"scroll","background-type":"","background-media":"","overlay-type":"","overlay-color":"","overlay-opacity":"","overlay-gradient":""}},"footnotes":""},"categories":[],"tags":[],"class_list":["post-5032","post","type-post","status-publish","format-standard","has-post-thumbnail","hentry"],"uagb_featured_image_src":{"full":["https:\/\/www.correspondentevianopolino.com.br\/site\/wp-content\/uploads\/2015\/11\/aninha.jpg",314,200,false],"thumbnail":["https:\/\/www.correspondentevianopolino.com.br\/site\/wp-content\/uploads\/2015\/11\/aninha-150x150.jpg",150,150,true],"medium":["https:\/\/www.correspondentevianopolino.com.br\/site\/wp-content\/uploads\/2015\/11\/aninha-300x191.jpg",300,191,true],"medium_large":["https:\/\/www.correspondentevianopolino.com.br\/site\/wp-content\/uploads\/2015\/11\/aninha.jpg",314,200,false],"large":["https:\/\/www.correspondentevianopolino.com.br\/site\/wp-content\/uploads\/2015\/11\/aninha.jpg",314,200,false],"1536x1536":["https:\/\/www.correspondentevianopolino.com.br\/site\/wp-content\/uploads\/2015\/11\/aninha.jpg",314,200,false],"2048x2048":["https:\/\/www.correspondentevianopolino.com.br\/site\/wp-content\/uploads\/2015\/11\/aninha.jpg",314,200,false]},"uagb_author_info":{"display_name":"Ol\u00edvio Lemos","author_link":"https:\/\/www.correspondentevianopolino.com.br\/site\/author\/olivio\/"},"uagb_comment_info":0,"uagb_excerpt":"Ser\u00e3o realizadas na pr\u00f3xima segunda-feira, dia 30, as elei\u00e7\u00f5es para diretores das Escolas Municipais, assim como para a Creche Nossa [&hellip;]","_links":{"self":[{"href":"https:\/\/www.correspondentevianopolino.com.br\/site\/wp-json\/wp\/v2\/posts\/5032","targetHints":{"allow":["GET"]}}],"collection":[{"href":"https:\/\/www.correspondentevianopolino.com.br\/site\/wp-json\/wp\/v2\/posts"}],"about":[{"href":"https:\/\/www.correspondentevianopolino.com.br\/site\/wp-json\/wp\/v2\/types\/post"}],"author":[{"embeddable":true,"href":"https:\/\/www.correspondentevianopolino.com.br\/site\/wp-json\/wp\/v2\/users\/2"}],"replies":[{"embeddable":true,"href":"https:\/\/www.correspondentevianopolino.com.br\/site\/wp-json\/wp\/v2\/comments?post=5032"}],"version-history":[{"count":0,"href":"https:\/\/www.correspondentevianopolino.com.br\/site\/wp-json\/wp\/v2\/posts\/5032\/revisions"}],"wp:featuredmedia":[{"embeddable":true,"href":"https:\/\/www.correspondentevianopolino.com.br\/site\/wp-json\/wp\/v2\/media\/5033"}],"wp:attachment":[{"href":"https:\/\/www.correspondentevianopolino.com.br\/site\/wp-json\/wp\/v2\/media?parent=5032"}],"wp:term":[{"taxonomy":"category","embeddable":true,"href":"https:\/\/www.correspondentevianopolino.com.br\/site\/wp-json\/wp\/v2\/categories?post=5032"},{"taxonomy":"post_tag","embeddable":true,"href":"https:\/\/www.correspondentevianopolino.com.br\/site\/wp-json\/wp\/v2\/tags?post=5032"}],"curies":[{"name":"wp","href":"https:\/\/api.w.org\/{rel}","templated":true}]}}