{"id":5079,"date":"2015-11-29T07:56:19","date_gmt":"2015-11-29T09:56:19","guid":{"rendered":"http:\/\/www.correspondentevianopolino.com.br\/?p=5079"},"modified":"2015-12-03T16:21:55","modified_gmt":"2015-12-03T18:21:55","slug":"aluno-de-vianopolis-conquista-medalha-de-ouro-na-olimpiada-brasileira-de-matematica-das-escolas-publicas","status":"publish","type":"post","link":"https:\/\/www.correspondentevianopolino.com.br\/site\/aluno-de-vianopolis-conquista-medalha-de-ouro-na-olimpiada-brasileira-de-matematica-das-escolas-publicas\/","title":{"rendered":"Aluno de Vian\u00f3polis conquista medalha de ouro na Olimp\u00edada Brasileira de Matem\u00e1tica das Escolas P\u00fablicas"},"content":{"rendered":"<p>Um garoto de 14 anos de idade, residente em Vian\u00f3polis, est\u00e1 entre os 500 alunos brasileiros que conquistaram Medalha de Ouro na 11\u00aa edi\u00e7\u00e3o da Olimp\u00edada Brasileira de Matem\u00e1tica das Escolas P\u00fablicas.<\/p>\n<p>E ele ficou, ainda, entre os 100 primeiros colocados, uma vez que conquistou o 46\u00ba lugar na classifica\u00e7\u00e3o geral de 500 medalhistas.<\/p>\n<p>\u00c9 a primeira vez que um aluno de nosso munic\u00edpio conquista medalha de ouro.<\/p>\n<p>Em outras edi\u00e7\u00f5es da Olimp\u00edada Brasileira de Matem\u00e1tica, alunos de Vian\u00f3polis foram agraciados com medalhas de prata, bronze e com men\u00e7\u00f5es honrosas. No entanto, a primeira medalha de ouro foi conquistada por um aluno que estuda no 7\u00ba ano da Escola Estadual Americano do Brasil. Ele \u00e9 Paulo Victor dos Santos Ara\u00fajo.<\/p>\n<p>Ano passado, Paulo Victor participou da 10\u00aa edi\u00e7\u00e3o e foi agraciado com medalha de prata, sendo o \u00fanico da nossa regi\u00e3o.<\/p>\n<p>Paulo Victor dos Santos Ara\u00fajo reside no Bairro Michelli e \u00e9 criado pela m\u00e3e, Sueli Cardoso dos Santos Ara\u00fajo, comerci\u00e1ria em nossa cidade.<\/p>\n","protected":false},"excerpt":{"rendered":"<p>Um garoto de 14 anos de idade, residente em Vian\u00f3polis, est\u00e1 entre os 500 alunos brasileiros que conquistaram Medalha de [&hellip;]<\/p>\n","protected":false},"author":2,"featured_media":5093,"comment_status":"closed","ping_status":"closed","sticky":false,"template":"","format":"standard","meta":{"_uag_custom_page_level_css":"","site-sidebar-layout":"default","site-content-layout":"","ast-site-content-layout":"default","site-content-style":"default","site-sidebar-style":"default","ast-global-header-display":"","ast-banner-title-visibility":"","ast-main-header-display":"","ast-hfb-above-header-display":"","ast-hfb-below-header-display":"","ast-hfb-mobile-header-display":"","site-post-title":"","ast-breadcrumbs-content":"","ast-featured-img":"","footer-sml-layout":"","ast-disable-related-posts":"","theme-transparent-header-meta":"","adv-header-id-meta":"","stick-header-meta":"","header-above-stick-meta":"","header-main-stick-meta":"","header-below-stick-meta":"","astra-migrate-meta-layouts":"default","ast-page-background-enabled":"default","ast-page-background-meta":{"desktop":{"background-color":"var(--ast-global-color-4)","background-image":"","background-repeat":"repeat","background-position":"center center","background-size":"auto","background-attachment":"scroll","background-type":"","background-media":"","overlay-type":"","overlay-color":"","overlay-opacity":"","overlay-gradient":""},"tablet":{"background-color":"","background-image":"","background-repeat":"repeat","background-position":"center center","background-size":"auto","background-attachment":"scroll","background-type":"","background-media":"","overlay-type":"","overlay-color":"","overlay-opacity":"","overlay-gradient":""},"mobile":{"background-color":"","background-image":"","background-repeat":"repeat","background-position":"center center","background-size":"auto","background-attachment":"scroll","background-type":"","background-media":"","overlay-type":"","overlay-color":"","overlay-opacity":"","overlay-gradient":""}},"ast-content-background-meta":{"desktop":{"background-color":"var(--ast-global-color-5)","background-image":"","background-repeat":"repeat","background-position":"center center","background-size":"auto","background-attachment":"scroll","background-type":"","background-media":"","overlay-type":"","overlay-color":"","overlay-opacity":"","overlay-gradient":""},"tablet":{"background-color":"var(--ast-global-color-5)","background-image":"","background-repeat":"repeat","background-position":"center center","background-size":"auto","background-attachment":"scroll","background-type":"","background-media":"","overlay-type":"","overlay-color":"","overlay-opacity":"","overlay-gradient":""},"mobile":{"background-color":"var(--ast-global-color-5)","background-image":"","background-repeat":"repeat","background-position":"center center","background-size":"auto","background-attachment":"scroll","background-type":"","background-media":"","overlay-type":"","overlay-color":"","overlay-opacity":"","overlay-gradient":""}},"footnotes":""},"categories":[],"tags":[],"class_list":["post-5079","post","type-post","status-publish","format-standard","has-post-thumbnail","hentry"],"uagb_featured_image_src":{"full":["https:\/\/www.correspondentevianopolino.com.br\/site\/wp-content\/uploads\/2015\/11\/DSC00201.jpg",640,426,false],"thumbnail":["https:\/\/www.correspondentevianopolino.com.br\/site\/wp-content\/uploads\/2015\/11\/DSC00201-150x150.jpg",150,150,true],"medium":["https:\/\/www.correspondentevianopolino.com.br\/site\/wp-content\/uploads\/2015\/11\/DSC00201-300x200.jpg",300,200,true],"medium_large":["https:\/\/www.correspondentevianopolino.com.br\/site\/wp-content\/uploads\/2015\/11\/DSC00201.jpg",640,426,false],"large":["https:\/\/www.correspondentevianopolino.com.br\/site\/wp-content\/uploads\/2015\/11\/DSC00201.jpg",640,426,false],"1536x1536":["https:\/\/www.correspondentevianopolino.com.br\/site\/wp-content\/uploads\/2015\/11\/DSC00201.jpg",640,426,false],"2048x2048":["https:\/\/www.correspondentevianopolino.com.br\/site\/wp-content\/uploads\/2015\/11\/DSC00201.jpg",640,426,false]},"uagb_author_info":{"display_name":"Ol\u00edvio Lemos","author_link":"https:\/\/www.correspondentevianopolino.com.br\/site\/author\/olivio\/"},"uagb_comment_info":0,"uagb_excerpt":"Um garoto de 14 anos de idade, residente em Vian\u00f3polis, est\u00e1 entre os 500 alunos brasileiros que conquistaram Medalha de [&hellip;]","_links":{"self":[{"href":"https:\/\/www.correspondentevianopolino.com.br\/site\/wp-json\/wp\/v2\/posts\/5079","targetHints":{"allow":["GET"]}}],"collection":[{"href":"https:\/\/www.correspondentevianopolino.com.br\/site\/wp-json\/wp\/v2\/posts"}],"about":[{"href":"https:\/\/www.correspondentevianopolino.com.br\/site\/wp-json\/wp\/v2\/types\/post"}],"author":[{"embeddable":true,"href":"https:\/\/www.correspondentevianopolino.com.br\/site\/wp-json\/wp\/v2\/users\/2"}],"replies":[{"embeddable":true,"href":"https:\/\/www.correspondentevianopolino.com.br\/site\/wp-json\/wp\/v2\/comments?post=5079"}],"version-history":[{"count":0,"href":"https:\/\/www.correspondentevianopolino.com.br\/site\/wp-json\/wp\/v2\/posts\/5079\/revisions"}],"wp:featuredmedia":[{"embeddable":true,"href":"https:\/\/www.correspondentevianopolino.com.br\/site\/wp-json\/wp\/v2\/media\/5093"}],"wp:attachment":[{"href":"https:\/\/www.correspondentevianopolino.com.br\/site\/wp-json\/wp\/v2\/media?parent=5079"}],"wp:term":[{"taxonomy":"category","embeddable":true,"href":"https:\/\/www.correspondentevianopolino.com.br\/site\/wp-json\/wp\/v2\/categories?post=5079"},{"taxonomy":"post_tag","embeddable":true,"href":"https:\/\/www.correspondentevianopolino.com.br\/site\/wp-json\/wp\/v2\/tags?post=5079"}],"curies":[{"name":"wp","href":"https:\/\/api.w.org\/{rel}","templated":true}]}}