{"id":5104,"date":"2015-11-30T06:30:43","date_gmt":"2015-11-30T08:30:43","guid":{"rendered":"http:\/\/www.correspondentevianopolino.com.br\/?p=5104"},"modified":"2015-12-03T16:23:02","modified_gmt":"2015-12-03T18:23:02","slug":"hoje-e-dia-de-votar-nas-eleicoes-das-escolas-municipais","status":"publish","type":"post","link":"https:\/\/www.correspondentevianopolino.com.br\/site\/hoje-e-dia-de-votar-nas-eleicoes-das-escolas-municipais\/","title":{"rendered":"Resultado das elei\u00e7\u00f5es para diretores das Escolas Municipais"},"content":{"rendered":"<p><strong>Resultado oficial divulgado pelo Presidente da Comiss\u00e3o Eleitoral, Carlos de Souza Lobo, que coordena \u00e0s elei\u00e7\u00f5es das escolas municipais:<\/strong><\/p>\n<p>Na Escola Municipal Ant\u00f4nio de Ara\u00fajo Moraes, da localidade de Ponte Funda, <strong>a professora Alana Maria Carneiro Caixeta, candidata \u00fanica, foi eleita para o cargo obtendo 84,21% dos votos v\u00e1lidos. <\/strong>No total, na Escola de Ponte Funda, foram computados 209 votos, sendo 4 nulos e 29 contra.<\/p>\n<p>Na Creche Municipal, <strong>a Diretora M\u00e1rcia Helena Corr\u00eaa de Siqueira Canedo foi reeleita obtendo 90,86%\u00a0 do total de votantes. <\/strong>Votaram 176, sendo que 16 votaram contra e foram computados 2 votos em branco.<\/p>\n<p>Na Escola V\u00f3 Maria do Bairro Michelli, as professoras T\u00e2nia Garcia Cotrim e Luciene Maria de Souza disputaram o cargo de diretora, tendo sido a professora <strong>T\u00e2nia Garcia Cotrim foi eleita com 54,64% dos votos v\u00e1lidos<\/strong>. Luciene Maria de Souza obteve 43,86% dos votos.<\/p>\n<p>Votaram 269 pessoas nas elei\u00e7\u00f5es para diretor da Escola V\u00f3 Maria.<\/p>\n<p>Na Escola Paulo VI, a disputa pelo cargo de diretor foi entre o professor Leonardo Alves Neto e a professora Neirana de Freitas Pereira, atual diretora.<\/p>\n<p><strong>A vit\u00f3ria foi de Leonardo Alves Neto, que obteve 62,44% dos votos apurados<\/strong>, enquanto que Neirana de Freitas Pereira obteve 37,07% dos votos v\u00e1lidos. No total, 205 pessoas votaram para diretor da Escola Paulo VI.<\/p>\n<p>J\u00e1 na Escola Municipal Lu\u00edza Viana, a disputa pelo cargo de diretor foi entre as professoras S\u00edlvia Cinara Santos e Shirlei da Silva Le\u00e3o, atual diretora daquela unidade escolar.<\/p>\n<p><strong>A professora S\u00edlvia Cinara Santos foi eleita diretora<\/strong>, uma vez que obteve 63,55% dos votos v\u00e1lidos contra 36,13% de Shirlei da Silva Le\u00e3o. No total, 310 pessoas votaram nas elei\u00e7\u00f5es para diretor da Escola Lu\u00edza Viana.<\/p>\n","protected":false},"excerpt":{"rendered":"<p>Resultado oficial divulgado pelo Presidente da Comiss\u00e3o Eleitoral, Carlos de Souza Lobo, que coordena \u00e0s elei\u00e7\u00f5es das escolas municipais: Na [&hellip;]<\/p>\n","protected":false},"author":2,"featured_media":5127,"comment_status":"closed","ping_status":"closed","sticky":false,"template":"","format":"standard","meta":{"_uag_custom_page_level_css":"","site-sidebar-layout":"default","site-content-layout":"","ast-site-content-layout":"default","site-content-style":"default","site-sidebar-style":"default","ast-global-header-display":"","ast-banner-title-visibility":"","ast-main-header-display":"","ast-hfb-above-header-display":"","ast-hfb-below-header-display":"","ast-hfb-mobile-header-display":"","site-post-title":"","ast-breadcrumbs-content":"","ast-featured-img":"","footer-sml-layout":"","ast-disable-related-posts":"","theme-transparent-header-meta":"","adv-header-id-meta":"","stick-header-meta":"","header-above-stick-meta":"","header-main-stick-meta":"","header-below-stick-meta":"","astra-migrate-meta-layouts":"default","ast-page-background-enabled":"default","ast-page-background-meta":{"desktop":{"background-color":"var(--ast-global-color-4)","background-image":"","background-repeat":"repeat","background-position":"center center","background-size":"auto","background-attachment":"scroll","background-type":"","background-media":"","overlay-type":"","overlay-color":"","overlay-opacity":"","overlay-gradient":""},"tablet":{"background-color":"","background-image":"","background-repeat":"repeat","background-position":"center center","background-size":"auto","background-attachment":"scroll","background-type":"","background-media":"","overlay-type":"","overlay-color":"","overlay-opacity":"","overlay-gradient":""},"mobile":{"background-color":"","background-image":"","background-repeat":"repeat","background-position":"center center","background-size":"auto","background-attachment":"scroll","background-type":"","background-media":"","overlay-type":"","overlay-color":"","overlay-opacity":"","overlay-gradient":""}},"ast-content-background-meta":{"desktop":{"background-color":"var(--ast-global-color-5)","background-image":"","background-repeat":"repeat","background-position":"center center","background-size":"auto","background-attachment":"scroll","background-type":"","background-media":"","overlay-type":"","overlay-color":"","overlay-opacity":"","overlay-gradient":""},"tablet":{"background-color":"var(--ast-global-color-5)","background-image":"","background-repeat":"repeat","background-position":"center center","background-size":"auto","background-attachment":"scroll","background-type":"","background-media":"","overlay-type":"","overlay-color":"","overlay-opacity":"","overlay-gradient":""},"mobile":{"background-color":"var(--ast-global-color-5)","background-image":"","background-repeat":"repeat","background-position":"center center","background-size":"auto","background-attachment":"scroll","background-type":"","background-media":"","overlay-type":"","overlay-color":"","overlay-opacity":"","overlay-gradient":""}},"footnotes":""},"categories":[],"tags":[],"class_list":["post-5104","post","type-post","status-publish","format-standard","has-post-thumbnail","hentry"],"uagb_featured_image_src":{"full":["https:\/\/www.correspondentevianopolino.com.br\/site\/wp-content\/uploads\/2015\/11\/ARTE-ELEI\u00c7\u00c3O.jpg",448,317,false],"thumbnail":["https:\/\/www.correspondentevianopolino.com.br\/site\/wp-content\/uploads\/2015\/11\/ARTE-ELEI\u00c7\u00c3O-150x150.jpg",150,150,true],"medium":["https:\/\/www.correspondentevianopolino.com.br\/site\/wp-content\/uploads\/2015\/11\/ARTE-ELEI\u00c7\u00c3O-300x212.jpg",300,212,true],"medium_large":["https:\/\/www.correspondentevianopolino.com.br\/site\/wp-content\/uploads\/2015\/11\/ARTE-ELEI\u00c7\u00c3O.jpg",448,317,false],"large":["https:\/\/www.correspondentevianopolino.com.br\/site\/wp-content\/uploads\/2015\/11\/ARTE-ELEI\u00c7\u00c3O.jpg",448,317,false],"1536x1536":["https:\/\/www.correspondentevianopolino.com.br\/site\/wp-content\/uploads\/2015\/11\/ARTE-ELEI\u00c7\u00c3O.jpg",448,317,false],"2048x2048":["https:\/\/www.correspondentevianopolino.com.br\/site\/wp-content\/uploads\/2015\/11\/ARTE-ELEI\u00c7\u00c3O.jpg",448,317,false]},"uagb_author_info":{"display_name":"Ol\u00edvio Lemos","author_link":"https:\/\/www.correspondentevianopolino.com.br\/site\/author\/olivio\/"},"uagb_comment_info":0,"uagb_excerpt":"Resultado oficial divulgado pelo Presidente da Comiss\u00e3o Eleitoral, Carlos de Souza Lobo, que coordena \u00e0s elei\u00e7\u00f5es das escolas municipais: Na [&hellip;]","_links":{"self":[{"href":"https:\/\/www.correspondentevianopolino.com.br\/site\/wp-json\/wp\/v2\/posts\/5104","targetHints":{"allow":["GET"]}}],"collection":[{"href":"https:\/\/www.correspondentevianopolino.com.br\/site\/wp-json\/wp\/v2\/posts"}],"about":[{"href":"https:\/\/www.correspondentevianopolino.com.br\/site\/wp-json\/wp\/v2\/types\/post"}],"author":[{"embeddable":true,"href":"https:\/\/www.correspondentevianopolino.com.br\/site\/wp-json\/wp\/v2\/users\/2"}],"replies":[{"embeddable":true,"href":"https:\/\/www.correspondentevianopolino.com.br\/site\/wp-json\/wp\/v2\/comments?post=5104"}],"version-history":[{"count":0,"href":"https:\/\/www.correspondentevianopolino.com.br\/site\/wp-json\/wp\/v2\/posts\/5104\/revisions"}],"wp:featuredmedia":[{"embeddable":true,"href":"https:\/\/www.correspondentevianopolino.com.br\/site\/wp-json\/wp\/v2\/media\/5127"}],"wp:attachment":[{"href":"https:\/\/www.correspondentevianopolino.com.br\/site\/wp-json\/wp\/v2\/media?parent=5104"}],"wp:term":[{"taxonomy":"category","embeddable":true,"href":"https:\/\/www.correspondentevianopolino.com.br\/site\/wp-json\/wp\/v2\/categories?post=5104"},{"taxonomy":"post_tag","embeddable":true,"href":"https:\/\/www.correspondentevianopolino.com.br\/site\/wp-json\/wp\/v2\/tags?post=5104"}],"curies":[{"name":"wp","href":"https:\/\/api.w.org\/{rel}","templated":true}]}}