{"id":51324,"date":"2019-05-02T20:14:47","date_gmt":"2019-05-02T23:14:47","guid":{"rendered":"http:\/\/www.correspondentevianopolino.com.br\/site\/?p=51324"},"modified":"2019-05-03T21:55:18","modified_gmt":"2019-05-04T00:55:18","slug":"dupla-gabriel-e-rafael-fara-show-na-reinauguracao-da-praca-19-de-agosto","status":"publish","type":"post","link":"https:\/\/www.correspondentevianopolino.com.br\/site\/dupla-gabriel-e-rafael-fara-show-na-reinauguracao-da-praca-19-de-agosto\/","title":{"rendered":"Dupla Gabriel e Rafael far\u00e1 show na reinaugura\u00e7\u00e3o da Pra\u00e7a 19 de Agosto"},"content":{"rendered":"<p>A Pra\u00e7a 19 de Agosto, que foi totalmente revitalizada pelo Governo de Vian\u00f3polis, ser\u00e1 reinaugurada no pr\u00f3ximo s\u00e1bado, 04.<\/p>\n<p>A programa\u00e7\u00e3o de reinaugura\u00e7\u00e3o j\u00e1 foi definida e anunciada oficialmente.<\/p>\n<p>\u00c0s 20h, haver\u00e1 a contagem regressiva para que seja acesa a nova ilumina\u00e7\u00e3o da Pra\u00e7a e, em seguida, fogos de artif\u00edcios.<\/p>\n<p>Ap\u00f3s o descerramento da placa de reinaugura\u00e7\u00e3o, haver\u00e1 pronunciamento das autoridades.<\/p>\n<p>\u00c0s 22h, come\u00e7a o show da Dupla Gabriel e Rafael, detentora de grande sucessos da m\u00fasica sertaneja, dentre eles, Meu Nada, Choro Raro, Quem Beijou, Beijou e Tirei de Letra, que teve a participa\u00e7\u00e3o do saudoso jovem cantor Cristiano Ara\u00fajo, quando a melodia foi gravada.<\/p>\n<p>Iniciada com recursos do Estado, a revitaliza\u00e7\u00e3o s\u00f3 foi conclu\u00edda com recursos do tesouro municipal, uma vez que a administra\u00e7\u00e3o estadual anterior n\u00e3o fez o repasse do total que estava previsto para a conclus\u00e3o da obra.<\/p>\n<p>Al\u00e9m da Pra\u00e7a de Alimenta\u00e7\u00e3o com diversos quiosques, a Pra\u00e7a conta com banheiros p\u00fablicos e paisagismo moderno.<\/p>\n<p>&nbsp;<\/p>\n<p><img decoding=\"async\" class=\"alignnone size-full wp-image-51378\" src=\"https:\/\/www.correspondentevianopolino.com.br\/site\/wp-content\/uploads\/2019\/05\/59301333_2283894288536605_6022759886729773056_n.jpg\" alt=\"59301333_2283894288536605_6022759886729773056_n\" width=\"960\" height=\"851\" srcset=\"https:\/\/www.correspondentevianopolino.com.br\/site\/wp-content\/uploads\/2019\/05\/59301333_2283894288536605_6022759886729773056_n.jpg 960w, https:\/\/www.correspondentevianopolino.com.br\/site\/wp-content\/uploads\/2019\/05\/59301333_2283894288536605_6022759886729773056_n-300x266.jpg 300w, https:\/\/www.correspondentevianopolino.com.br\/site\/wp-content\/uploads\/2019\/05\/59301333_2283894288536605_6022759886729773056_n-768x681.jpg 768w\" sizes=\"(max-width: 960px) 100vw, 960px\" \/><\/p>\n","protected":false},"excerpt":{"rendered":"<p>A Pra\u00e7a 19 de Agosto, que foi totalmente revitalizada pelo Governo de Vian\u00f3polis, ser\u00e1 reinaugurada no pr\u00f3ximo s\u00e1bado, 04. A [&hellip;]<\/p>\n","protected":false},"author":2,"featured_media":51327,"comment_status":"open","ping_status":"closed","sticky":false,"template":"","format":"standard","meta":{"_uag_custom_page_level_css":"","site-sidebar-layout":"default","site-content-layout":"","ast-site-content-layout":"default","site-content-style":"default","site-sidebar-style":"default","ast-global-header-display":"","ast-banner-title-visibility":"","ast-main-header-display":"","ast-hfb-above-header-display":"","ast-hfb-below-header-display":"","ast-hfb-mobile-header-display":"","site-post-title":"","ast-breadcrumbs-content":"","ast-featured-img":"","footer-sml-layout":"","ast-disable-related-posts":"","theme-transparent-header-meta":"","adv-header-id-meta":"","stick-header-meta":"","header-above-stick-meta":"","header-main-stick-meta":"","header-below-stick-meta":"","astra-migrate-meta-layouts":"default","ast-page-background-enabled":"default","ast-page-background-meta":{"desktop":{"background-color":"var(--ast-global-color-4)","background-image":"","background-repeat":"repeat","background-position":"center center","background-size":"auto","background-attachment":"scroll","background-type":"","background-media":"","overlay-type":"","overlay-color":"","overlay-opacity":"","overlay-gradient":""},"tablet":{"background-color":"","background-image":"","background-repeat":"repeat","background-position":"center center","background-size":"auto","background-attachment":"scroll","background-type":"","background-media":"","overlay-type":"","overlay-color":"","overlay-opacity":"","overlay-gradient":""},"mobile":{"background-color":"","background-image":"","background-repeat":"repeat","background-position":"center center","background-size":"auto","background-attachment":"scroll","background-type":"","background-media":"","overlay-type":"","overlay-color":"","overlay-opacity":"","overlay-gradient":""}},"ast-content-background-meta":{"desktop":{"background-color":"var(--ast-global-color-5)","background-image":"","background-repeat":"repeat","background-position":"center center","background-size":"auto","background-attachment":"scroll","background-type":"","background-media":"","overlay-type":"","overlay-color":"","overlay-opacity":"","overlay-gradient":""},"tablet":{"background-color":"var(--ast-global-color-5)","background-image":"","background-repeat":"repeat","background-position":"center center","background-size":"auto","background-attachment":"scroll","background-type":"","background-media":"","overlay-type":"","overlay-color":"","overlay-opacity":"","overlay-gradient":""},"mobile":{"background-color":"var(--ast-global-color-5)","background-image":"","background-repeat":"repeat","background-position":"center center","background-size":"auto","background-attachment":"scroll","background-type":"","background-media":"","overlay-type":"","overlay-color":"","overlay-opacity":"","overlay-gradient":""}},"footnotes":""},"categories":[1],"tags":[],"class_list":["post-51324","post","type-post","status-publish","format-standard","has-post-thumbnail","hentry","category-ultimas"],"uagb_featured_image_src":{"full":["https:\/\/www.correspondentevianopolino.com.br\/site\/wp-content\/uploads\/2019\/05\/47585010_377535843073329_1862642668402349886_n.jpg",864,1080,false],"thumbnail":["https:\/\/www.correspondentevianopolino.com.br\/site\/wp-content\/uploads\/2019\/05\/47585010_377535843073329_1862642668402349886_n-150x150.jpg",150,150,true],"medium":["https:\/\/www.correspondentevianopolino.com.br\/site\/wp-content\/uploads\/2019\/05\/47585010_377535843073329_1862642668402349886_n-240x300.jpg",240,300,true],"medium_large":["https:\/\/www.correspondentevianopolino.com.br\/site\/wp-content\/uploads\/2019\/05\/47585010_377535843073329_1862642668402349886_n-768x960.jpg",768,960,true],"large":["https:\/\/www.correspondentevianopolino.com.br\/site\/wp-content\/uploads\/2019\/05\/47585010_377535843073329_1862642668402349886_n-819x1024.jpg",540,675,true],"1536x1536":["https:\/\/www.correspondentevianopolino.com.br\/site\/wp-content\/uploads\/2019\/05\/47585010_377535843073329_1862642668402349886_n.jpg",864,1080,false],"2048x2048":["https:\/\/www.correspondentevianopolino.com.br\/site\/wp-content\/uploads\/2019\/05\/47585010_377535843073329_1862642668402349886_n.jpg",864,1080,false]},"uagb_author_info":{"display_name":"Ol\u00edvio Lemos","author_link":"https:\/\/www.correspondentevianopolino.com.br\/site\/author\/olivio\/"},"uagb_comment_info":0,"uagb_excerpt":"A Pra\u00e7a 19 de Agosto, que foi totalmente revitalizada pelo Governo de Vian\u00f3polis, ser\u00e1 reinaugurada no pr\u00f3ximo s\u00e1bado, 04. A [&hellip;]","_links":{"self":[{"href":"https:\/\/www.correspondentevianopolino.com.br\/site\/wp-json\/wp\/v2\/posts\/51324","targetHints":{"allow":["GET"]}}],"collection":[{"href":"https:\/\/www.correspondentevianopolino.com.br\/site\/wp-json\/wp\/v2\/posts"}],"about":[{"href":"https:\/\/www.correspondentevianopolino.com.br\/site\/wp-json\/wp\/v2\/types\/post"}],"author":[{"embeddable":true,"href":"https:\/\/www.correspondentevianopolino.com.br\/site\/wp-json\/wp\/v2\/users\/2"}],"replies":[{"embeddable":true,"href":"https:\/\/www.correspondentevianopolino.com.br\/site\/wp-json\/wp\/v2\/comments?post=51324"}],"version-history":[{"count":0,"href":"https:\/\/www.correspondentevianopolino.com.br\/site\/wp-json\/wp\/v2\/posts\/51324\/revisions"}],"wp:featuredmedia":[{"embeddable":true,"href":"https:\/\/www.correspondentevianopolino.com.br\/site\/wp-json\/wp\/v2\/media\/51327"}],"wp:attachment":[{"href":"https:\/\/www.correspondentevianopolino.com.br\/site\/wp-json\/wp\/v2\/media?parent=51324"}],"wp:term":[{"taxonomy":"category","embeddable":true,"href":"https:\/\/www.correspondentevianopolino.com.br\/site\/wp-json\/wp\/v2\/categories?post=51324"},{"taxonomy":"post_tag","embeddable":true,"href":"https:\/\/www.correspondentevianopolino.com.br\/site\/wp-json\/wp\/v2\/tags?post=51324"}],"curies":[{"name":"wp","href":"https:\/\/api.w.org\/{rel}","templated":true}]}}