{"id":51333,"date":"2019-05-03T05:10:51","date_gmt":"2019-05-03T08:10:51","guid":{"rendered":"http:\/\/www.correspondentevianopolino.com.br\/site\/?p=51333"},"modified":"2019-05-03T21:59:46","modified_gmt":"2019-05-04T00:59:46","slug":"agenfa-de-vianopolis-agora-conta-com-mais-um-servidor-para-atender-as-pessoas-que-procuram-aquela-reparticao","status":"publish","type":"post","link":"https:\/\/www.correspondentevianopolino.com.br\/site\/agenfa-de-vianopolis-agora-conta-com-mais-um-servidor-para-atender-as-pessoas-que-procuram-aquela-reparticao\/","title":{"rendered":"Agenfa de Vian\u00f3polis agora conta com mais um servidor para atender \u00e0s pessoas que procuram aquela reparti\u00e7\u00e3o"},"content":{"rendered":"<p>A Agenfa de Vian\u00f3polis, que recentemente ficou fechada por alguns dias devido \u00e0 falta de funcion\u00e1rio, agora conta com dois servidores para atender \u00e0s pessoas que se dirigirem \u00e0quela reparti\u00e7\u00e3o p\u00fablica estadual.<\/p>\n<p>Al\u00e9m de Luzia Pazzinato, a Agenfa local agora conta com os servi\u00e7os do servidor p\u00fablico estadual efetivo Cleydson Augusto Gon\u00e7alves Mascarenhas (Cleidim), que pertence \u00e0 Secretaria de Estado da Administra\u00e7\u00e3o e estava lotado na Agrodefesa de nossa cidade.<\/p>\n<p>Cledim que foi aprovado em concurso p\u00fablico em 2006 e trabalhou na Agrodefesa por mais de 11 anos, agora est\u00e1 \u00e0 disposi\u00e7\u00e3o da Agenfa de Vian\u00f3polis.<\/p>\n<p>&nbsp;<\/p>\n<p><img decoding=\"async\" class=\"alignnone size-full wp-image-51336\" src=\"https:\/\/www.correspondentevianopolino.com.br\/site\/wp-content\/uploads\/2019\/05\/thumbnail-2.jpg\" alt=\"thumbnail (2)\" width=\"360\" height=\"640\" srcset=\"https:\/\/www.correspondentevianopolino.com.br\/site\/wp-content\/uploads\/2019\/05\/thumbnail-2.jpg 360w, https:\/\/www.correspondentevianopolino.com.br\/site\/wp-content\/uploads\/2019\/05\/thumbnail-2-169x300.jpg 169w\" sizes=\"(max-width: 360px) 100vw, 360px\" \/><\/p>\n","protected":false},"excerpt":{"rendered":"<p>A Agenfa de Vian\u00f3polis, que recentemente ficou fechada por alguns dias devido \u00e0 falta de funcion\u00e1rio, agora conta com dois [&hellip;]<\/p>\n","protected":false},"author":2,"featured_media":51334,"comment_status":"open","ping_status":"closed","sticky":false,"template":"","format":"standard","meta":{"_uag_custom_page_level_css":"","site-sidebar-layout":"default","site-content-layout":"","ast-site-content-layout":"default","site-content-style":"default","site-sidebar-style":"default","ast-global-header-display":"","ast-banner-title-visibility":"","ast-main-header-display":"","ast-hfb-above-header-display":"","ast-hfb-below-header-display":"","ast-hfb-mobile-header-display":"","site-post-title":"","ast-breadcrumbs-content":"","ast-featured-img":"","footer-sml-layout":"","ast-disable-related-posts":"","theme-transparent-header-meta":"","adv-header-id-meta":"","stick-header-meta":"","header-above-stick-meta":"","header-main-stick-meta":"","header-below-stick-meta":"","astra-migrate-meta-layouts":"default","ast-page-background-enabled":"default","ast-page-background-meta":{"desktop":{"background-color":"var(--ast-global-color-4)","background-image":"","background-repeat":"repeat","background-position":"center center","background-size":"auto","background-attachment":"scroll","background-type":"","background-media":"","overlay-type":"","overlay-color":"","overlay-opacity":"","overlay-gradient":""},"tablet":{"background-color":"","background-image":"","background-repeat":"repeat","background-position":"center center","background-size":"auto","background-attachment":"scroll","background-type":"","background-media":"","overlay-type":"","overlay-color":"","overlay-opacity":"","overlay-gradient":""},"mobile":{"background-color":"","background-image":"","background-repeat":"repeat","background-position":"center center","background-size":"auto","background-attachment":"scroll","background-type":"","background-media":"","overlay-type":"","overlay-color":"","overlay-opacity":"","overlay-gradient":""}},"ast-content-background-meta":{"desktop":{"background-color":"var(--ast-global-color-5)","background-image":"","background-repeat":"repeat","background-position":"center center","background-size":"auto","background-attachment":"scroll","background-type":"","background-media":"","overlay-type":"","overlay-color":"","overlay-opacity":"","overlay-gradient":""},"tablet":{"background-color":"var(--ast-global-color-5)","background-image":"","background-repeat":"repeat","background-position":"center center","background-size":"auto","background-attachment":"scroll","background-type":"","background-media":"","overlay-type":"","overlay-color":"","overlay-opacity":"","overlay-gradient":""},"mobile":{"background-color":"var(--ast-global-color-5)","background-image":"","background-repeat":"repeat","background-position":"center center","background-size":"auto","background-attachment":"scroll","background-type":"","background-media":"","overlay-type":"","overlay-color":"","overlay-opacity":"","overlay-gradient":""}},"footnotes":""},"categories":[1],"tags":[],"class_list":["post-51333","post","type-post","status-publish","format-standard","has-post-thumbnail","hentry","category-ultimas"],"uagb_featured_image_src":{"full":["https:\/\/www.correspondentevianopolino.com.br\/site\/wp-content\/uploads\/2019\/05\/20190502_163522-1.jpg",360,640,false],"thumbnail":["https:\/\/www.correspondentevianopolino.com.br\/site\/wp-content\/uploads\/2019\/05\/20190502_163522-1-150x150.jpg",150,150,true],"medium":["https:\/\/www.correspondentevianopolino.com.br\/site\/wp-content\/uploads\/2019\/05\/20190502_163522-1-169x300.jpg",169,300,true],"medium_large":["https:\/\/www.correspondentevianopolino.com.br\/site\/wp-content\/uploads\/2019\/05\/20190502_163522-1.jpg",360,640,false],"large":["https:\/\/www.correspondentevianopolino.com.br\/site\/wp-content\/uploads\/2019\/05\/20190502_163522-1.jpg",360,640,false],"1536x1536":["https:\/\/www.correspondentevianopolino.com.br\/site\/wp-content\/uploads\/2019\/05\/20190502_163522-1.jpg",360,640,false],"2048x2048":["https:\/\/www.correspondentevianopolino.com.br\/site\/wp-content\/uploads\/2019\/05\/20190502_163522-1.jpg",360,640,false]},"uagb_author_info":{"display_name":"Ol\u00edvio Lemos","author_link":"https:\/\/www.correspondentevianopolino.com.br\/site\/author\/olivio\/"},"uagb_comment_info":1,"uagb_excerpt":"A Agenfa de Vian\u00f3polis, que recentemente ficou fechada por alguns dias devido \u00e0 falta de funcion\u00e1rio, agora conta com dois [&hellip;]","_links":{"self":[{"href":"https:\/\/www.correspondentevianopolino.com.br\/site\/wp-json\/wp\/v2\/posts\/51333","targetHints":{"allow":["GET"]}}],"collection":[{"href":"https:\/\/www.correspondentevianopolino.com.br\/site\/wp-json\/wp\/v2\/posts"}],"about":[{"href":"https:\/\/www.correspondentevianopolino.com.br\/site\/wp-json\/wp\/v2\/types\/post"}],"author":[{"embeddable":true,"href":"https:\/\/www.correspondentevianopolino.com.br\/site\/wp-json\/wp\/v2\/users\/2"}],"replies":[{"embeddable":true,"href":"https:\/\/www.correspondentevianopolino.com.br\/site\/wp-json\/wp\/v2\/comments?post=51333"}],"version-history":[{"count":0,"href":"https:\/\/www.correspondentevianopolino.com.br\/site\/wp-json\/wp\/v2\/posts\/51333\/revisions"}],"wp:featuredmedia":[{"embeddable":true,"href":"https:\/\/www.correspondentevianopolino.com.br\/site\/wp-json\/wp\/v2\/media\/51334"}],"wp:attachment":[{"href":"https:\/\/www.correspondentevianopolino.com.br\/site\/wp-json\/wp\/v2\/media?parent=51333"}],"wp:term":[{"taxonomy":"category","embeddable":true,"href":"https:\/\/www.correspondentevianopolino.com.br\/site\/wp-json\/wp\/v2\/categories?post=51333"},{"taxonomy":"post_tag","embeddable":true,"href":"https:\/\/www.correspondentevianopolino.com.br\/site\/wp-json\/wp\/v2\/tags?post=51333"}],"curies":[{"name":"wp","href":"https:\/\/api.w.org\/{rel}","templated":true}]}}