{"id":51511,"date":"2019-05-05T16:44:03","date_gmt":"2019-05-05T19:44:03","guid":{"rendered":"http:\/\/www.correspondentevianopolino.com.br\/site\/?p=51511"},"modified":"2019-05-06T16:06:19","modified_gmt":"2019-05-06T19:06:19","slug":"texto-emocionante-de-bianca-viegas-a-praca-sem-meu-paibadu","status":"publish","type":"post","link":"https:\/\/www.correspondentevianopolino.com.br\/site\/texto-emocionante-de-bianca-viegas-a-praca-sem-meu-paibadu\/","title":{"rendered":"Texto emocionante de Bianca Viegas: A PRA\u00c7A SEM MEU PAI (BADU)&#8230;"},"content":{"rendered":"<p><strong>Por Ol\u00edvio Lemos<\/strong><\/p>\n<p>Na noite de s\u00e1bado, 04, ap\u00f3s apresentar a solenidade de reinaugura\u00e7\u00e3o da Pra\u00e7a 19 de Agosto, encontrei-me com Simar Rosilene Viegas, minha amiga de anos, e sua filha Bianca Viegas. Elas estavam prestigiando o evento, infelizmente, sem a presen\u00e7a do esposo e do pai, F\u00e1bio Viegas (Badu), professor aposentado, jornalista, historiador e homem de grande import\u00e2ncia para a hist\u00f3ria de Vian\u00f3polis.<\/p>\n<p>Ap\u00f3s terminar o papo com as duas, fiquei pensando quantas fotos Badu fez naquela pra\u00e7a, quanto valorizava o busto do fundador de Vian\u00f3polis, Felismino Viana, e quantas vezes passou por aquela pra\u00e7a para ir lecionar no Col\u00e9gio Armindo Gomes.<\/p>\n<p>E assim pensei: &#8220;<strong>QUEM TANTO PRESERVOU A MEM\u00d3RIA DE VIAN\u00d3POLIS, HOJE N\u00c3O TEM A PR\u00d3PRIA MEM\u00d3RIA&#8221;<\/strong><\/p>\n<p>Neste domingo, 05, na p\u00e1gina de Bianca Viegas no Facebook, deparei-me com o texto emocionante e que est\u00e1 publicado abaixo:<\/p>\n<p>&nbsp;<\/p>\n<p><strong>&#8220;S\u00f3 Deus sabe o quanto foi dif\u00edcil presenciar este momento, a reinaugura\u00e7\u00e3o da Pra\u00e7a 19 de Agosto sem a presen\u00e7a do meu pai, as l\u00e1grimas afogueadas de emo\u00e7\u00e3o e tristeza teimavam em cair&#8230;<\/strong><br \/>\n<strong> Meu pai hoje um prisioneiro do tirano Alzheimer, n\u00e3o p\u00f4de vivenciar este momento que tanto sonhou, o progresso desta cidade trazido pelo destemido, impetuoso e incans\u00e1vel prefeito Issy Quinan\u00a0. Para meu pai n\u00e3o importava quem o fizesse, mas o que tinha que ser feito.<\/strong><\/p>\n<p><strong> Meu pai admirava e exaltava tanto o Senador Felismino Viana e sabia da sua import\u00e2ncia hist\u00f3rica na forma\u00e7\u00e3o do munic\u00edpio, que de maneira simb\u00f3lica quis perpetuar sua mem\u00f3ria atrav\u00e9s do busto. Ao redigir o texto da placa, momento o qual me recordo, procurou uma frase que expressasse o valor deste homem.<\/strong><\/p>\n<p><strong> Meu pai, F\u00e1bio Viegas, o Bad\u00fa, \u00e0quele que narrando a mem\u00f3ria de uma cidade, contou sua pr\u00f3pria hist\u00f3ria. Costumo dizer que meu pai tem em casa o acervo hist\u00f3rico desta cidade, e eu tenho neste acervo a mem\u00f3ria de meu pai. &#8220;<\/strong><\/p>\n<p style=\"text-align: center;\"><strong>Por Bianca Viegas &#8211; 05\/05\/19<\/strong><\/p>\n<p style=\"text-align: center;\"><img decoding=\"async\" class=\"alignnone size-full wp-image-51518\" src=\"https:\/\/www.correspondentevianopolino.com.br\/site\/wp-content\/uploads\/2019\/05\/thumbnail-1-1.jpg\" alt=\"thumbnail (1)\" width=\"368\" height=\"336\" srcset=\"https:\/\/www.correspondentevianopolino.com.br\/site\/wp-content\/uploads\/2019\/05\/thumbnail-1-1.jpg 368w, https:\/\/www.correspondentevianopolino.com.br\/site\/wp-content\/uploads\/2019\/05\/thumbnail-1-1-300x274.jpg 300w\" sizes=\"(max-width: 368px) 100vw, 368px\" \/><\/p>\n<p style=\"text-align: center;\"><strong>NA FOTO ACIMA, F\u00c1BIO VIEGAS (BADU) JUNTO A DOIS FILHOS DE FELISMINO VIANA (FELISBEL E DALVA) AO LADO DO BUSTO DO FUNDADOR DE VIAN\u00d3<\/strong>POLIS.<\/p>\n<p style=\"text-align: center;\">( FOTO QUE SE ENCONTRA NO MEU LIVRO &#8220;1000 FIGURAS VIANOPOLINAS&#8221;, P\u00c1GINA 204, NO CAP\u00cdTULO SOBRE FELISMINA VIANA)<\/p>\n<p style=\"text-align: center;\"><img decoding=\"async\" class=\"alignnone size-full wp-image-51515\" src=\"https:\/\/www.correspondentevianopolino.com.br\/site\/wp-content\/uploads\/2019\/05\/59436448_1249395095224903_4772100585916727296_n.jpg\" alt=\"59436448_1249395095224903_4772100585916727296_n\" width=\"730\" height=\"960\" srcset=\"https:\/\/www.correspondentevianopolino.com.br\/site\/wp-content\/uploads\/2019\/05\/59436448_1249395095224903_4772100585916727296_n.jpg 730w, https:\/\/www.correspondentevianopolino.com.br\/site\/wp-content\/uploads\/2019\/05\/59436448_1249395095224903_4772100585916727296_n-228x300.jpg 228w\" sizes=\"(max-width: 730px) 100vw, 730px\" \/><\/p>\n<p style=\"text-align: center;\"><img decoding=\"async\" class=\"alignnone size-full wp-image-51516\" src=\"https:\/\/www.correspondentevianopolino.com.br\/site\/wp-content\/uploads\/2019\/05\/59698603_1249393511891728_8252219011413049344_n.jpg\" alt=\"59698603_1249393511891728_8252219011413049344_n\" width=\"720\" height=\"960\" srcset=\"https:\/\/www.correspondentevianopolino.com.br\/site\/wp-content\/uploads\/2019\/05\/59698603_1249393511891728_8252219011413049344_n.jpg 720w, https:\/\/www.correspondentevianopolino.com.br\/site\/wp-content\/uploads\/2019\/05\/59698603_1249393511891728_8252219011413049344_n-225x300.jpg 225w\" sizes=\"(max-width: 720px) 100vw, 720px\" \/><\/p>\n<p><img decoding=\"async\" class=\"alignnone size-full wp-image-51523\" src=\"https:\/\/www.correspondentevianopolino.com.br\/site\/wp-content\/uploads\/2019\/05\/F\u00c1BIO-VIEGAS-E-CIMAR.jpg\" alt=\"F\u00c1BIO VIEGAS E CIMAR\" width=\"448\" height=\"336\" srcset=\"https:\/\/www.correspondentevianopolino.com.br\/site\/wp-content\/uploads\/2019\/05\/F\u00c1BIO-VIEGAS-E-CIMAR.jpg 448w, https:\/\/www.correspondentevianopolino.com.br\/site\/wp-content\/uploads\/2019\/05\/F\u00c1BIO-VIEGAS-E-CIMAR-300x225.jpg 300w\" sizes=\"(max-width: 448px) 100vw, 448px\" \/><\/p>\n<figure id=\"attachment_51521\" aria-describedby=\"caption-attachment-51521\" style=\"width: 640px\" class=\"wp-caption alignnone\"><img decoding=\"async\" class=\"size-full wp-image-51521\" src=\"https:\/\/www.correspondentevianopolino.com.br\/site\/wp-content\/uploads\/2019\/05\/F\u00c1BIO-VIEGAS-BADU.jpg\" alt=\"?\" width=\"640\" height=\"480\" srcset=\"https:\/\/www.correspondentevianopolino.com.br\/site\/wp-content\/uploads\/2019\/05\/F\u00c1BIO-VIEGAS-BADU.jpg 640w, https:\/\/www.correspondentevianopolino.com.br\/site\/wp-content\/uploads\/2019\/05\/F\u00c1BIO-VIEGAS-BADU-300x225.jpg 300w\" sizes=\"(max-width: 640px) 100vw, 640px\" \/><figcaption id=\"caption-attachment-51521\" class=\"wp-caption-text\">?<\/figcaption><\/figure>\n","protected":false},"excerpt":{"rendered":"<p>Por Ol\u00edvio Lemos Na noite de s\u00e1bado, 04, ap\u00f3s apresentar a solenidade de reinaugura\u00e7\u00e3o da Pra\u00e7a 19 de Agosto, encontrei-me [&hellip;]<\/p>\n","protected":false},"author":2,"featured_media":51512,"comment_status":"open","ping_status":"closed","sticky":false,"template":"","format":"standard","meta":{"_uag_custom_page_level_css":"","site-sidebar-layout":"default","site-content-layout":"","ast-site-content-layout":"default","site-content-style":"default","site-sidebar-style":"default","ast-global-header-display":"","ast-banner-title-visibility":"","ast-main-header-display":"","ast-hfb-above-header-display":"","ast-hfb-below-header-display":"","ast-hfb-mobile-header-display":"","site-post-title":"","ast-breadcrumbs-content":"","ast-featured-img":"","footer-sml-layout":"","ast-disable-related-posts":"","theme-transparent-header-meta":"","adv-header-id-meta":"","stick-header-meta":"","header-above-stick-meta":"","header-main-stick-meta":"","header-below-stick-meta":"","astra-migrate-meta-layouts":"default","ast-page-background-enabled":"default","ast-page-background-meta":{"desktop":{"background-color":"var(--ast-global-color-4)","background-image":"","background-repeat":"repeat","background-position":"center center","background-size":"auto","background-attachment":"scroll","background-type":"","background-media":"","overlay-type":"","overlay-color":"","overlay-opacity":"","overlay-gradient":""},"tablet":{"background-color":"","background-image":"","background-repeat":"repeat","background-position":"center center","background-size":"auto","background-attachment":"scroll","background-type":"","background-media":"","overlay-type":"","overlay-color":"","overlay-opacity":"","overlay-gradient":""},"mobile":{"background-color":"","background-image":"","background-repeat":"repeat","background-position":"center center","background-size":"auto","background-attachment":"scroll","background-type":"","background-media":"","overlay-type":"","overlay-color":"","overlay-opacity":"","overlay-gradient":""}},"ast-content-background-meta":{"desktop":{"background-color":"var(--ast-global-color-5)","background-image":"","background-repeat":"repeat","background-position":"center center","background-size":"auto","background-attachment":"scroll","background-type":"","background-media":"","overlay-type":"","overlay-color":"","overlay-opacity":"","overlay-gradient":""},"tablet":{"background-color":"var(--ast-global-color-5)","background-image":"","background-repeat":"repeat","background-position":"center center","background-size":"auto","background-attachment":"scroll","background-type":"","background-media":"","overlay-type":"","overlay-color":"","overlay-opacity":"","overlay-gradient":""},"mobile":{"background-color":"var(--ast-global-color-5)","background-image":"","background-repeat":"repeat","background-position":"center center","background-size":"auto","background-attachment":"scroll","background-type":"","background-media":"","overlay-type":"","overlay-color":"","overlay-opacity":"","overlay-gradient":""}},"footnotes":""},"categories":[1],"tags":[],"class_list":["post-51511","post","type-post","status-publish","format-standard","has-post-thumbnail","hentry","category-ultimas"],"uagb_featured_image_src":{"full":["https:\/\/www.correspondentevianopolino.com.br\/site\/wp-content\/uploads\/2019\/05\/59345327_1249395008558245_787326458077904896_n.jpg",728,960,false],"thumbnail":["https:\/\/www.correspondentevianopolino.com.br\/site\/wp-content\/uploads\/2019\/05\/59345327_1249395008558245_787326458077904896_n-150x150.jpg",150,150,true],"medium":["https:\/\/www.correspondentevianopolino.com.br\/site\/wp-content\/uploads\/2019\/05\/59345327_1249395008558245_787326458077904896_n-228x300.jpg",228,300,true],"medium_large":["https:\/\/www.correspondentevianopolino.com.br\/site\/wp-content\/uploads\/2019\/05\/59345327_1249395008558245_787326458077904896_n.jpg",728,960,false],"large":["https:\/\/www.correspondentevianopolino.com.br\/site\/wp-content\/uploads\/2019\/05\/59345327_1249395008558245_787326458077904896_n.jpg",512,675,false],"1536x1536":["https:\/\/www.correspondentevianopolino.com.br\/site\/wp-content\/uploads\/2019\/05\/59345327_1249395008558245_787326458077904896_n.jpg",728,960,false],"2048x2048":["https:\/\/www.correspondentevianopolino.com.br\/site\/wp-content\/uploads\/2019\/05\/59345327_1249395008558245_787326458077904896_n.jpg",728,960,false]},"uagb_author_info":{"display_name":"Ol\u00edvio Lemos","author_link":"https:\/\/www.correspondentevianopolino.com.br\/site\/author\/olivio\/"},"uagb_comment_info":2,"uagb_excerpt":"Por Ol\u00edvio Lemos Na noite de s\u00e1bado, 04, ap\u00f3s apresentar a solenidade de reinaugura\u00e7\u00e3o da Pra\u00e7a 19 de Agosto, encontrei-me [&hellip;]","_links":{"self":[{"href":"https:\/\/www.correspondentevianopolino.com.br\/site\/wp-json\/wp\/v2\/posts\/51511","targetHints":{"allow":["GET"]}}],"collection":[{"href":"https:\/\/www.correspondentevianopolino.com.br\/site\/wp-json\/wp\/v2\/posts"}],"about":[{"href":"https:\/\/www.correspondentevianopolino.com.br\/site\/wp-json\/wp\/v2\/types\/post"}],"author":[{"embeddable":true,"href":"https:\/\/www.correspondentevianopolino.com.br\/site\/wp-json\/wp\/v2\/users\/2"}],"replies":[{"embeddable":true,"href":"https:\/\/www.correspondentevianopolino.com.br\/site\/wp-json\/wp\/v2\/comments?post=51511"}],"version-history":[{"count":0,"href":"https:\/\/www.correspondentevianopolino.com.br\/site\/wp-json\/wp\/v2\/posts\/51511\/revisions"}],"wp:featuredmedia":[{"embeddable":true,"href":"https:\/\/www.correspondentevianopolino.com.br\/site\/wp-json\/wp\/v2\/media\/51512"}],"wp:attachment":[{"href":"https:\/\/www.correspondentevianopolino.com.br\/site\/wp-json\/wp\/v2\/media?parent=51511"}],"wp:term":[{"taxonomy":"category","embeddable":true,"href":"https:\/\/www.correspondentevianopolino.com.br\/site\/wp-json\/wp\/v2\/categories?post=51511"},{"taxonomy":"post_tag","embeddable":true,"href":"https:\/\/www.correspondentevianopolino.com.br\/site\/wp-json\/wp\/v2\/tags?post=51511"}],"curies":[{"name":"wp","href":"https:\/\/api.w.org\/{rel}","templated":true}]}}