{"id":51559,"date":"2019-05-06T16:01:13","date_gmt":"2019-05-06T19:01:13","guid":{"rendered":"http:\/\/www.correspondentevianopolino.com.br\/site\/?p=51559"},"modified":"2019-05-06T19:39:09","modified_gmt":"2019-05-06T22:39:09","slug":"falece-francisca-vieira-de-abreu-mais-conhecida-por-tuquinha","status":"publish","type":"post","link":"https:\/\/www.correspondentevianopolino.com.br\/site\/falece-francisca-vieira-de-abreu-mais-conhecida-por-tuquinha\/","title":{"rendered":"Falece Francisca Vieira de Abreu, mais conhecida por Tuquinha"},"content":{"rendered":"<p>Faleceu na manh\u00e3 desta segunda-feira, 06, no Hospital Santa Terezinha de Goi\u00e2nia,\u00a0 onde realizava tratamento m\u00e9dico, Francisca Vieira de Abreu, mais conhecida por Tuquinha.<\/p>\n<p>Bastante querida em nossa comunidade, Tuquinha trabalhou durante muito tempo em uma Escola de Corte e Costura que era mantida pela Prefeitura de Vian\u00f3polis.<\/p>\n<p>O corpo de Tuquinha est\u00e1 sendo velado na Sala de Vel\u00f3rio da Funer\u00e1ria Pax Universo.<\/p>\n<p>O sepultamento est\u00e1 marcado para amanh\u00e3, 07.<\/p>\n<p>\u00c0s 8h, haver\u00e1 celebra\u00e7\u00e3o na Igreja Matriz e, logo depois, o sepultamento no cemit\u00e9rio local.<\/p>\n<p>\u00c0 fam\u00edlia enlutada, nossas condol\u00eancias!<\/p>\n","protected":false},"excerpt":{"rendered":"<p>Faleceu na manh\u00e3 desta segunda-feira, 06, no Hospital Santa Terezinha de Goi\u00e2nia,\u00a0 onde realizava tratamento m\u00e9dico, Francisca Vieira de Abreu, [&hellip;]<\/p>\n","protected":false},"author":2,"featured_media":51570,"comment_status":"open","ping_status":"closed","sticky":false,"template":"","format":"standard","meta":{"_uag_custom_page_level_css":"","site-sidebar-layout":"default","site-content-layout":"","ast-site-content-layout":"default","site-content-style":"default","site-sidebar-style":"default","ast-global-header-display":"","ast-banner-title-visibility":"","ast-main-header-display":"","ast-hfb-above-header-display":"","ast-hfb-below-header-display":"","ast-hfb-mobile-header-display":"","site-post-title":"","ast-breadcrumbs-content":"","ast-featured-img":"","footer-sml-layout":"","ast-disable-related-posts":"","theme-transparent-header-meta":"","adv-header-id-meta":"","stick-header-meta":"","header-above-stick-meta":"","header-main-stick-meta":"","header-below-stick-meta":"","astra-migrate-meta-layouts":"default","ast-page-background-enabled":"default","ast-page-background-meta":{"desktop":{"background-color":"var(--ast-global-color-4)","background-image":"","background-repeat":"repeat","background-position":"center center","background-size":"auto","background-attachment":"scroll","background-type":"","background-media":"","overlay-type":"","overlay-color":"","overlay-opacity":"","overlay-gradient":""},"tablet":{"background-color":"","background-image":"","background-repeat":"repeat","background-position":"center center","background-size":"auto","background-attachment":"scroll","background-type":"","background-media":"","overlay-type":"","overlay-color":"","overlay-opacity":"","overlay-gradient":""},"mobile":{"background-color":"","background-image":"","background-repeat":"repeat","background-position":"center center","background-size":"auto","background-attachment":"scroll","background-type":"","background-media":"","overlay-type":"","overlay-color":"","overlay-opacity":"","overlay-gradient":""}},"ast-content-background-meta":{"desktop":{"background-color":"var(--ast-global-color-5)","background-image":"","background-repeat":"repeat","background-position":"center center","background-size":"auto","background-attachment":"scroll","background-type":"","background-media":"","overlay-type":"","overlay-color":"","overlay-opacity":"","overlay-gradient":""},"tablet":{"background-color":"var(--ast-global-color-5)","background-image":"","background-repeat":"repeat","background-position":"center center","background-size":"auto","background-attachment":"scroll","background-type":"","background-media":"","overlay-type":"","overlay-color":"","overlay-opacity":"","overlay-gradient":""},"mobile":{"background-color":"var(--ast-global-color-5)","background-image":"","background-repeat":"repeat","background-position":"center center","background-size":"auto","background-attachment":"scroll","background-type":"","background-media":"","overlay-type":"","overlay-color":"","overlay-opacity":"","overlay-gradient":""}},"footnotes":""},"categories":[1],"tags":[],"class_list":["post-51559","post","type-post","status-publish","format-standard","has-post-thumbnail","hentry","category-ultimas"],"uagb_featured_image_src":{"full":["https:\/\/www.correspondentevianopolino.com.br\/site\/wp-content\/uploads\/2019\/05\/Screenshot_20190506-155424_Gallery.jpg",534,480,false],"thumbnail":["https:\/\/www.correspondentevianopolino.com.br\/site\/wp-content\/uploads\/2019\/05\/Screenshot_20190506-155424_Gallery-150x150.jpg",150,150,true],"medium":["https:\/\/www.correspondentevianopolino.com.br\/site\/wp-content\/uploads\/2019\/05\/Screenshot_20190506-155424_Gallery-300x270.jpg",300,270,true],"medium_large":["https:\/\/www.correspondentevianopolino.com.br\/site\/wp-content\/uploads\/2019\/05\/Screenshot_20190506-155424_Gallery.jpg",534,480,false],"large":["https:\/\/www.correspondentevianopolino.com.br\/site\/wp-content\/uploads\/2019\/05\/Screenshot_20190506-155424_Gallery.jpg",534,480,false],"1536x1536":["https:\/\/www.correspondentevianopolino.com.br\/site\/wp-content\/uploads\/2019\/05\/Screenshot_20190506-155424_Gallery.jpg",534,480,false],"2048x2048":["https:\/\/www.correspondentevianopolino.com.br\/site\/wp-content\/uploads\/2019\/05\/Screenshot_20190506-155424_Gallery.jpg",534,480,false]},"uagb_author_info":{"display_name":"Ol\u00edvio Lemos","author_link":"https:\/\/www.correspondentevianopolino.com.br\/site\/author\/olivio\/"},"uagb_comment_info":1,"uagb_excerpt":"Faleceu na manh\u00e3 desta segunda-feira, 06, no Hospital Santa Terezinha de Goi\u00e2nia,\u00a0 onde realizava tratamento m\u00e9dico, Francisca Vieira de Abreu, [&hellip;]","_links":{"self":[{"href":"https:\/\/www.correspondentevianopolino.com.br\/site\/wp-json\/wp\/v2\/posts\/51559","targetHints":{"allow":["GET"]}}],"collection":[{"href":"https:\/\/www.correspondentevianopolino.com.br\/site\/wp-json\/wp\/v2\/posts"}],"about":[{"href":"https:\/\/www.correspondentevianopolino.com.br\/site\/wp-json\/wp\/v2\/types\/post"}],"author":[{"embeddable":true,"href":"https:\/\/www.correspondentevianopolino.com.br\/site\/wp-json\/wp\/v2\/users\/2"}],"replies":[{"embeddable":true,"href":"https:\/\/www.correspondentevianopolino.com.br\/site\/wp-json\/wp\/v2\/comments?post=51559"}],"version-history":[{"count":0,"href":"https:\/\/www.correspondentevianopolino.com.br\/site\/wp-json\/wp\/v2\/posts\/51559\/revisions"}],"wp:featuredmedia":[{"embeddable":true,"href":"https:\/\/www.correspondentevianopolino.com.br\/site\/wp-json\/wp\/v2\/media\/51570"}],"wp:attachment":[{"href":"https:\/\/www.correspondentevianopolino.com.br\/site\/wp-json\/wp\/v2\/media?parent=51559"}],"wp:term":[{"taxonomy":"category","embeddable":true,"href":"https:\/\/www.correspondentevianopolino.com.br\/site\/wp-json\/wp\/v2\/categories?post=51559"},{"taxonomy":"post_tag","embeddable":true,"href":"https:\/\/www.correspondentevianopolino.com.br\/site\/wp-json\/wp\/v2\/tags?post=51559"}],"curies":[{"name":"wp","href":"https:\/\/api.w.org\/{rel}","templated":true}]}}