{"id":51633,"date":"2019-05-08T08:21:17","date_gmt":"2019-05-08T11:21:17","guid":{"rendered":"http:\/\/www.correspondentevianopolino.com.br\/site\/?p=51633"},"modified":"2019-05-08T15:09:41","modified_gmt":"2019-05-08T18:09:41","slug":"prefeitura-de-vianopolis-deve-realizar-concurso-publico-ainda-este-ano","status":"publish","type":"post","link":"https:\/\/www.correspondentevianopolino.com.br\/site\/prefeitura-de-vianopolis-deve-realizar-concurso-publico-ainda-este-ano\/","title":{"rendered":"Prefeitura de Vian\u00f3polis deve realizar Concurso P\u00fablico ainda este ano"},"content":{"rendered":"<p>Em entrevista recente concedida ao jornalista C\u00e9lio Silva, da nossa co-irm\u00e3 R\u00e1dio Rio Vermelho FM, o prefeito Issy Quinan J\u00fanior anunciou que sua administra\u00e7\u00e3o est\u00e1 trabalhando para realizar concurso p\u00fablico ainda este ano.<\/p>\n<p>Nossa reportagem foi ent\u00e3o buscar mais detalhes sobre o poss\u00edvel concurso p\u00fablico para preenchimento de vagas na Prefeitura de Vian\u00f3polis e descobriu que o Departamento de Recursos Humanos j\u00e1 deu in\u00edcio a um minucioso levantamento sobre o quadro de servidores da municipalidade.<\/p>\n<p>Atrav\u00e9s do levantamento que est\u00e1 sendo feito pela Diretora de Recursos Humanos, Ivone de Souza Fran\u00e7a Amorim, o Prefeito Issy Quinan J\u00fanior definir\u00e1 quais e quantas s\u00e3o as vagas a serem ofertadas no concurso p\u00fablico que a municipalidade pretende realizar ainda este ano.<\/p>\n<p>Atualmente, a Prefeitura de Vian\u00f3polis tem um quadro de 420 servidores efetivos e cerca de 50 comissionados, incluindo os secret\u00e1rios municipais.<\/p>\n<p>Um dos setores que necessitam de mais servidores \u00e9 o da educa\u00e7\u00e3o, onde, atualmente, muitos servidores trabalham por contrato.<\/p>\n<p>Na sa\u00fade, devido ao credenciamento aberto recentemente pela Secretaria de Sa\u00fade, as vagas existentes ser\u00e3o preenchidas com as convoca\u00e7\u00f5es que est\u00e3o sendo feitas atualmente.<\/p>\n<p>Ap\u00f3s o levantamento que est\u00e1 sendo feito pelo Departamento de Recurso Humanos, a municipalidade deve dar in\u00edcio ao processo de licita\u00e7\u00e3o para a contrata\u00e7\u00e3o de uma empresa que ficar\u00e1 respons\u00e1vel pela formula\u00e7\u00e3o e corre\u00e7\u00e3o das provas que ser\u00e3o aplicadas no concurso.<\/p>\n<p>&nbsp;<\/p>\n","protected":false},"excerpt":{"rendered":"<p>Em entrevista recente concedida ao jornalista C\u00e9lio Silva, da nossa co-irm\u00e3 R\u00e1dio Rio Vermelho FM, o prefeito Issy Quinan J\u00fanior [&hellip;]<\/p>\n","protected":false},"author":2,"featured_media":51635,"comment_status":"open","ping_status":"closed","sticky":false,"template":"","format":"standard","meta":{"_uag_custom_page_level_css":"","site-sidebar-layout":"default","site-content-layout":"","ast-site-content-layout":"default","site-content-style":"default","site-sidebar-style":"default","ast-global-header-display":"","ast-banner-title-visibility":"","ast-main-header-display":"","ast-hfb-above-header-display":"","ast-hfb-below-header-display":"","ast-hfb-mobile-header-display":"","site-post-title":"","ast-breadcrumbs-content":"","ast-featured-img":"","footer-sml-layout":"","ast-disable-related-posts":"","theme-transparent-header-meta":"","adv-header-id-meta":"","stick-header-meta":"","header-above-stick-meta":"","header-main-stick-meta":"","header-below-stick-meta":"","astra-migrate-meta-layouts":"default","ast-page-background-enabled":"default","ast-page-background-meta":{"desktop":{"background-color":"var(--ast-global-color-4)","background-image":"","background-repeat":"repeat","background-position":"center center","background-size":"auto","background-attachment":"scroll","background-type":"","background-media":"","overlay-type":"","overlay-color":"","overlay-opacity":"","overlay-gradient":""},"tablet":{"background-color":"","background-image":"","background-repeat":"repeat","background-position":"center center","background-size":"auto","background-attachment":"scroll","background-type":"","background-media":"","overlay-type":"","overlay-color":"","overlay-opacity":"","overlay-gradient":""},"mobile":{"background-color":"","background-image":"","background-repeat":"repeat","background-position":"center center","background-size":"auto","background-attachment":"scroll","background-type":"","background-media":"","overlay-type":"","overlay-color":"","overlay-opacity":"","overlay-gradient":""}},"ast-content-background-meta":{"desktop":{"background-color":"var(--ast-global-color-5)","background-image":"","background-repeat":"repeat","background-position":"center center","background-size":"auto","background-attachment":"scroll","background-type":"","background-media":"","overlay-type":"","overlay-color":"","overlay-opacity":"","overlay-gradient":""},"tablet":{"background-color":"var(--ast-global-color-5)","background-image":"","background-repeat":"repeat","background-position":"center center","background-size":"auto","background-attachment":"scroll","background-type":"","background-media":"","overlay-type":"","overlay-color":"","overlay-opacity":"","overlay-gradient":""},"mobile":{"background-color":"var(--ast-global-color-5)","background-image":"","background-repeat":"repeat","background-position":"center center","background-size":"auto","background-attachment":"scroll","background-type":"","background-media":"","overlay-type":"","overlay-color":"","overlay-opacity":"","overlay-gradient":""}},"footnotes":""},"categories":[1],"tags":[],"class_list":["post-51633","post","type-post","status-publish","format-standard","has-post-thumbnail","hentry","category-ultimas"],"uagb_featured_image_src":{"full":["https:\/\/www.correspondentevianopolino.com.br\/site\/wp-content\/uploads\/2019\/05\/concurso-pu\u0301blico-guaira.jpg",640,399,false],"thumbnail":["https:\/\/www.correspondentevianopolino.com.br\/site\/wp-content\/uploads\/2019\/05\/concurso-pu\u0301blico-guaira-150x150.jpg",150,150,true],"medium":["https:\/\/www.correspondentevianopolino.com.br\/site\/wp-content\/uploads\/2019\/05\/concurso-pu\u0301blico-guaira-300x187.jpg",300,187,true],"medium_large":["https:\/\/www.correspondentevianopolino.com.br\/site\/wp-content\/uploads\/2019\/05\/concurso-pu\u0301blico-guaira.jpg",640,399,false],"large":["https:\/\/www.correspondentevianopolino.com.br\/site\/wp-content\/uploads\/2019\/05\/concurso-pu\u0301blico-guaira.jpg",640,399,false],"1536x1536":["https:\/\/www.correspondentevianopolino.com.br\/site\/wp-content\/uploads\/2019\/05\/concurso-pu\u0301blico-guaira.jpg",640,399,false],"2048x2048":["https:\/\/www.correspondentevianopolino.com.br\/site\/wp-content\/uploads\/2019\/05\/concurso-pu\u0301blico-guaira.jpg",640,399,false]},"uagb_author_info":{"display_name":"Ol\u00edvio Lemos","author_link":"https:\/\/www.correspondentevianopolino.com.br\/site\/author\/olivio\/"},"uagb_comment_info":0,"uagb_excerpt":"Em entrevista recente concedida ao jornalista C\u00e9lio Silva, da nossa co-irm\u00e3 R\u00e1dio Rio Vermelho FM, o prefeito Issy Quinan J\u00fanior [&hellip;]","_links":{"self":[{"href":"https:\/\/www.correspondentevianopolino.com.br\/site\/wp-json\/wp\/v2\/posts\/51633","targetHints":{"allow":["GET"]}}],"collection":[{"href":"https:\/\/www.correspondentevianopolino.com.br\/site\/wp-json\/wp\/v2\/posts"}],"about":[{"href":"https:\/\/www.correspondentevianopolino.com.br\/site\/wp-json\/wp\/v2\/types\/post"}],"author":[{"embeddable":true,"href":"https:\/\/www.correspondentevianopolino.com.br\/site\/wp-json\/wp\/v2\/users\/2"}],"replies":[{"embeddable":true,"href":"https:\/\/www.correspondentevianopolino.com.br\/site\/wp-json\/wp\/v2\/comments?post=51633"}],"version-history":[{"count":0,"href":"https:\/\/www.correspondentevianopolino.com.br\/site\/wp-json\/wp\/v2\/posts\/51633\/revisions"}],"wp:featuredmedia":[{"embeddable":true,"href":"https:\/\/www.correspondentevianopolino.com.br\/site\/wp-json\/wp\/v2\/media\/51635"}],"wp:attachment":[{"href":"https:\/\/www.correspondentevianopolino.com.br\/site\/wp-json\/wp\/v2\/media?parent=51633"}],"wp:term":[{"taxonomy":"category","embeddable":true,"href":"https:\/\/www.correspondentevianopolino.com.br\/site\/wp-json\/wp\/v2\/categories?post=51633"},{"taxonomy":"post_tag","embeddable":true,"href":"https:\/\/www.correspondentevianopolino.com.br\/site\/wp-json\/wp\/v2\/tags?post=51633"}],"curies":[{"name":"wp","href":"https:\/\/api.w.org\/{rel}","templated":true}]}}