{"id":51727,"date":"2019-05-09T19:51:30","date_gmt":"2019-05-09T22:51:30","guid":{"rendered":"http:\/\/www.correspondentevianopolino.com.br\/site\/?p=51727"},"modified":"2019-05-13T16:10:17","modified_gmt":"2019-05-13T19:10:17","slug":"vianopolis-ganha-dois-novos-administradoresantonio-neto-gomes-e-edinei-antonio","status":"publish","type":"post","link":"https:\/\/www.correspondentevianopolino.com.br\/site\/vianopolis-ganha-dois-novos-administradoresantonio-neto-gomes-e-edinei-antonio\/","title":{"rendered":"Jovens vianopolinos se formam em Administra\u00e7\u00e3o (Ant\u00f4nio Neto Gomes e Edinei Ant\u00f4nio)"},"content":{"rendered":"<p>Dentre os formandos em Administra\u00e7\u00e3o da Universidade Estadual de Goi\u00e1s (Campus Silv\u00e2nia), est\u00e3o os jovens Ant\u00f4nio Neto Gomes e Silva e Edinei Ant\u00f4nio dos Santos.<\/p>\n<p>A cola\u00e7\u00e3o de grau aconteceu na noite de ontem, 08.<\/p>\n<p>Desta maneira, Ant\u00f4nio Neto e Edinei s\u00e3o agora Bachar\u00e9is em Administra\u00e7\u00e3o.<\/p>\n<p>Ant\u00f4nio Neto \u00e9 filho da saudosa professora vianopolina Deuz\u00e9lia Maria Gomes da Silva e de Kl\u00e9ber Jos\u00e9 da Silva.<\/p>\n<p>Edinei Ant\u00f4nio dos Santos \u00e9 filho de Edmar Aparecido dos Santos e Aparecida de Souza Campos Santos.<\/p>\n<p>Sucesso aos jovens nesta nova empreitada!<\/p>\n<p><img decoding=\"async\" class=\"alignnone size-full wp-image-51729\" src=\"https:\/\/www.correspondentevianopolino.com.br\/site\/wp-content\/uploads\/2019\/05\/IMG-20190509-WA0032-1.jpg\" alt=\"IMG-20190509-WA0032 (1)\" width=\"774\" height=\"1032\" srcset=\"https:\/\/www.correspondentevianopolino.com.br\/site\/wp-content\/uploads\/2019\/05\/IMG-20190509-WA0032-1.jpg 774w, https:\/\/www.correspondentevianopolino.com.br\/site\/wp-content\/uploads\/2019\/05\/IMG-20190509-WA0032-1-225x300.jpg 225w, https:\/\/www.correspondentevianopolino.com.br\/site\/wp-content\/uploads\/2019\/05\/IMG-20190509-WA0032-1-768x1024.jpg 768w\" sizes=\"(max-width: 774px) 100vw, 774px\" \/><\/p>\n<p>NA FOTO ACIMA, <strong>ANT\u00d4NIO NETO GOMES<\/strong> \u00c0 ESQUERDA E <strong>EDINEI ANT\u00d4NIO DOS SANTOS<\/strong> \u00c0 DIREITA<\/p>\n<p>&nbsp;<\/p>\n<p>&nbsp;<\/p>\n","protected":false},"excerpt":{"rendered":"<p>Dentre os formandos em Administra\u00e7\u00e3o da Universidade Estadual de Goi\u00e1s (Campus Silv\u00e2nia), est\u00e3o os jovens Ant\u00f4nio Neto Gomes e Silva [&hellip;]<\/p>\n","protected":false},"author":2,"featured_media":51728,"comment_status":"open","ping_status":"closed","sticky":false,"template":"","format":"standard","meta":{"_uag_custom_page_level_css":"","site-sidebar-layout":"default","site-content-layout":"","ast-site-content-layout":"default","site-content-style":"default","site-sidebar-style":"default","ast-global-header-display":"","ast-banner-title-visibility":"","ast-main-header-display":"","ast-hfb-above-header-display":"","ast-hfb-below-header-display":"","ast-hfb-mobile-header-display":"","site-post-title":"","ast-breadcrumbs-content":"","ast-featured-img":"","footer-sml-layout":"","ast-disable-related-posts":"","theme-transparent-header-meta":"","adv-header-id-meta":"","stick-header-meta":"","header-above-stick-meta":"","header-main-stick-meta":"","header-below-stick-meta":"","astra-migrate-meta-layouts":"default","ast-page-background-enabled":"default","ast-page-background-meta":{"desktop":{"background-color":"var(--ast-global-color-4)","background-image":"","background-repeat":"repeat","background-position":"center center","background-size":"auto","background-attachment":"scroll","background-type":"","background-media":"","overlay-type":"","overlay-color":"","overlay-opacity":"","overlay-gradient":""},"tablet":{"background-color":"","background-image":"","background-repeat":"repeat","background-position":"center center","background-size":"auto","background-attachment":"scroll","background-type":"","background-media":"","overlay-type":"","overlay-color":"","overlay-opacity":"","overlay-gradient":""},"mobile":{"background-color":"","background-image":"","background-repeat":"repeat","background-position":"center center","background-size":"auto","background-attachment":"scroll","background-type":"","background-media":"","overlay-type":"","overlay-color":"","overlay-opacity":"","overlay-gradient":""}},"ast-content-background-meta":{"desktop":{"background-color":"var(--ast-global-color-5)","background-image":"","background-repeat":"repeat","background-position":"center center","background-size":"auto","background-attachment":"scroll","background-type":"","background-media":"","overlay-type":"","overlay-color":"","overlay-opacity":"","overlay-gradient":""},"tablet":{"background-color":"var(--ast-global-color-5)","background-image":"","background-repeat":"repeat","background-position":"center center","background-size":"auto","background-attachment":"scroll","background-type":"","background-media":"","overlay-type":"","overlay-color":"","overlay-opacity":"","overlay-gradient":""},"mobile":{"background-color":"var(--ast-global-color-5)","background-image":"","background-repeat":"repeat","background-position":"center center","background-size":"auto","background-attachment":"scroll","background-type":"","background-media":"","overlay-type":"","overlay-color":"","overlay-opacity":"","overlay-gradient":""}},"footnotes":""},"categories":[1],"tags":[],"class_list":["post-51727","post","type-post","status-publish","format-standard","has-post-thumbnail","hentry","category-ultimas"],"uagb_featured_image_src":{"full":["https:\/\/www.correspondentevianopolino.com.br\/site\/wp-content\/uploads\/2019\/05\/IMG-20190509-WA0032.jpg",336,340,false],"thumbnail":["https:\/\/www.correspondentevianopolino.com.br\/site\/wp-content\/uploads\/2019\/05\/IMG-20190509-WA0032-150x150.jpg",150,150,true],"medium":["https:\/\/www.correspondentevianopolino.com.br\/site\/wp-content\/uploads\/2019\/05\/IMG-20190509-WA0032-296x300.jpg",296,300,true],"medium_large":["https:\/\/www.correspondentevianopolino.com.br\/site\/wp-content\/uploads\/2019\/05\/IMG-20190509-WA0032.jpg",336,340,false],"large":["https:\/\/www.correspondentevianopolino.com.br\/site\/wp-content\/uploads\/2019\/05\/IMG-20190509-WA0032.jpg",336,340,false],"1536x1536":["https:\/\/www.correspondentevianopolino.com.br\/site\/wp-content\/uploads\/2019\/05\/IMG-20190509-WA0032.jpg",336,340,false],"2048x2048":["https:\/\/www.correspondentevianopolino.com.br\/site\/wp-content\/uploads\/2019\/05\/IMG-20190509-WA0032.jpg",336,340,false]},"uagb_author_info":{"display_name":"Ol\u00edvio Lemos","author_link":"https:\/\/www.correspondentevianopolino.com.br\/site\/author\/olivio\/"},"uagb_comment_info":0,"uagb_excerpt":"Dentre os formandos em Administra\u00e7\u00e3o da Universidade Estadual de Goi\u00e1s (Campus Silv\u00e2nia), est\u00e3o os jovens Ant\u00f4nio Neto Gomes e Silva [&hellip;]","_links":{"self":[{"href":"https:\/\/www.correspondentevianopolino.com.br\/site\/wp-json\/wp\/v2\/posts\/51727","targetHints":{"allow":["GET"]}}],"collection":[{"href":"https:\/\/www.correspondentevianopolino.com.br\/site\/wp-json\/wp\/v2\/posts"}],"about":[{"href":"https:\/\/www.correspondentevianopolino.com.br\/site\/wp-json\/wp\/v2\/types\/post"}],"author":[{"embeddable":true,"href":"https:\/\/www.correspondentevianopolino.com.br\/site\/wp-json\/wp\/v2\/users\/2"}],"replies":[{"embeddable":true,"href":"https:\/\/www.correspondentevianopolino.com.br\/site\/wp-json\/wp\/v2\/comments?post=51727"}],"version-history":[{"count":0,"href":"https:\/\/www.correspondentevianopolino.com.br\/site\/wp-json\/wp\/v2\/posts\/51727\/revisions"}],"wp:featuredmedia":[{"embeddable":true,"href":"https:\/\/www.correspondentevianopolino.com.br\/site\/wp-json\/wp\/v2\/media\/51728"}],"wp:attachment":[{"href":"https:\/\/www.correspondentevianopolino.com.br\/site\/wp-json\/wp\/v2\/media?parent=51727"}],"wp:term":[{"taxonomy":"category","embeddable":true,"href":"https:\/\/www.correspondentevianopolino.com.br\/site\/wp-json\/wp\/v2\/categories?post=51727"},{"taxonomy":"post_tag","embeddable":true,"href":"https:\/\/www.correspondentevianopolino.com.br\/site\/wp-json\/wp\/v2\/tags?post=51727"}],"curies":[{"name":"wp","href":"https:\/\/api.w.org\/{rel}","templated":true}]}}