{"id":51867,"date":"2019-05-14T07:29:27","date_gmt":"2019-05-14T10:29:27","guid":{"rendered":"http:\/\/www.correspondentevianopolino.com.br\/site\/?p=51867"},"modified":"2019-05-14T10:47:31","modified_gmt":"2019-05-14T13:47:31","slug":"curso-sobre-reforma-da-previdencia-foi-ministrado-em-vianopolis-pela-esaoabgoias","status":"publish","type":"post","link":"https:\/\/www.correspondentevianopolino.com.br\/site\/curso-sobre-reforma-da-previdencia-foi-ministrado-em-vianopolis-pela-esaoabgoias\/","title":{"rendered":"Curso sobre Reforma da Previd\u00eancia foi ministrado em Vian\u00f3polis pela ESA\/OABGO"},"content":{"rendered":"<p>Aconteceu, na noite ontem, 13, nas depend\u00eancias da C\u00e2mara Municipal, o primeiro curso realizado pela Escola Superior de Advocacia na cidade de Vian\u00f3polis.<\/p>\n<p>O curso teve como palestrante a Dra. Tatiana Givisez Von Kriiger, Diretora-Adjunta da ESA e abordou\u201cAspectos Pol\u00eamicos da Reforma Previdenci\u00e1ria\u201d.<\/p>\n<p>Foram tratadas quest\u00f5es controversas que est\u00e3o na proposta de reforma da Previd\u00eancia, como as novas regras para aposentadoria, as mudan\u00e7as na contribui\u00e7\u00e3o e no c\u00e1lculo dos benef\u00edcios, assim como a pens\u00e3o por morte, entre outros.<\/p>\n<p>Cerca de 20 advogados participaram do curso organizado pela Escola Superior de Advocacia, Subse\u00e7\u00e3o de Silv\u00e2nia.<\/p>\n<p>Falando \u00e0 nossa reportagem, a coordenadora da ESA, Amanda Lemos, falou sobre a import\u00e2ncia de discuss\u00e3o de t\u00e3o relevante assunto, pois a Previd\u00eancia Social, sem d\u00favidas, \u00e9 um dos principais desafios da economia brasileira para as pr\u00f3ximas d\u00e9cadas.\u00a0 &#8220;\u00c9 um tema que merece aten\u00e7\u00e3o n\u00e3o s\u00f3 da classe, mas de toda a popula\u00e7\u00e3o, pois todos devem ter em mente que a reforma previdenci\u00e1ria, al\u00e9m de seus objetivos fiscais, deve promover justi\u00e7a social&#8221;, acrescentou ela.<\/p>\n<p>Amanda Lemos finaliza agradecendo a todos os que participaram e, especialmente, ao Legislativo Vianopolino, na pessoa de seu presidente, Edinho Mariano, pela cess\u00e3o do plen\u00e1rio da C\u00e2mara Municipal de Vian\u00f3polis para realiza\u00e7\u00e3o do evento.<\/p>\n<p><img decoding=\"async\" class=\"alignnone size-full wp-image-51870\" src=\"https:\/\/www.correspondentevianopolino.com.br\/site\/wp-content\/uploads\/2019\/05\/thumbnail-26.jpg\" alt=\"thumbnail (26)\" width=\"640\" height=\"480\" srcset=\"https:\/\/www.correspondentevianopolino.com.br\/site\/wp-content\/uploads\/2019\/05\/thumbnail-26.jpg 640w, https:\/\/www.correspondentevianopolino.com.br\/site\/wp-content\/uploads\/2019\/05\/thumbnail-26-300x225.jpg 300w\" sizes=\"(max-width: 640px) 100vw, 640px\" \/><\/p>\n","protected":false},"excerpt":{"rendered":"<p>Aconteceu, na noite ontem, 13, nas depend\u00eancias da C\u00e2mara Municipal, o primeiro curso realizado pela Escola Superior de Advocacia na [&hellip;]<\/p>\n","protected":false},"author":2,"featured_media":51868,"comment_status":"open","ping_status":"closed","sticky":false,"template":"","format":"standard","meta":{"_uag_custom_page_level_css":"","site-sidebar-layout":"default","site-content-layout":"","ast-site-content-layout":"default","site-content-style":"default","site-sidebar-style":"default","ast-global-header-display":"","ast-banner-title-visibility":"","ast-main-header-display":"","ast-hfb-above-header-display":"","ast-hfb-below-header-display":"","ast-hfb-mobile-header-display":"","site-post-title":"","ast-breadcrumbs-content":"","ast-featured-img":"","footer-sml-layout":"","ast-disable-related-posts":"","theme-transparent-header-meta":"","adv-header-id-meta":"","stick-header-meta":"","header-above-stick-meta":"","header-main-stick-meta":"","header-below-stick-meta":"","astra-migrate-meta-layouts":"default","ast-page-background-enabled":"default","ast-page-background-meta":{"desktop":{"background-color":"var(--ast-global-color-4)","background-image":"","background-repeat":"repeat","background-position":"center center","background-size":"auto","background-attachment":"scroll","background-type":"","background-media":"","overlay-type":"","overlay-color":"","overlay-opacity":"","overlay-gradient":""},"tablet":{"background-color":"","background-image":"","background-repeat":"repeat","background-position":"center center","background-size":"auto","background-attachment":"scroll","background-type":"","background-media":"","overlay-type":"","overlay-color":"","overlay-opacity":"","overlay-gradient":""},"mobile":{"background-color":"","background-image":"","background-repeat":"repeat","background-position":"center center","background-size":"auto","background-attachment":"scroll","background-type":"","background-media":"","overlay-type":"","overlay-color":"","overlay-opacity":"","overlay-gradient":""}},"ast-content-background-meta":{"desktop":{"background-color":"var(--ast-global-color-5)","background-image":"","background-repeat":"repeat","background-position":"center center","background-size":"auto","background-attachment":"scroll","background-type":"","background-media":"","overlay-type":"","overlay-color":"","overlay-opacity":"","overlay-gradient":""},"tablet":{"background-color":"var(--ast-global-color-5)","background-image":"","background-repeat":"repeat","background-position":"center center","background-size":"auto","background-attachment":"scroll","background-type":"","background-media":"","overlay-type":"","overlay-color":"","overlay-opacity":"","overlay-gradient":""},"mobile":{"background-color":"var(--ast-global-color-5)","background-image":"","background-repeat":"repeat","background-position":"center center","background-size":"auto","background-attachment":"scroll","background-type":"","background-media":"","overlay-type":"","overlay-color":"","overlay-opacity":"","overlay-gradient":""}},"footnotes":""},"categories":[1],"tags":[],"class_list":["post-51867","post","type-post","status-publish","format-standard","has-post-thumbnail","hentry","category-ultimas"],"uagb_featured_image_src":{"full":["https:\/\/www.correspondentevianopolino.com.br\/site\/wp-content\/uploads\/2019\/05\/thumbnail-24.jpg",640,480,false],"thumbnail":["https:\/\/www.correspondentevianopolino.com.br\/site\/wp-content\/uploads\/2019\/05\/thumbnail-24-150x150.jpg",150,150,true],"medium":["https:\/\/www.correspondentevianopolino.com.br\/site\/wp-content\/uploads\/2019\/05\/thumbnail-24-300x225.jpg",300,225,true],"medium_large":["https:\/\/www.correspondentevianopolino.com.br\/site\/wp-content\/uploads\/2019\/05\/thumbnail-24.jpg",640,480,false],"large":["https:\/\/www.correspondentevianopolino.com.br\/site\/wp-content\/uploads\/2019\/05\/thumbnail-24.jpg",640,480,false],"1536x1536":["https:\/\/www.correspondentevianopolino.com.br\/site\/wp-content\/uploads\/2019\/05\/thumbnail-24.jpg",640,480,false],"2048x2048":["https:\/\/www.correspondentevianopolino.com.br\/site\/wp-content\/uploads\/2019\/05\/thumbnail-24.jpg",640,480,false]},"uagb_author_info":{"display_name":"Ol\u00edvio Lemos","author_link":"https:\/\/www.correspondentevianopolino.com.br\/site\/author\/olivio\/"},"uagb_comment_info":0,"uagb_excerpt":"Aconteceu, na noite ontem, 13, nas depend\u00eancias da C\u00e2mara Municipal, o primeiro curso realizado pela Escola Superior de Advocacia na [&hellip;]","_links":{"self":[{"href":"https:\/\/www.correspondentevianopolino.com.br\/site\/wp-json\/wp\/v2\/posts\/51867","targetHints":{"allow":["GET"]}}],"collection":[{"href":"https:\/\/www.correspondentevianopolino.com.br\/site\/wp-json\/wp\/v2\/posts"}],"about":[{"href":"https:\/\/www.correspondentevianopolino.com.br\/site\/wp-json\/wp\/v2\/types\/post"}],"author":[{"embeddable":true,"href":"https:\/\/www.correspondentevianopolino.com.br\/site\/wp-json\/wp\/v2\/users\/2"}],"replies":[{"embeddable":true,"href":"https:\/\/www.correspondentevianopolino.com.br\/site\/wp-json\/wp\/v2\/comments?post=51867"}],"version-history":[{"count":0,"href":"https:\/\/www.correspondentevianopolino.com.br\/site\/wp-json\/wp\/v2\/posts\/51867\/revisions"}],"wp:featuredmedia":[{"embeddable":true,"href":"https:\/\/www.correspondentevianopolino.com.br\/site\/wp-json\/wp\/v2\/media\/51868"}],"wp:attachment":[{"href":"https:\/\/www.correspondentevianopolino.com.br\/site\/wp-json\/wp\/v2\/media?parent=51867"}],"wp:term":[{"taxonomy":"category","embeddable":true,"href":"https:\/\/www.correspondentevianopolino.com.br\/site\/wp-json\/wp\/v2\/categories?post=51867"},{"taxonomy":"post_tag","embeddable":true,"href":"https:\/\/www.correspondentevianopolino.com.br\/site\/wp-json\/wp\/v2\/tags?post=51867"}],"curies":[{"name":"wp","href":"https:\/\/api.w.org\/{rel}","templated":true}]}}