{"id":51924,"date":"2019-05-16T00:09:36","date_gmt":"2019-05-16T03:09:36","guid":{"rendered":"http:\/\/www.correspondentevianopolino.com.br\/site\/?p=51924"},"modified":"2019-05-17T14:41:15","modified_gmt":"2019-05-17T17:41:15","slug":"mae-e-filho-sao-presos-e-confessam-envolvimento-na-morte-do-jovem-joao-paulo-no-bairro-sao-vicente","status":"publish","type":"post","link":"https:\/\/www.correspondentevianopolino.com.br\/site\/mae-e-filho-sao-presos-e-confessam-envolvimento-na-morte-do-jovem-joao-paulo-no-bairro-sao-vicente\/","title":{"rendered":"M\u00e3e e filho s\u00e3o presos e confessam envolvimento na morte do jovem Jo\u00e3o Paulo, no Bairro S\u00e3o Vicente"},"content":{"rendered":"<p>M\u00e3e e filho se apresentaram na tarde de ontem, 15, ao Delegado Marcus Vinicius da Costa J\u00fanior e confessarem envolvimento com a morte do trabalhador em cer\u00e2mica, Jo\u00e3o Paulo Matos, de 30 anos de idade, na tarde do \u00faltimo domingo, 12, no Bairro S\u00e3o Vicente. Eles foram liberados pela autoridade policial ap\u00f3s prestarem depoimentos.<\/p>\n<p>No entanto, pouco depois de mandados de pris\u00e3o serem expedidos pelo ju\u00edzo da comarca de Vian\u00f3polis, o Delegado de Vian\u00f3polis efetuou a pris\u00e3o de Marta Alves de Souza e seu filho, Ramires Souza Grizoni.<\/p>\n<p>O homic\u00eddio aconteceu ap\u00f3s discuss\u00e3o entre Marta e Jo\u00e3o Paulo.<\/p>\n<p>Marta foi \u00e0 sua casa e avisou seu filho que Jo\u00e3o Paulo havia lhe dado uma pedrada. Em seguida, Ramires foi ao encontro de Jo\u00e3o Paulo para tirar satisfa\u00e7\u00f5es.<\/p>\n<p>Com base no depoimento de testemunhas, o Delegado informou \u00e0 nossa reportagem que Marta entregou uma faca para Ramires, que atingiu Jo\u00e3o Paulo, matando-o com golpes no t\u00f3rax e na perna direita.<\/p>\n<p>Ap\u00f3s a pris\u00e3o de Marta e Ramires, eles foram encaminhados para a Unidade Prisional de Vian\u00f3polis e est\u00e3o \u00e0 disposi\u00e7\u00e3o do Poder Judici\u00e1rio.<\/p>\n","protected":false},"excerpt":{"rendered":"<p>M\u00e3e e filho se apresentaram na tarde de ontem, 15, ao Delegado Marcus Vinicius da Costa J\u00fanior e confessarem envolvimento [&hellip;]<\/p>\n","protected":false},"author":2,"featured_media":51925,"comment_status":"open","ping_status":"closed","sticky":false,"template":"","format":"standard","meta":{"_uag_custom_page_level_css":"","site-sidebar-layout":"default","site-content-layout":"","ast-site-content-layout":"default","site-content-style":"default","site-sidebar-style":"default","ast-global-header-display":"","ast-banner-title-visibility":"","ast-main-header-display":"","ast-hfb-above-header-display":"","ast-hfb-below-header-display":"","ast-hfb-mobile-header-display":"","site-post-title":"","ast-breadcrumbs-content":"","ast-featured-img":"","footer-sml-layout":"","ast-disable-related-posts":"","theme-transparent-header-meta":"","adv-header-id-meta":"","stick-header-meta":"","header-above-stick-meta":"","header-main-stick-meta":"","header-below-stick-meta":"","astra-migrate-meta-layouts":"default","ast-page-background-enabled":"default","ast-page-background-meta":{"desktop":{"background-color":"var(--ast-global-color-4)","background-image":"","background-repeat":"repeat","background-position":"center center","background-size":"auto","background-attachment":"scroll","background-type":"","background-media":"","overlay-type":"","overlay-color":"","overlay-opacity":"","overlay-gradient":""},"tablet":{"background-color":"","background-image":"","background-repeat":"repeat","background-position":"center center","background-size":"auto","background-attachment":"scroll","background-type":"","background-media":"","overlay-type":"","overlay-color":"","overlay-opacity":"","overlay-gradient":""},"mobile":{"background-color":"","background-image":"","background-repeat":"repeat","background-position":"center center","background-size":"auto","background-attachment":"scroll","background-type":"","background-media":"","overlay-type":"","overlay-color":"","overlay-opacity":"","overlay-gradient":""}},"ast-content-background-meta":{"desktop":{"background-color":"var(--ast-global-color-5)","background-image":"","background-repeat":"repeat","background-position":"center center","background-size":"auto","background-attachment":"scroll","background-type":"","background-media":"","overlay-type":"","overlay-color":"","overlay-opacity":"","overlay-gradient":""},"tablet":{"background-color":"var(--ast-global-color-5)","background-image":"","background-repeat":"repeat","background-position":"center center","background-size":"auto","background-attachment":"scroll","background-type":"","background-media":"","overlay-type":"","overlay-color":"","overlay-opacity":"","overlay-gradient":""},"mobile":{"background-color":"var(--ast-global-color-5)","background-image":"","background-repeat":"repeat","background-position":"center center","background-size":"auto","background-attachment":"scroll","background-type":"","background-media":"","overlay-type":"","overlay-color":"","overlay-opacity":"","overlay-gradient":""}},"footnotes":""},"categories":[1],"tags":[],"class_list":["post-51924","post","type-post","status-publish","format-standard","has-post-thumbnail","hentry","category-ultimas"],"uagb_featured_image_src":{"full":["https:\/\/www.correspondentevianopolino.com.br\/site\/wp-content\/uploads\/2019\/05\/images-3.jpg",275,183,false],"thumbnail":["https:\/\/www.correspondentevianopolino.com.br\/site\/wp-content\/uploads\/2019\/05\/images-3-150x150.jpg",150,150,true],"medium":["https:\/\/www.correspondentevianopolino.com.br\/site\/wp-content\/uploads\/2019\/05\/images-3.jpg",275,183,false],"medium_large":["https:\/\/www.correspondentevianopolino.com.br\/site\/wp-content\/uploads\/2019\/05\/images-3.jpg",275,183,false],"large":["https:\/\/www.correspondentevianopolino.com.br\/site\/wp-content\/uploads\/2019\/05\/images-3.jpg",275,183,false],"1536x1536":["https:\/\/www.correspondentevianopolino.com.br\/site\/wp-content\/uploads\/2019\/05\/images-3.jpg",275,183,false],"2048x2048":["https:\/\/www.correspondentevianopolino.com.br\/site\/wp-content\/uploads\/2019\/05\/images-3.jpg",275,183,false]},"uagb_author_info":{"display_name":"Ol\u00edvio Lemos","author_link":"https:\/\/www.correspondentevianopolino.com.br\/site\/author\/olivio\/"},"uagb_comment_info":0,"uagb_excerpt":"M\u00e3e e filho se apresentaram na tarde de ontem, 15, ao Delegado Marcus Vinicius da Costa J\u00fanior e confessarem envolvimento [&hellip;]","_links":{"self":[{"href":"https:\/\/www.correspondentevianopolino.com.br\/site\/wp-json\/wp\/v2\/posts\/51924","targetHints":{"allow":["GET"]}}],"collection":[{"href":"https:\/\/www.correspondentevianopolino.com.br\/site\/wp-json\/wp\/v2\/posts"}],"about":[{"href":"https:\/\/www.correspondentevianopolino.com.br\/site\/wp-json\/wp\/v2\/types\/post"}],"author":[{"embeddable":true,"href":"https:\/\/www.correspondentevianopolino.com.br\/site\/wp-json\/wp\/v2\/users\/2"}],"replies":[{"embeddable":true,"href":"https:\/\/www.correspondentevianopolino.com.br\/site\/wp-json\/wp\/v2\/comments?post=51924"}],"version-history":[{"count":0,"href":"https:\/\/www.correspondentevianopolino.com.br\/site\/wp-json\/wp\/v2\/posts\/51924\/revisions"}],"wp:featuredmedia":[{"embeddable":true,"href":"https:\/\/www.correspondentevianopolino.com.br\/site\/wp-json\/wp\/v2\/media\/51925"}],"wp:attachment":[{"href":"https:\/\/www.correspondentevianopolino.com.br\/site\/wp-json\/wp\/v2\/media?parent=51924"}],"wp:term":[{"taxonomy":"category","embeddable":true,"href":"https:\/\/www.correspondentevianopolino.com.br\/site\/wp-json\/wp\/v2\/categories?post=51924"},{"taxonomy":"post_tag","embeddable":true,"href":"https:\/\/www.correspondentevianopolino.com.br\/site\/wp-json\/wp\/v2\/tags?post=51924"}],"curies":[{"name":"wp","href":"https:\/\/api.w.org\/{rel}","templated":true}]}}