{"id":52044,"date":"2019-05-19T05:31:52","date_gmt":"2019-05-19T08:31:52","guid":{"rendered":"http:\/\/www.correspondentevianopolino.com.br\/site\/?p=52044"},"modified":"2019-05-20T10:23:41","modified_gmt":"2019-05-20T13:23:41","slug":"saiba-quem-ganhou-o-premio-principal-de-7-mil-reais-sorteado-na-noite-de-sabado-18-na-festa-de-vianopolis","status":"publish","type":"post","link":"https:\/\/www.correspondentevianopolino.com.br\/site\/saiba-quem-ganhou-o-premio-principal-de-7-mil-reais-sorteado-na-noite-de-sabado-18-na-festa-de-vianopolis\/","title":{"rendered":"Saiba quem ganhou o pr\u00eamio principal de 7 mil reais sorteado na noite de s\u00e1bado, 18, na Festa de Vian\u00f3polis"},"content":{"rendered":"<p>Na noite de ontem (s\u00e1bado), teve sequ\u00eancia a tradicional Festa Religiosa de Vian\u00f3polis em louvor a S\u00e3o Jos\u00e9 e S\u00e3o Sebasti\u00e3o, padroeiros de nosso munic\u00edpio.<\/p>\n<p>E as atra\u00e7\u00f5es foram muitas. Uma delas, foi a tradicional fogueira, que \u00e9 realizada desde 1.988, em frente \u00e0 Barraca de Festas da Par\u00f3quia S\u00e3o Jos\u00e9.<\/p>\n<p>O pr\u00eamio principal da noite de ontem, 18, teve um s\u00f3 ganhador. Com a cartela n\u00b0 1248, <strong>MANOEL IVAN VIEIRA<\/strong> ganhou a import\u00e2ncia de R$ 7.000,00.<\/p>\n<p><strong>Neste domingo,<\/strong> 19, \u00faltimo dia da festa, teremos uma extensa programa\u00e7\u00e3o.<\/p>\n<p>Pela manh\u00e3, carreata, cavalgada e Missa Sertaneja \u00e0s<strong> 10h<\/strong>, na Igreja da Imaculada.<\/p>\n<p><strong>\u00c0s 12<\/strong>, almo\u00e7o na Barraca de Festas da Par\u00f3quia S\u00e3o Jos\u00e9 e show com Bruno Mendes.<\/p>\n<p><strong>\u00c0s 14h,<\/strong> ser\u00e1 realizado o Leil\u00e3o de Bovinos.<\/p>\n<p>\u00c0 noite, encerrando a Festa Religiosa de Vian\u00f3polis na comemora\u00e7\u00e3o dos 60 anos da Par\u00f3quia S\u00e3o Jos\u00e9, teremos bingos presenciais e \u00e0s<strong> 22h,<\/strong> o bingo computadorizado de R$ 30.000,00.<\/p>\n","protected":false},"excerpt":{"rendered":"<p>Na noite de ontem (s\u00e1bado), teve sequ\u00eancia a tradicional Festa Religiosa de Vian\u00f3polis em louvor a S\u00e3o Jos\u00e9 e S\u00e3o [&hellip;]<\/p>\n","protected":false},"author":2,"featured_media":52045,"comment_status":"open","ping_status":"closed","sticky":false,"template":"","format":"standard","meta":{"_uag_custom_page_level_css":"","site-sidebar-layout":"default","site-content-layout":"","ast-site-content-layout":"default","site-content-style":"default","site-sidebar-style":"default","ast-global-header-display":"","ast-banner-title-visibility":"","ast-main-header-display":"","ast-hfb-above-header-display":"","ast-hfb-below-header-display":"","ast-hfb-mobile-header-display":"","site-post-title":"","ast-breadcrumbs-content":"","ast-featured-img":"","footer-sml-layout":"","ast-disable-related-posts":"","theme-transparent-header-meta":"","adv-header-id-meta":"","stick-header-meta":"","header-above-stick-meta":"","header-main-stick-meta":"","header-below-stick-meta":"","astra-migrate-meta-layouts":"default","ast-page-background-enabled":"default","ast-page-background-meta":{"desktop":{"background-color":"var(--ast-global-color-4)","background-image":"","background-repeat":"repeat","background-position":"center center","background-size":"auto","background-attachment":"scroll","background-type":"","background-media":"","overlay-type":"","overlay-color":"","overlay-opacity":"","overlay-gradient":""},"tablet":{"background-color":"","background-image":"","background-repeat":"repeat","background-position":"center center","background-size":"auto","background-attachment":"scroll","background-type":"","background-media":"","overlay-type":"","overlay-color":"","overlay-opacity":"","overlay-gradient":""},"mobile":{"background-color":"","background-image":"","background-repeat":"repeat","background-position":"center center","background-size":"auto","background-attachment":"scroll","background-type":"","background-media":"","overlay-type":"","overlay-color":"","overlay-opacity":"","overlay-gradient":""}},"ast-content-background-meta":{"desktop":{"background-color":"var(--ast-global-color-5)","background-image":"","background-repeat":"repeat","background-position":"center center","background-size":"auto","background-attachment":"scroll","background-type":"","background-media":"","overlay-type":"","overlay-color":"","overlay-opacity":"","overlay-gradient":""},"tablet":{"background-color":"var(--ast-global-color-5)","background-image":"","background-repeat":"repeat","background-position":"center center","background-size":"auto","background-attachment":"scroll","background-type":"","background-media":"","overlay-type":"","overlay-color":"","overlay-opacity":"","overlay-gradient":""},"mobile":{"background-color":"var(--ast-global-color-5)","background-image":"","background-repeat":"repeat","background-position":"center center","background-size":"auto","background-attachment":"scroll","background-type":"","background-media":"","overlay-type":"","overlay-color":"","overlay-opacity":"","overlay-gradient":""}},"footnotes":""},"categories":[1],"tags":[],"class_list":["post-52044","post","type-post","status-publish","format-standard","has-post-thumbnail","hentry","category-ultimas"],"uagb_featured_image_src":{"full":["https:\/\/www.correspondentevianopolino.com.br\/site\/wp-content\/uploads\/2019\/05\/19-1.jpg",640,449,false],"thumbnail":["https:\/\/www.correspondentevianopolino.com.br\/site\/wp-content\/uploads\/2019\/05\/19-1-150x150.jpg",150,150,true],"medium":["https:\/\/www.correspondentevianopolino.com.br\/site\/wp-content\/uploads\/2019\/05\/19-1-300x210.jpg",300,210,true],"medium_large":["https:\/\/www.correspondentevianopolino.com.br\/site\/wp-content\/uploads\/2019\/05\/19-1.jpg",640,449,false],"large":["https:\/\/www.correspondentevianopolino.com.br\/site\/wp-content\/uploads\/2019\/05\/19-1.jpg",640,449,false],"1536x1536":["https:\/\/www.correspondentevianopolino.com.br\/site\/wp-content\/uploads\/2019\/05\/19-1.jpg",640,449,false],"2048x2048":["https:\/\/www.correspondentevianopolino.com.br\/site\/wp-content\/uploads\/2019\/05\/19-1.jpg",640,449,false]},"uagb_author_info":{"display_name":"Ol\u00edvio Lemos","author_link":"https:\/\/www.correspondentevianopolino.com.br\/site\/author\/olivio\/"},"uagb_comment_info":0,"uagb_excerpt":"Na noite de ontem (s\u00e1bado), teve sequ\u00eancia a tradicional Festa Religiosa de Vian\u00f3polis em louvor a S\u00e3o Jos\u00e9 e S\u00e3o [&hellip;]","_links":{"self":[{"href":"https:\/\/www.correspondentevianopolino.com.br\/site\/wp-json\/wp\/v2\/posts\/52044","targetHints":{"allow":["GET"]}}],"collection":[{"href":"https:\/\/www.correspondentevianopolino.com.br\/site\/wp-json\/wp\/v2\/posts"}],"about":[{"href":"https:\/\/www.correspondentevianopolino.com.br\/site\/wp-json\/wp\/v2\/types\/post"}],"author":[{"embeddable":true,"href":"https:\/\/www.correspondentevianopolino.com.br\/site\/wp-json\/wp\/v2\/users\/2"}],"replies":[{"embeddable":true,"href":"https:\/\/www.correspondentevianopolino.com.br\/site\/wp-json\/wp\/v2\/comments?post=52044"}],"version-history":[{"count":0,"href":"https:\/\/www.correspondentevianopolino.com.br\/site\/wp-json\/wp\/v2\/posts\/52044\/revisions"}],"wp:featuredmedia":[{"embeddable":true,"href":"https:\/\/www.correspondentevianopolino.com.br\/site\/wp-json\/wp\/v2\/media\/52045"}],"wp:attachment":[{"href":"https:\/\/www.correspondentevianopolino.com.br\/site\/wp-json\/wp\/v2\/media?parent=52044"}],"wp:term":[{"taxonomy":"category","embeddable":true,"href":"https:\/\/www.correspondentevianopolino.com.br\/site\/wp-json\/wp\/v2\/categories?post=52044"},{"taxonomy":"post_tag","embeddable":true,"href":"https:\/\/www.correspondentevianopolino.com.br\/site\/wp-json\/wp\/v2\/tags?post=52044"}],"curies":[{"name":"wp","href":"https:\/\/api.w.org\/{rel}","templated":true}]}}