{"id":52206,"date":"2019-05-23T06:07:28","date_gmt":"2019-05-23T09:07:28","guid":{"rendered":"http:\/\/www.correspondentevianopolino.com.br\/site\/?p=52206"},"modified":"2019-05-23T14:52:15","modified_gmt":"2019-05-23T17:52:15","slug":"duzentas-consumidores-ja-se-cadastraram-para-concorrer-as-geladeiras-que-serao-sorteadas-pela-enel-em-vianopolis","status":"publish","type":"post","link":"https:\/\/www.correspondentevianopolino.com.br\/site\/duzentas-consumidores-ja-se-cadastraram-para-concorrer-as-geladeiras-que-serao-sorteadas-pela-enel-em-vianopolis\/","title":{"rendered":"Duzentas pessoas j\u00e1 se cadastraram para concorrer \u00e0s geladeiras que ser\u00e3o sorteadas pela ENEL em Vian\u00f3polis"},"content":{"rendered":"<p>At\u00e9 a tarde de ontem, 22, cerca de duzentos pessoas j\u00e1 haviam se cadastrado para concorrer \u00e0s geladeiras que a ENEL sortear\u00e1 amanh\u00e3, 24, em Vian\u00f3polis.<\/p>\n<p>Para concorrer, os consumidores da concession\u00e1ria devem se cadastrar, no hor\u00e1rio de 9 \u00e0s 17h, no Gin\u00e1sio de Esportes de Vian\u00f3polis.<\/p>\n<p>O cadastro pode ser feito at\u00e9 \u00e0s 17h de amanh\u00e3.<\/p>\n<p>No momento do cadastro, as pessoas devem apresentar um documento com foto e a \u00faltima conta de energia el\u00e9trica. Na ocasi\u00e3o, tamb\u00e9m poder\u00e3o trocar duas l\u00e2mpadas incandescentes ou fluorescentes por l\u00e2mpadas de Led, que s\u00e3o econ\u00f4micas.<\/p>\n<p>A entrega das geladeiras acontecer\u00e1 no s\u00e1bado, 25, das 8 \u00e0s 10h, tamb\u00e9m no Gin\u00e1sio de Esportes de Vian\u00f3polis.<\/p>\n<p>Para ter acesso ao eletrodom\u00e9stico novo \u00e9 preciso entregar o usado, que \u00e9 encaminhado para reciclagem.<\/p>\n<p>O objetivo deste projeto da Enel \u00e9 incentivar o uso eficiente de energia el\u00e9trica, uma vez que, na maioria das resid\u00eancias, a geladeira \u00e9 o principal eletrodom\u00e9stico e sempre trabalha por 24h.<\/p>\n<p>Com a geladeira nova, o consumo de energia nas resid\u00eancias ser\u00e1 menor e a concessionar\u00e1 produzir\u00e1 tamb\u00e9m menos energia.<\/p>\n<p>&nbsp;<\/p>\n","protected":false},"excerpt":{"rendered":"<p>At\u00e9 a tarde de ontem, 22, cerca de duzentos pessoas j\u00e1 haviam se cadastrado para concorrer \u00e0s geladeiras que a [&hellip;]<\/p>\n","protected":false},"author":2,"featured_media":52207,"comment_status":"open","ping_status":"closed","sticky":false,"template":"","format":"standard","meta":{"_uag_custom_page_level_css":"","site-sidebar-layout":"default","site-content-layout":"","ast-site-content-layout":"default","site-content-style":"default","site-sidebar-style":"default","ast-global-header-display":"","ast-banner-title-visibility":"","ast-main-header-display":"","ast-hfb-above-header-display":"","ast-hfb-below-header-display":"","ast-hfb-mobile-header-display":"","site-post-title":"","ast-breadcrumbs-content":"","ast-featured-img":"","footer-sml-layout":"","ast-disable-related-posts":"","theme-transparent-header-meta":"","adv-header-id-meta":"","stick-header-meta":"","header-above-stick-meta":"","header-main-stick-meta":"","header-below-stick-meta":"","astra-migrate-meta-layouts":"default","ast-page-background-enabled":"default","ast-page-background-meta":{"desktop":{"background-color":"var(--ast-global-color-4)","background-image":"","background-repeat":"repeat","background-position":"center center","background-size":"auto","background-attachment":"scroll","background-type":"","background-media":"","overlay-type":"","overlay-color":"","overlay-opacity":"","overlay-gradient":""},"tablet":{"background-color":"","background-image":"","background-repeat":"repeat","background-position":"center center","background-size":"auto","background-attachment":"scroll","background-type":"","background-media":"","overlay-type":"","overlay-color":"","overlay-opacity":"","overlay-gradient":""},"mobile":{"background-color":"","background-image":"","background-repeat":"repeat","background-position":"center center","background-size":"auto","background-attachment":"scroll","background-type":"","background-media":"","overlay-type":"","overlay-color":"","overlay-opacity":"","overlay-gradient":""}},"ast-content-background-meta":{"desktop":{"background-color":"var(--ast-global-color-5)","background-image":"","background-repeat":"repeat","background-position":"center center","background-size":"auto","background-attachment":"scroll","background-type":"","background-media":"","overlay-type":"","overlay-color":"","overlay-opacity":"","overlay-gradient":""},"tablet":{"background-color":"var(--ast-global-color-5)","background-image":"","background-repeat":"repeat","background-position":"center center","background-size":"auto","background-attachment":"scroll","background-type":"","background-media":"","overlay-type":"","overlay-color":"","overlay-opacity":"","overlay-gradient":""},"mobile":{"background-color":"var(--ast-global-color-5)","background-image":"","background-repeat":"repeat","background-position":"center center","background-size":"auto","background-attachment":"scroll","background-type":"","background-media":"","overlay-type":"","overlay-color":"","overlay-opacity":"","overlay-gradient":""}},"footnotes":""},"categories":[1],"tags":[],"class_list":["post-52206","post","type-post","status-publish","format-standard","has-post-thumbnail","hentry","category-ultimas"],"uagb_featured_image_src":{"full":["https:\/\/www.correspondentevianopolino.com.br\/site\/wp-content\/uploads\/2019\/05\/Enel-geladeira.jpg",773,470,false],"thumbnail":["https:\/\/www.correspondentevianopolino.com.br\/site\/wp-content\/uploads\/2019\/05\/Enel-geladeira-150x150.jpg",150,150,true],"medium":["https:\/\/www.correspondentevianopolino.com.br\/site\/wp-content\/uploads\/2019\/05\/Enel-geladeira-300x182.jpg",300,182,true],"medium_large":["https:\/\/www.correspondentevianopolino.com.br\/site\/wp-content\/uploads\/2019\/05\/Enel-geladeira-768x467.jpg",768,467,true],"large":["https:\/\/www.correspondentevianopolino.com.br\/site\/wp-content\/uploads\/2019\/05\/Enel-geladeira.jpg",773,470,false],"1536x1536":["https:\/\/www.correspondentevianopolino.com.br\/site\/wp-content\/uploads\/2019\/05\/Enel-geladeira.jpg",773,470,false],"2048x2048":["https:\/\/www.correspondentevianopolino.com.br\/site\/wp-content\/uploads\/2019\/05\/Enel-geladeira.jpg",773,470,false]},"uagb_author_info":{"display_name":"Ol\u00edvio Lemos","author_link":"https:\/\/www.correspondentevianopolino.com.br\/site\/author\/olivio\/"},"uagb_comment_info":1,"uagb_excerpt":"At\u00e9 a tarde de ontem, 22, cerca de duzentos pessoas j\u00e1 haviam se cadastrado para concorrer \u00e0s geladeiras que a [&hellip;]","_links":{"self":[{"href":"https:\/\/www.correspondentevianopolino.com.br\/site\/wp-json\/wp\/v2\/posts\/52206","targetHints":{"allow":["GET"]}}],"collection":[{"href":"https:\/\/www.correspondentevianopolino.com.br\/site\/wp-json\/wp\/v2\/posts"}],"about":[{"href":"https:\/\/www.correspondentevianopolino.com.br\/site\/wp-json\/wp\/v2\/types\/post"}],"author":[{"embeddable":true,"href":"https:\/\/www.correspondentevianopolino.com.br\/site\/wp-json\/wp\/v2\/users\/2"}],"replies":[{"embeddable":true,"href":"https:\/\/www.correspondentevianopolino.com.br\/site\/wp-json\/wp\/v2\/comments?post=52206"}],"version-history":[{"count":0,"href":"https:\/\/www.correspondentevianopolino.com.br\/site\/wp-json\/wp\/v2\/posts\/52206\/revisions"}],"wp:featuredmedia":[{"embeddable":true,"href":"https:\/\/www.correspondentevianopolino.com.br\/site\/wp-json\/wp\/v2\/media\/52207"}],"wp:attachment":[{"href":"https:\/\/www.correspondentevianopolino.com.br\/site\/wp-json\/wp\/v2\/media?parent=52206"}],"wp:term":[{"taxonomy":"category","embeddable":true,"href":"https:\/\/www.correspondentevianopolino.com.br\/site\/wp-json\/wp\/v2\/categories?post=52206"},{"taxonomy":"post_tag","embeddable":true,"href":"https:\/\/www.correspondentevianopolino.com.br\/site\/wp-json\/wp\/v2\/tags?post=52206"}],"curies":[{"name":"wp","href":"https:\/\/api.w.org\/{rel}","templated":true}]}}