{"id":52284,"date":"2019-05-26T19:14:25","date_gmt":"2019-05-26T22:14:25","guid":{"rendered":"http:\/\/www.correspondentevianopolino.com.br\/site\/?p=52284"},"modified":"2019-05-27T10:58:29","modified_gmt":"2019-05-27T13:58:29","slug":"prefeito-issy-quinan-junior-e-vereadores-de-vianopolis-poderao-ter-seus-mandatos-prorrogados-ate-2022","status":"publish","type":"post","link":"https:\/\/www.correspondentevianopolino.com.br\/site\/prefeito-issy-quinan-junior-e-vereadores-de-vianopolis-poderao-ter-seus-mandatos-prorrogados-ate-2022\/","title":{"rendered":"Prefeito Issy Quinan J\u00fanior e vereadores de Vian\u00f3polis poder\u00e3o ter seus mandatos prorrogados at\u00e9 2022"},"content":{"rendered":"<p>Uma proposta de emenda \u00e0 Constitui\u00e7\u00e3o (PEC) foi apresentada na C\u00e2mara Federal pelo Deputado Rog\u00e9rio Peninha (MDB-PR), que prop\u00f5e prorrogar os mandatos dos atuais prefeitos e vereadores de todo pa\u00eds, que est\u00e3o previstos para serem finalizados no pr\u00f3ximo ano.<\/p>\n<p>Caso a PEC seja aprovada, o prefeito Issy Quinan J\u00fanior, o vice-prefeito Tormin Chaves Neto e os vereadores de Vian\u00f3polis ter\u00e3o seus mandatos estendidos at\u00e9 2022, para que as elei\u00e7\u00f5es federais, estaduais e municipais, sejam unificadas. Se isto acontecer, a popula\u00e7\u00e3o iria \u00e0s urnas para votar para Presidente, Governador, Senador, Deputado Federal, Deputado Estadual, Prefeito e Vereador.<\/p>\n<p>O principal objetivo, de acordo com o Deputado Rog\u00e9rio Peninha, \u00e9 diminuir os gastos com elei\u00e7\u00f5es. Segundo ele, o povo n\u00e3o aguenta mais tanta elei\u00e7\u00e3o.<\/p>\n<p>Ano passado, tivemos a de presidente e j\u00e1 est\u00e1 todo mundo pensando na elei\u00e7\u00e3o para prefeito e vereadores marcada para o pr\u00f3ximo ano.<\/p>\n<p>Al\u00e9m desta, outra proposta para tentar unificar as elei\u00e7\u00f5es no Brasil tamb\u00e9m tramita no Senado Federal.<\/p>\n<p>O Presidente da Federa\u00e7\u00e3o Goiana de Munic\u00edpios (FGM), Haroldo Naves, \u00e9 defensor da unifica\u00e7\u00e3o dos mandatos e est\u00e1 convocando todos os prefeitos e vereadores de Goi\u00e1s a participarem de um encontro com os 17 deputados federais e tr\u00eas senadores de nosso Estado para discuss\u00e3o do assunto.<\/p>\n<p>O encontro ser\u00e1 na pr\u00f3xima ter\u00e7a-feira, 28.<\/p>\n<p>Al\u00e9m de Goi\u00e1s, em outros Estados, prefeitos e vereadores realizar\u00e3o encontros com seus deputados e senadores para apresentar apoio \u00e0 PEC.<\/p>\n<p>J\u00e1 no dia 5 de junho, a proposta ser\u00e1 levada ao Presidente da C\u00e2mara Federal, Rodrigo Maia, com reivindica\u00e7\u00e3o para que a PEC seja colocada em vota\u00e7\u00e3o o mais r\u00e1pido poss\u00edvel.<\/p>\n<p>De acordo com Haroldo Naves, a unifica\u00e7\u00e3o das elei\u00e7\u00f5es no Brasil significaria uma economia de 6 bilh\u00f5es de reais, seguindo c\u00e1lculos do Tribunal Superior Eleitoral.<\/p>\n","protected":false},"excerpt":{"rendered":"<p>Uma proposta de emenda \u00e0 Constitui\u00e7\u00e3o (PEC) foi apresentada na C\u00e2mara Federal pelo Deputado Rog\u00e9rio Peninha (MDB-PR), que prop\u00f5e prorrogar [&hellip;]<\/p>\n","protected":false},"author":2,"featured_media":52286,"comment_status":"open","ping_status":"closed","sticky":false,"template":"","format":"standard","meta":{"_uag_custom_page_level_css":"","site-sidebar-layout":"default","site-content-layout":"","ast-site-content-layout":"default","site-content-style":"default","site-sidebar-style":"default","ast-global-header-display":"","ast-banner-title-visibility":"","ast-main-header-display":"","ast-hfb-above-header-display":"","ast-hfb-below-header-display":"","ast-hfb-mobile-header-display":"","site-post-title":"","ast-breadcrumbs-content":"","ast-featured-img":"","footer-sml-layout":"","ast-disable-related-posts":"","theme-transparent-header-meta":"","adv-header-id-meta":"","stick-header-meta":"","header-above-stick-meta":"","header-main-stick-meta":"","header-below-stick-meta":"","astra-migrate-meta-layouts":"default","ast-page-background-enabled":"default","ast-page-background-meta":{"desktop":{"background-color":"var(--ast-global-color-4)","background-image":"","background-repeat":"repeat","background-position":"center center","background-size":"auto","background-attachment":"scroll","background-type":"","background-media":"","overlay-type":"","overlay-color":"","overlay-opacity":"","overlay-gradient":""},"tablet":{"background-color":"","background-image":"","background-repeat":"repeat","background-position":"center center","background-size":"auto","background-attachment":"scroll","background-type":"","background-media":"","overlay-type":"","overlay-color":"","overlay-opacity":"","overlay-gradient":""},"mobile":{"background-color":"","background-image":"","background-repeat":"repeat","background-position":"center center","background-size":"auto","background-attachment":"scroll","background-type":"","background-media":"","overlay-type":"","overlay-color":"","overlay-opacity":"","overlay-gradient":""}},"ast-content-background-meta":{"desktop":{"background-color":"var(--ast-global-color-5)","background-image":"","background-repeat":"repeat","background-position":"center center","background-size":"auto","background-attachment":"scroll","background-type":"","background-media":"","overlay-type":"","overlay-color":"","overlay-opacity":"","overlay-gradient":""},"tablet":{"background-color":"var(--ast-global-color-5)","background-image":"","background-repeat":"repeat","background-position":"center center","background-size":"auto","background-attachment":"scroll","background-type":"","background-media":"","overlay-type":"","overlay-color":"","overlay-opacity":"","overlay-gradient":""},"mobile":{"background-color":"var(--ast-global-color-5)","background-image":"","background-repeat":"repeat","background-position":"center center","background-size":"auto","background-attachment":"scroll","background-type":"","background-media":"","overlay-type":"","overlay-color":"","overlay-opacity":"","overlay-gradient":""}},"footnotes":""},"categories":[1],"tags":[],"class_list":["post-52284","post","type-post","status-publish","format-standard","has-post-thumbnail","hentry","category-ultimas"],"uagb_featured_image_src":{"full":["https:\/\/www.correspondentevianopolino.com.br\/site\/wp-content\/uploads\/2019\/05\/DSC_0114.jpg",448,299,false],"thumbnail":["https:\/\/www.correspondentevianopolino.com.br\/site\/wp-content\/uploads\/2019\/05\/DSC_0114-150x150.jpg",150,150,true],"medium":["https:\/\/www.correspondentevianopolino.com.br\/site\/wp-content\/uploads\/2019\/05\/DSC_0114-300x200.jpg",300,200,true],"medium_large":["https:\/\/www.correspondentevianopolino.com.br\/site\/wp-content\/uploads\/2019\/05\/DSC_0114.jpg",448,299,false],"large":["https:\/\/www.correspondentevianopolino.com.br\/site\/wp-content\/uploads\/2019\/05\/DSC_0114.jpg",448,299,false],"1536x1536":["https:\/\/www.correspondentevianopolino.com.br\/site\/wp-content\/uploads\/2019\/05\/DSC_0114.jpg",448,299,false],"2048x2048":["https:\/\/www.correspondentevianopolino.com.br\/site\/wp-content\/uploads\/2019\/05\/DSC_0114.jpg",448,299,false]},"uagb_author_info":{"display_name":"Ol\u00edvio Lemos","author_link":"https:\/\/www.correspondentevianopolino.com.br\/site\/author\/olivio\/"},"uagb_comment_info":13,"uagb_excerpt":"Uma proposta de emenda \u00e0 Constitui\u00e7\u00e3o (PEC) foi apresentada na C\u00e2mara Federal pelo Deputado Rog\u00e9rio Peninha (MDB-PR), que prop\u00f5e prorrogar [&hellip;]","_links":{"self":[{"href":"https:\/\/www.correspondentevianopolino.com.br\/site\/wp-json\/wp\/v2\/posts\/52284","targetHints":{"allow":["GET"]}}],"collection":[{"href":"https:\/\/www.correspondentevianopolino.com.br\/site\/wp-json\/wp\/v2\/posts"}],"about":[{"href":"https:\/\/www.correspondentevianopolino.com.br\/site\/wp-json\/wp\/v2\/types\/post"}],"author":[{"embeddable":true,"href":"https:\/\/www.correspondentevianopolino.com.br\/site\/wp-json\/wp\/v2\/users\/2"}],"replies":[{"embeddable":true,"href":"https:\/\/www.correspondentevianopolino.com.br\/site\/wp-json\/wp\/v2\/comments?post=52284"}],"version-history":[{"count":0,"href":"https:\/\/www.correspondentevianopolino.com.br\/site\/wp-json\/wp\/v2\/posts\/52284\/revisions"}],"wp:featuredmedia":[{"embeddable":true,"href":"https:\/\/www.correspondentevianopolino.com.br\/site\/wp-json\/wp\/v2\/media\/52286"}],"wp:attachment":[{"href":"https:\/\/www.correspondentevianopolino.com.br\/site\/wp-json\/wp\/v2\/media?parent=52284"}],"wp:term":[{"taxonomy":"category","embeddable":true,"href":"https:\/\/www.correspondentevianopolino.com.br\/site\/wp-json\/wp\/v2\/categories?post=52284"},{"taxonomy":"post_tag","embeddable":true,"href":"https:\/\/www.correspondentevianopolino.com.br\/site\/wp-json\/wp\/v2\/tags?post=52284"}],"curies":[{"name":"wp","href":"https:\/\/api.w.org\/{rel}","templated":true}]}}