{"id":5265,"date":"2015-12-04T09:47:32","date_gmt":"2015-12-04T11:47:32","guid":{"rendered":"http:\/\/www.correspondentevianopolino.com.br\/?p=5265"},"modified":"2015-12-07T11:26:31","modified_gmt":"2015-12-07T13:26:31","slug":"dois-menores-de-ponte-funda-participaram-do-roubo-de-camioneta-de-agricultor-vianopolino","status":"publish","type":"post","link":"https:\/\/www.correspondentevianopolino.com.br\/site\/dois-menores-de-ponte-funda-participaram-do-roubo-de-camioneta-de-agricultor-vianopolino\/","title":{"rendered":"Dois menores de Ponte Funda participaram do roubo de camioneta de agricultor vianopolino"},"content":{"rendered":"<p>N\u00e3o residem em Goi\u00e2nia, mas sim em Ponte Funda, os dois menores que participaram, na noite da \u00faltima ter\u00e7a-feira, 01, do roubo de uma camioneta S-10 do agricultor vianopolino Walter Henrique Anthauer, na localidade de Ponte Funda.<\/p>\n<p>A informa\u00e7\u00e3o foi passada \u00e0 nossa reportagem por um agente do 8\u00ba Distrito Policial de Goi\u00e2nia, onde foi feito o flagrante da pris\u00e3o de dois homens maiores de idade e a apreens\u00e3o dos menores residentes em Ponte Funda.<\/p>\n<p>Ap\u00f3s tomar de assalto a camioneta, os quatro elementos pretendiam, segundo informa\u00e7\u00f5es policiais, entregar o ve\u00edculo a um receptador na capital do Estado e receber 8 mil reais, al\u00e9m de uma quantidade de drogas. No entanto, policiais militares de Goi\u00e2nia evitaram a sequ\u00eancia da fuga e recuperaram a camioneta horas depois do assalto, na chegada \u00e0 capital.<\/p>\n<p>Dos dois maiores presos, um foi ouvido e liberado pelo Delegado Plantonista. J\u00e1 o outro, residente em Silv\u00e2nia, est\u00e1 preso em Goi\u00e2nia.<\/p>\n<p>Os dois menores foram apreendidos e levados para a DEPAI-Delegacia de Pol\u00edcia de Apura\u00e7\u00e3o de Atos Infracionais em Goi\u00e2nia.<\/p>\n<p>Agora, o Minist\u00e9rio P\u00fablico deve pedir a interna\u00e7\u00e3o dos garotos em um Centro de Recupera\u00e7\u00e3o de Menores, uma vez que o crime cometido \u00e9 grave. Caso n\u00e3o seja solicitada a interna\u00e7\u00e3o, os garotos devem ser colocados em liberdade pela autoridade policial quando completar 5 dias da apreens\u00e3o.<\/p>\n<p>Hoje, 04, o Delegado de Pol\u00edcia de Vian\u00f3polis, Marcus Vinicius da Costa J\u00fanior, receber\u00e1 o inqu\u00e9rito iniciado no 8\u00ba Distrito Policial de Goi\u00e2nia, quando dar\u00e1 sequ\u00eancia \u00e0s investiga\u00e7\u00f5es, para, posteriormente, envi\u00e1-lo ao Poder Judici\u00e1rio.<\/p>\n","protected":false},"excerpt":{"rendered":"<p>N\u00e3o residem em Goi\u00e2nia, mas sim em Ponte Funda, os dois menores que participaram, na noite da \u00faltima ter\u00e7a-feira, 01, [&hellip;]<\/p>\n","protected":false},"author":2,"featured_media":5266,"comment_status":"closed","ping_status":"closed","sticky":false,"template":"","format":"standard","meta":{"_uag_custom_page_level_css":"","site-sidebar-layout":"default","site-content-layout":"","ast-site-content-layout":"default","site-content-style":"default","site-sidebar-style":"default","ast-global-header-display":"","ast-banner-title-visibility":"","ast-main-header-display":"","ast-hfb-above-header-display":"","ast-hfb-below-header-display":"","ast-hfb-mobile-header-display":"","site-post-title":"","ast-breadcrumbs-content":"","ast-featured-img":"","footer-sml-layout":"","ast-disable-related-posts":"","theme-transparent-header-meta":"","adv-header-id-meta":"","stick-header-meta":"","header-above-stick-meta":"","header-main-stick-meta":"","header-below-stick-meta":"","astra-migrate-meta-layouts":"default","ast-page-background-enabled":"default","ast-page-background-meta":{"desktop":{"background-color":"var(--ast-global-color-4)","background-image":"","background-repeat":"repeat","background-position":"center center","background-size":"auto","background-attachment":"scroll","background-type":"","background-media":"","overlay-type":"","overlay-color":"","overlay-opacity":"","overlay-gradient":""},"tablet":{"background-color":"","background-image":"","background-repeat":"repeat","background-position":"center center","background-size":"auto","background-attachment":"scroll","background-type":"","background-media":"","overlay-type":"","overlay-color":"","overlay-opacity":"","overlay-gradient":""},"mobile":{"background-color":"","background-image":"","background-repeat":"repeat","background-position":"center center","background-size":"auto","background-attachment":"scroll","background-type":"","background-media":"","overlay-type":"","overlay-color":"","overlay-opacity":"","overlay-gradient":""}},"ast-content-background-meta":{"desktop":{"background-color":"var(--ast-global-color-5)","background-image":"","background-repeat":"repeat","background-position":"center center","background-size":"auto","background-attachment":"scroll","background-type":"","background-media":"","overlay-type":"","overlay-color":"","overlay-opacity":"","overlay-gradient":""},"tablet":{"background-color":"var(--ast-global-color-5)","background-image":"","background-repeat":"repeat","background-position":"center center","background-size":"auto","background-attachment":"scroll","background-type":"","background-media":"","overlay-type":"","overlay-color":"","overlay-opacity":"","overlay-gradient":""},"mobile":{"background-color":"var(--ast-global-color-5)","background-image":"","background-repeat":"repeat","background-position":"center center","background-size":"auto","background-attachment":"scroll","background-type":"","background-media":"","overlay-type":"","overlay-color":"","overlay-opacity":"","overlay-gradient":""}},"footnotes":""},"categories":[],"tags":[],"class_list":["post-5265","post","type-post","status-publish","format-standard","has-post-thumbnail","hentry"],"uagb_featured_image_src":{"full":["https:\/\/www.correspondentevianopolino.com.br\/site\/wp-content\/uploads\/2015\/12\/menor.gif",448,254,false],"thumbnail":["https:\/\/www.correspondentevianopolino.com.br\/site\/wp-content\/uploads\/2015\/12\/menor-150x150.gif",150,150,true],"medium":["https:\/\/www.correspondentevianopolino.com.br\/site\/wp-content\/uploads\/2015\/12\/menor-300x170.gif",300,170,true],"medium_large":["https:\/\/www.correspondentevianopolino.com.br\/site\/wp-content\/uploads\/2015\/12\/menor.gif",448,254,false],"large":["https:\/\/www.correspondentevianopolino.com.br\/site\/wp-content\/uploads\/2015\/12\/menor.gif",448,254,false],"1536x1536":["https:\/\/www.correspondentevianopolino.com.br\/site\/wp-content\/uploads\/2015\/12\/menor.gif",448,254,false],"2048x2048":["https:\/\/www.correspondentevianopolino.com.br\/site\/wp-content\/uploads\/2015\/12\/menor.gif",448,254,false]},"uagb_author_info":{"display_name":"Ol\u00edvio Lemos","author_link":"https:\/\/www.correspondentevianopolino.com.br\/site\/author\/olivio\/"},"uagb_comment_info":0,"uagb_excerpt":"N\u00e3o residem em Goi\u00e2nia, mas sim em Ponte Funda, os dois menores que participaram, na noite da \u00faltima ter\u00e7a-feira, 01, [&hellip;]","_links":{"self":[{"href":"https:\/\/www.correspondentevianopolino.com.br\/site\/wp-json\/wp\/v2\/posts\/5265","targetHints":{"allow":["GET"]}}],"collection":[{"href":"https:\/\/www.correspondentevianopolino.com.br\/site\/wp-json\/wp\/v2\/posts"}],"about":[{"href":"https:\/\/www.correspondentevianopolino.com.br\/site\/wp-json\/wp\/v2\/types\/post"}],"author":[{"embeddable":true,"href":"https:\/\/www.correspondentevianopolino.com.br\/site\/wp-json\/wp\/v2\/users\/2"}],"replies":[{"embeddable":true,"href":"https:\/\/www.correspondentevianopolino.com.br\/site\/wp-json\/wp\/v2\/comments?post=5265"}],"version-history":[{"count":0,"href":"https:\/\/www.correspondentevianopolino.com.br\/site\/wp-json\/wp\/v2\/posts\/5265\/revisions"}],"wp:featuredmedia":[{"embeddable":true,"href":"https:\/\/www.correspondentevianopolino.com.br\/site\/wp-json\/wp\/v2\/media\/5266"}],"wp:attachment":[{"href":"https:\/\/www.correspondentevianopolino.com.br\/site\/wp-json\/wp\/v2\/media?parent=5265"}],"wp:term":[{"taxonomy":"category","embeddable":true,"href":"https:\/\/www.correspondentevianopolino.com.br\/site\/wp-json\/wp\/v2\/categories?post=5265"},{"taxonomy":"post_tag","embeddable":true,"href":"https:\/\/www.correspondentevianopolino.com.br\/site\/wp-json\/wp\/v2\/tags?post=5265"}],"curies":[{"name":"wp","href":"https:\/\/api.w.org\/{rel}","templated":true}]}}