{"id":5312,"date":"2015-12-05T17:14:39","date_gmt":"2015-12-05T19:14:39","guid":{"rendered":"http:\/\/www.correspondentevianopolino.com.br\/?p=5312"},"modified":"2015-12-08T07:44:51","modified_gmt":"2015-12-08T09:44:51","slug":"faca-o-exameteste-de-hivaids","status":"publish","type":"post","link":"https:\/\/www.correspondentevianopolino.com.br\/site\/faca-o-exameteste-de-hivaids\/","title":{"rendered":"Fa\u00e7a o exame\/teste de HIV\/AIDS"},"content":{"rendered":"<p>A Prefeitura de Vian\u00f3polis, atrav\u00e9s da Secretaria Municipal de Sa\u00fade, realiza Campanha de Luta contra HIV\/AIDS, que vai do dia 7 (segunda-feira) ao dia 18 pr\u00f3ximo.<\/p>\n<p>Tendo como tema \u201cVian\u00f3polis contra o HIV\/AIDS\u201d, a campanha oferecer\u00e1 exame\/teste de HIV\/AIDS na Secretaria de Sa\u00fade e nas unidades de sa\u00fade do munic\u00edpio.<\/p>\n<p>De acordo com Wenida Caixeta, Gerente do N\u00facleo de Vigil\u00e2ncia Epidemiol\u00f3gica da Secretaria de Sa\u00fade, devem fazer o exame\/teste, os profissionais de sa\u00fade que j\u00e1 sofreram acidentes de trabalho com material biol\u00f3gico, profissionais do sexo, pessoas com m\u00faltiplos parceiros, moradores de rua, pessoas com parceiros que tem HIV\/AIDS ou que est\u00e3o em d\u00favida, pessoas que tem hist\u00f3rico de HIV\/AIDS na fam\u00edlia, quem recebeu sangue ou realizou cirurgia antes de 1990, quem faz hemodi\u00e1lise ou di\u00e1lise, usu\u00e1rios de drogas, diab\u00e9ticos que compartilham seringas, pessoas que sofrem ou sofreram viol\u00eancia sexual, assim com outras pessoas que queiram fazer o exame\/teste.<\/p>\n<p>Maiores informa\u00e7\u00f5es sobre a Campanha de Luta contra HIV\/AIDS podem ser conseguidas na Secretaria Municipal de Sa\u00fade ou em uma das unidades de sa\u00fade de Vian\u00f3polis, Ponte Funda e Cara\u00edba.<\/p>\n<p>Tire o peso da d\u00favida&#8230; Fa\u00e7a o teste de HIV\/AIDS.<\/p>\n","protected":false},"excerpt":{"rendered":"<p>A Prefeitura de Vian\u00f3polis, atrav\u00e9s da Secretaria Municipal de Sa\u00fade, realiza Campanha de Luta contra HIV\/AIDS, que vai do dia [&hellip;]<\/p>\n","protected":false},"author":2,"featured_media":5313,"comment_status":"closed","ping_status":"closed","sticky":false,"template":"","format":"standard","meta":{"_uag_custom_page_level_css":"","site-sidebar-layout":"default","site-content-layout":"","ast-site-content-layout":"default","site-content-style":"default","site-sidebar-style":"default","ast-global-header-display":"","ast-banner-title-visibility":"","ast-main-header-display":"","ast-hfb-above-header-display":"","ast-hfb-below-header-display":"","ast-hfb-mobile-header-display":"","site-post-title":"","ast-breadcrumbs-content":"","ast-featured-img":"","footer-sml-layout":"","ast-disable-related-posts":"","theme-transparent-header-meta":"","adv-header-id-meta":"","stick-header-meta":"","header-above-stick-meta":"","header-main-stick-meta":"","header-below-stick-meta":"","astra-migrate-meta-layouts":"default","ast-page-background-enabled":"default","ast-page-background-meta":{"desktop":{"background-color":"var(--ast-global-color-4)","background-image":"","background-repeat":"repeat","background-position":"center center","background-size":"auto","background-attachment":"scroll","background-type":"","background-media":"","overlay-type":"","overlay-color":"","overlay-opacity":"","overlay-gradient":""},"tablet":{"background-color":"","background-image":"","background-repeat":"repeat","background-position":"center center","background-size":"auto","background-attachment":"scroll","background-type":"","background-media":"","overlay-type":"","overlay-color":"","overlay-opacity":"","overlay-gradient":""},"mobile":{"background-color":"","background-image":"","background-repeat":"repeat","background-position":"center center","background-size":"auto","background-attachment":"scroll","background-type":"","background-media":"","overlay-type":"","overlay-color":"","overlay-opacity":"","overlay-gradient":""}},"ast-content-background-meta":{"desktop":{"background-color":"var(--ast-global-color-5)","background-image":"","background-repeat":"repeat","background-position":"center center","background-size":"auto","background-attachment":"scroll","background-type":"","background-media":"","overlay-type":"","overlay-color":"","overlay-opacity":"","overlay-gradient":""},"tablet":{"background-color":"var(--ast-global-color-5)","background-image":"","background-repeat":"repeat","background-position":"center center","background-size":"auto","background-attachment":"scroll","background-type":"","background-media":"","overlay-type":"","overlay-color":"","overlay-opacity":"","overlay-gradient":""},"mobile":{"background-color":"var(--ast-global-color-5)","background-image":"","background-repeat":"repeat","background-position":"center center","background-size":"auto","background-attachment":"scroll","background-type":"","background-media":"","overlay-type":"","overlay-color":"","overlay-opacity":"","overlay-gradient":""}},"footnotes":""},"categories":[],"tags":[],"class_list":["post-5312","post","type-post","status-publish","format-standard","has-post-thumbnail","hentry"],"uagb_featured_image_src":{"full":["https:\/\/www.correspondentevianopolino.com.br\/site\/wp-content\/uploads\/2015\/12\/1-de-dezembro-dia-mundial-da-luta-contra-aids.jpg",448,298,false],"thumbnail":["https:\/\/www.correspondentevianopolino.com.br\/site\/wp-content\/uploads\/2015\/12\/1-de-dezembro-dia-mundial-da-luta-contra-aids-150x150.jpg",150,150,true],"medium":["https:\/\/www.correspondentevianopolino.com.br\/site\/wp-content\/uploads\/2015\/12\/1-de-dezembro-dia-mundial-da-luta-contra-aids-300x200.jpg",300,200,true],"medium_large":["https:\/\/www.correspondentevianopolino.com.br\/site\/wp-content\/uploads\/2015\/12\/1-de-dezembro-dia-mundial-da-luta-contra-aids.jpg",448,298,false],"large":["https:\/\/www.correspondentevianopolino.com.br\/site\/wp-content\/uploads\/2015\/12\/1-de-dezembro-dia-mundial-da-luta-contra-aids.jpg",448,298,false],"1536x1536":["https:\/\/www.correspondentevianopolino.com.br\/site\/wp-content\/uploads\/2015\/12\/1-de-dezembro-dia-mundial-da-luta-contra-aids.jpg",448,298,false],"2048x2048":["https:\/\/www.correspondentevianopolino.com.br\/site\/wp-content\/uploads\/2015\/12\/1-de-dezembro-dia-mundial-da-luta-contra-aids.jpg",448,298,false]},"uagb_author_info":{"display_name":"Ol\u00edvio Lemos","author_link":"https:\/\/www.correspondentevianopolino.com.br\/site\/author\/olivio\/"},"uagb_comment_info":0,"uagb_excerpt":"A Prefeitura de Vian\u00f3polis, atrav\u00e9s da Secretaria Municipal de Sa\u00fade, realiza Campanha de Luta contra HIV\/AIDS, que vai do dia [&hellip;]","_links":{"self":[{"href":"https:\/\/www.correspondentevianopolino.com.br\/site\/wp-json\/wp\/v2\/posts\/5312","targetHints":{"allow":["GET"]}}],"collection":[{"href":"https:\/\/www.correspondentevianopolino.com.br\/site\/wp-json\/wp\/v2\/posts"}],"about":[{"href":"https:\/\/www.correspondentevianopolino.com.br\/site\/wp-json\/wp\/v2\/types\/post"}],"author":[{"embeddable":true,"href":"https:\/\/www.correspondentevianopolino.com.br\/site\/wp-json\/wp\/v2\/users\/2"}],"replies":[{"embeddable":true,"href":"https:\/\/www.correspondentevianopolino.com.br\/site\/wp-json\/wp\/v2\/comments?post=5312"}],"version-history":[{"count":0,"href":"https:\/\/www.correspondentevianopolino.com.br\/site\/wp-json\/wp\/v2\/posts\/5312\/revisions"}],"wp:featuredmedia":[{"embeddable":true,"href":"https:\/\/www.correspondentevianopolino.com.br\/site\/wp-json\/wp\/v2\/media\/5313"}],"wp:attachment":[{"href":"https:\/\/www.correspondentevianopolino.com.br\/site\/wp-json\/wp\/v2\/media?parent=5312"}],"wp:term":[{"taxonomy":"category","embeddable":true,"href":"https:\/\/www.correspondentevianopolino.com.br\/site\/wp-json\/wp\/v2\/categories?post=5312"},{"taxonomy":"post_tag","embeddable":true,"href":"https:\/\/www.correspondentevianopolino.com.br\/site\/wp-json\/wp\/v2\/tags?post=5312"}],"curies":[{"name":"wp","href":"https:\/\/api.w.org\/{rel}","templated":true}]}}