{"id":5409,"date":"2015-12-08T07:49:25","date_gmt":"2015-12-08T09:49:25","guid":{"rendered":"http:\/\/www.correspondentevianopolino.com.br\/?p=5409"},"modified":"2015-12-10T11:55:32","modified_gmt":"2015-12-10T13:55:32","slug":"dois-vereadores-anunciam-que-sao-candidatos-a-presidencia-da-camara-municipal","status":"publish","type":"post","link":"https:\/\/www.correspondentevianopolino.com.br\/site\/dois-vereadores-anunciam-que-sao-candidatos-a-presidencia-da-camara-municipal\/","title":{"rendered":"Dois vereadores anunciam que s\u00e3o candidatos \u00e0 presid\u00eancia da C\u00e2mara Municipal"},"content":{"rendered":"<p>Na pr\u00f3xima ter\u00e7a-feira, dia 15, a C\u00e2mara Municipal encerra o atual ano legislativo, ocasi\u00e3o em que ser\u00e1 realizada a \u00faltima sess\u00e3o ordin\u00e1ria de 2015, sob a presid\u00eancia do vereador Cleydson Mascarenhas.<\/p>\n<p>E justamente na sess\u00e3o da pr\u00f3xima ter\u00e7a-feira \u00e9 que ser\u00e1 eleito o vereador que presidir\u00e1 o Legislativo Vianopolino no pr\u00f3ximo ano. Dessa maneira, o assunto do momento no mundo pol\u00edtico vianopolino \u00e9 a sucess\u00e3o do atual presidente da C\u00e2mara Municipal.<\/p>\n<p>Pelo que nossa reportagem apurou, at\u00e9 o momento, dois vereadores j\u00e1 manifestaram interesse de disputar o pleito da pr\u00f3xima ter\u00e7a-feira.<\/p>\n<p>A vereadora <strong>Maria Abadia de Castro Souza<\/strong>, filiada ao PDT-Partido Democr\u00e1tica Trabalhista, eleita com 207 votos , informou \u00e0 nossa reportagem que \u00e9 candidata \u00e0 presid\u00eancia da C\u00e2mara Municipal. Maria Abadia atualmente \u00e9 a 1\u00aa secret\u00e1ria do legislativo vianopolino.<\/p>\n<p>Quem tamb\u00e9m \u00e9 candidato \u00e0 presid\u00eancia do legislativo vianopolino \u00e9 o vereador <strong>Edson Soares<\/strong> (<strong>Edson do Sal\u00e3o)<\/strong>, filiado ao PRP-Partido Republicano Progressista e eleito com 173 votos nas elei\u00e7\u00f5es de 2012.<\/p>\n<p>Caso n\u00e3o surja outro candidato e nenhum dos citados retire a candidatura, a disputa pela presid\u00eancia da C\u00e2mara Municipal na pr\u00f3xima ter\u00e7a-feira, 15, ser\u00e1 entre Edson do Sal\u00e3o e Maria Abadia.<\/p>\n<p>O eleito cumprir\u00e1 mandato no per\u00edodo de primeiro de janeiro a 31 de dezembro do pr\u00f3ximo ano.<\/p>\n","protected":false},"excerpt":{"rendered":"<p>Na pr\u00f3xima ter\u00e7a-feira, dia 15, a C\u00e2mara Municipal encerra o atual ano legislativo, ocasi\u00e3o em que ser\u00e1 realizada a \u00faltima [&hellip;]<\/p>\n","protected":false},"author":2,"featured_media":5411,"comment_status":"open","ping_status":"closed","sticky":false,"template":"","format":"standard","meta":{"_uag_custom_page_level_css":"","site-sidebar-layout":"default","site-content-layout":"","ast-site-content-layout":"default","site-content-style":"default","site-sidebar-style":"default","ast-global-header-display":"","ast-banner-title-visibility":"","ast-main-header-display":"","ast-hfb-above-header-display":"","ast-hfb-below-header-display":"","ast-hfb-mobile-header-display":"","site-post-title":"","ast-breadcrumbs-content":"","ast-featured-img":"","footer-sml-layout":"","ast-disable-related-posts":"","theme-transparent-header-meta":"","adv-header-id-meta":"","stick-header-meta":"","header-above-stick-meta":"","header-main-stick-meta":"","header-below-stick-meta":"","astra-migrate-meta-layouts":"default","ast-page-background-enabled":"default","ast-page-background-meta":{"desktop":{"background-color":"var(--ast-global-color-4)","background-image":"","background-repeat":"repeat","background-position":"center center","background-size":"auto","background-attachment":"scroll","background-type":"","background-media":"","overlay-type":"","overlay-color":"","overlay-opacity":"","overlay-gradient":""},"tablet":{"background-color":"","background-image":"","background-repeat":"repeat","background-position":"center center","background-size":"auto","background-attachment":"scroll","background-type":"","background-media":"","overlay-type":"","overlay-color":"","overlay-opacity":"","overlay-gradient":""},"mobile":{"background-color":"","background-image":"","background-repeat":"repeat","background-position":"center center","background-size":"auto","background-attachment":"scroll","background-type":"","background-media":"","overlay-type":"","overlay-color":"","overlay-opacity":"","overlay-gradient":""}},"ast-content-background-meta":{"desktop":{"background-color":"var(--ast-global-color-5)","background-image":"","background-repeat":"repeat","background-position":"center center","background-size":"auto","background-attachment":"scroll","background-type":"","background-media":"","overlay-type":"","overlay-color":"","overlay-opacity":"","overlay-gradient":""},"tablet":{"background-color":"var(--ast-global-color-5)","background-image":"","background-repeat":"repeat","background-position":"center center","background-size":"auto","background-attachment":"scroll","background-type":"","background-media":"","overlay-type":"","overlay-color":"","overlay-opacity":"","overlay-gradient":""},"mobile":{"background-color":"var(--ast-global-color-5)","background-image":"","background-repeat":"repeat","background-position":"center center","background-size":"auto","background-attachment":"scroll","background-type":"","background-media":"","overlay-type":"","overlay-color":"","overlay-opacity":"","overlay-gradient":""}},"footnotes":""},"categories":[],"tags":[],"class_list":["post-5409","post","type-post","status-publish","format-standard","has-post-thumbnail","hentry"],"uagb_featured_image_src":{"full":["https:\/\/www.correspondentevianopolino.com.br\/site\/wp-content\/uploads\/2015\/12\/DSC0042.jpg",640,332,false],"thumbnail":["https:\/\/www.correspondentevianopolino.com.br\/site\/wp-content\/uploads\/2015\/12\/DSC0042-150x150.jpg",150,150,true],"medium":["https:\/\/www.correspondentevianopolino.com.br\/site\/wp-content\/uploads\/2015\/12\/DSC0042-300x156.jpg",300,156,true],"medium_large":["https:\/\/www.correspondentevianopolino.com.br\/site\/wp-content\/uploads\/2015\/12\/DSC0042.jpg",640,332,false],"large":["https:\/\/www.correspondentevianopolino.com.br\/site\/wp-content\/uploads\/2015\/12\/DSC0042.jpg",640,332,false],"1536x1536":["https:\/\/www.correspondentevianopolino.com.br\/site\/wp-content\/uploads\/2015\/12\/DSC0042.jpg",640,332,false],"2048x2048":["https:\/\/www.correspondentevianopolino.com.br\/site\/wp-content\/uploads\/2015\/12\/DSC0042.jpg",640,332,false]},"uagb_author_info":{"display_name":"Ol\u00edvio Lemos","author_link":"https:\/\/www.correspondentevianopolino.com.br\/site\/author\/olivio\/"},"uagb_comment_info":1,"uagb_excerpt":"Na pr\u00f3xima ter\u00e7a-feira, dia 15, a C\u00e2mara Municipal encerra o atual ano legislativo, ocasi\u00e3o em que ser\u00e1 realizada a \u00faltima [&hellip;]","_links":{"self":[{"href":"https:\/\/www.correspondentevianopolino.com.br\/site\/wp-json\/wp\/v2\/posts\/5409","targetHints":{"allow":["GET"]}}],"collection":[{"href":"https:\/\/www.correspondentevianopolino.com.br\/site\/wp-json\/wp\/v2\/posts"}],"about":[{"href":"https:\/\/www.correspondentevianopolino.com.br\/site\/wp-json\/wp\/v2\/types\/post"}],"author":[{"embeddable":true,"href":"https:\/\/www.correspondentevianopolino.com.br\/site\/wp-json\/wp\/v2\/users\/2"}],"replies":[{"embeddable":true,"href":"https:\/\/www.correspondentevianopolino.com.br\/site\/wp-json\/wp\/v2\/comments?post=5409"}],"version-history":[{"count":0,"href":"https:\/\/www.correspondentevianopolino.com.br\/site\/wp-json\/wp\/v2\/posts\/5409\/revisions"}],"wp:featuredmedia":[{"embeddable":true,"href":"https:\/\/www.correspondentevianopolino.com.br\/site\/wp-json\/wp\/v2\/media\/5411"}],"wp:attachment":[{"href":"https:\/\/www.correspondentevianopolino.com.br\/site\/wp-json\/wp\/v2\/media?parent=5409"}],"wp:term":[{"taxonomy":"category","embeddable":true,"href":"https:\/\/www.correspondentevianopolino.com.br\/site\/wp-json\/wp\/v2\/categories?post=5409"},{"taxonomy":"post_tag","embeddable":true,"href":"https:\/\/www.correspondentevianopolino.com.br\/site\/wp-json\/wp\/v2\/tags?post=5409"}],"curies":[{"name":"wp","href":"https:\/\/api.w.org\/{rel}","templated":true}]}}