{"id":5464,"date":"2015-12-10T06:38:32","date_gmt":"2015-12-10T08:38:32","guid":{"rendered":"http:\/\/www.correspondentevianopolino.com.br\/?p=5464"},"modified":"2015-12-11T17:36:49","modified_gmt":"2015-12-11T19:36:49","slug":"falece-jose-pires-do-prado","status":"publish","type":"post","link":"https:\/\/www.correspondentevianopolino.com.br\/site\/falece-jose-pires-do-prado\/","title":{"rendered":"Falece Jos\u00e9 Pires do Prado"},"content":{"rendered":"<p>Faleceu na madrugada de hoje, 10, em An\u00e1polis, onde realizava tratamento m\u00e9dico, Jos\u00e9 Pires do Prado, pai do Adilson do Sal\u00e3o e conhecido propriet\u00e1rio rural da regi\u00e3o do Rio dos Bois.<\/p>\n<p>O corpo de Jos\u00e9 Pires do Prado, que faleceu aos 74 anos de idade, est\u00e1 sendo velado na Sala de Vel\u00f3rios da Funer\u00e1ria Pax Universo.<\/p>\n<p><strong>O sepultamento acontecer\u00e1 \u00e0s 16h desta quinta-feira, no Cemit\u00e9rio de Vian\u00f3polis.<\/strong><\/p>\n<p>\u00c0 fam\u00edlia enlutada, nossas condol\u00eancias.<\/p>\n","protected":false},"excerpt":{"rendered":"<p>Faleceu na madrugada de hoje, 10, em An\u00e1polis, onde realizava tratamento m\u00e9dico, Jos\u00e9 Pires do Prado, pai do Adilson do [&hellip;]<\/p>\n","protected":false},"author":2,"featured_media":5471,"comment_status":"closed","ping_status":"closed","sticky":false,"template":"","format":"standard","meta":{"_uag_custom_page_level_css":"","site-sidebar-layout":"default","site-content-layout":"","ast-site-content-layout":"default","site-content-style":"default","site-sidebar-style":"default","ast-global-header-display":"","ast-banner-title-visibility":"","ast-main-header-display":"","ast-hfb-above-header-display":"","ast-hfb-below-header-display":"","ast-hfb-mobile-header-display":"","site-post-title":"","ast-breadcrumbs-content":"","ast-featured-img":"","footer-sml-layout":"","ast-disable-related-posts":"","theme-transparent-header-meta":"","adv-header-id-meta":"","stick-header-meta":"","header-above-stick-meta":"","header-main-stick-meta":"","header-below-stick-meta":"","astra-migrate-meta-layouts":"default","ast-page-background-enabled":"default","ast-page-background-meta":{"desktop":{"background-color":"var(--ast-global-color-4)","background-image":"","background-repeat":"repeat","background-position":"center center","background-size":"auto","background-attachment":"scroll","background-type":"","background-media":"","overlay-type":"","overlay-color":"","overlay-opacity":"","overlay-gradient":""},"tablet":{"background-color":"","background-image":"","background-repeat":"repeat","background-position":"center center","background-size":"auto","background-attachment":"scroll","background-type":"","background-media":"","overlay-type":"","overlay-color":"","overlay-opacity":"","overlay-gradient":""},"mobile":{"background-color":"","background-image":"","background-repeat":"repeat","background-position":"center center","background-size":"auto","background-attachment":"scroll","background-type":"","background-media":"","overlay-type":"","overlay-color":"","overlay-opacity":"","overlay-gradient":""}},"ast-content-background-meta":{"desktop":{"background-color":"var(--ast-global-color-5)","background-image":"","background-repeat":"repeat","background-position":"center center","background-size":"auto","background-attachment":"scroll","background-type":"","background-media":"","overlay-type":"","overlay-color":"","overlay-opacity":"","overlay-gradient":""},"tablet":{"background-color":"var(--ast-global-color-5)","background-image":"","background-repeat":"repeat","background-position":"center center","background-size":"auto","background-attachment":"scroll","background-type":"","background-media":"","overlay-type":"","overlay-color":"","overlay-opacity":"","overlay-gradient":""},"mobile":{"background-color":"var(--ast-global-color-5)","background-image":"","background-repeat":"repeat","background-position":"center center","background-size":"auto","background-attachment":"scroll","background-type":"","background-media":"","overlay-type":"","overlay-color":"","overlay-opacity":"","overlay-gradient":""}},"footnotes":""},"categories":[],"tags":[],"class_list":["post-5464","post","type-post","status-publish","format-standard","has-post-thumbnail","hentry"],"uagb_featured_image_src":{"full":["https:\/\/www.correspondentevianopolino.com.br\/site\/wp-content\/uploads\/2015\/12\/JOS\u00c9-PIRES-DO-PRADO.jpg",446,336,false],"thumbnail":["https:\/\/www.correspondentevianopolino.com.br\/site\/wp-content\/uploads\/2015\/12\/JOS\u00c9-PIRES-DO-PRADO-150x150.jpg",150,150,true],"medium":["https:\/\/www.correspondentevianopolino.com.br\/site\/wp-content\/uploads\/2015\/12\/JOS\u00c9-PIRES-DO-PRADO-300x226.jpg",300,226,true],"medium_large":["https:\/\/www.correspondentevianopolino.com.br\/site\/wp-content\/uploads\/2015\/12\/JOS\u00c9-PIRES-DO-PRADO.jpg",446,336,false],"large":["https:\/\/www.correspondentevianopolino.com.br\/site\/wp-content\/uploads\/2015\/12\/JOS\u00c9-PIRES-DO-PRADO.jpg",446,336,false],"1536x1536":["https:\/\/www.correspondentevianopolino.com.br\/site\/wp-content\/uploads\/2015\/12\/JOS\u00c9-PIRES-DO-PRADO.jpg",446,336,false],"2048x2048":["https:\/\/www.correspondentevianopolino.com.br\/site\/wp-content\/uploads\/2015\/12\/JOS\u00c9-PIRES-DO-PRADO.jpg",446,336,false]},"uagb_author_info":{"display_name":"Ol\u00edvio Lemos","author_link":"https:\/\/www.correspondentevianopolino.com.br\/site\/author\/olivio\/"},"uagb_comment_info":0,"uagb_excerpt":"Faleceu na madrugada de hoje, 10, em An\u00e1polis, onde realizava tratamento m\u00e9dico, Jos\u00e9 Pires do Prado, pai do Adilson do [&hellip;]","_links":{"self":[{"href":"https:\/\/www.correspondentevianopolino.com.br\/site\/wp-json\/wp\/v2\/posts\/5464","targetHints":{"allow":["GET"]}}],"collection":[{"href":"https:\/\/www.correspondentevianopolino.com.br\/site\/wp-json\/wp\/v2\/posts"}],"about":[{"href":"https:\/\/www.correspondentevianopolino.com.br\/site\/wp-json\/wp\/v2\/types\/post"}],"author":[{"embeddable":true,"href":"https:\/\/www.correspondentevianopolino.com.br\/site\/wp-json\/wp\/v2\/users\/2"}],"replies":[{"embeddable":true,"href":"https:\/\/www.correspondentevianopolino.com.br\/site\/wp-json\/wp\/v2\/comments?post=5464"}],"version-history":[{"count":0,"href":"https:\/\/www.correspondentevianopolino.com.br\/site\/wp-json\/wp\/v2\/posts\/5464\/revisions"}],"wp:featuredmedia":[{"embeddable":true,"href":"https:\/\/www.correspondentevianopolino.com.br\/site\/wp-json\/wp\/v2\/media\/5471"}],"wp:attachment":[{"href":"https:\/\/www.correspondentevianopolino.com.br\/site\/wp-json\/wp\/v2\/media?parent=5464"}],"wp:term":[{"taxonomy":"category","embeddable":true,"href":"https:\/\/www.correspondentevianopolino.com.br\/site\/wp-json\/wp\/v2\/categories?post=5464"},{"taxonomy":"post_tag","embeddable":true,"href":"https:\/\/www.correspondentevianopolino.com.br\/site\/wp-json\/wp\/v2\/tags?post=5464"}],"curies":[{"name":"wp","href":"https:\/\/api.w.org\/{rel}","templated":true}]}}