{"id":5479,"date":"2015-12-10T15:44:48","date_gmt":"2015-12-10T17:44:48","guid":{"rendered":"http:\/\/www.correspondentevianopolino.com.br\/?p=5479"},"modified":"2015-12-11T17:37:22","modified_gmt":"2015-12-11T19:37:22","slug":"moradores-da-santa-rita-ficam-mais-de-50-horas-sem-energia-eletrica","status":"publish","type":"post","link":"https:\/\/www.correspondentevianopolino.com.br\/site\/moradores-da-santa-rita-ficam-mais-de-50-horas-sem-energia-eletrica\/","title":{"rendered":"Moradores da Santa Rita ficam mais de 50 horas sem energia el\u00e9trica"},"content":{"rendered":"<p>Mais uma vez, a CELG \u00e9 alvo de reclama\u00e7\u00f5es por parte de moradores de nosso munic\u00edpio.<\/p>\n<p>Dessa vez, moradores da regi\u00e3o da Santa Rita e adjac\u00eancias est\u00e3o reclamando e pedindo socorro. Eles ficaram mais de 50 horas sem energia e, muitos, tiveram enormes preju\u00edzos por falta da energia el\u00e9trica.<\/p>\n<p>De acordo com informa\u00e7\u00f5es passadas \u00e0 nossa reportagem por moradores, a interrup\u00e7\u00e3o no fornecimento de energia el\u00e9trica aconteceu \u00e0s 14h da \u00faltima segunda-feira. O restabelecimento no fornecimento s\u00f3 aconteceu \u00e0s 22h de ontem.<\/p>\n<p>Ap\u00f3s ligarem por dezenas de vezes para a Central de Atendimento da CELG, as promessas, quando as pessoas eram atendidas, eram de que t\u00e9cnicos estavam indo realizar o conserto.<\/p>\n<p>A demora para a chegada da equipe foi grande, assim como o tempo de restabelecimento no fornecimento de energia el\u00e9trica, uma vez que os moradores ficaram 56 horas sem energia.<\/p>\n<p>Os moradores solicitaram nossa reportagem que fizesse um apelo ao prefeito Issy Quinan J\u00fanior, assim como aos vereadores vianopolinos, para que busquem junto \u00e0 dire\u00e7\u00e3o da CELG respostas para os problemas que est\u00e3o ocorrendo sempre.<\/p>\n<p>Os moradores pedem socorro aos nossos pol\u00edticos.<\/p>\n<p>Mais uma vez, a CELG d\u00e1 demonstra\u00e7\u00e3o da presta\u00e7\u00e3o de um p\u00e9ssimo servi\u00e7o \u00e0 popula\u00e7\u00e3o.<\/p>\n<p>Est\u00e1 mais uma vez comprovado porque a empresa est\u00e1 no ranking das pioneiras distribuidoras de energia el\u00e9trica do pa\u00eds.<\/p>\n<p>De acordo com o \u00faltimo levantamento feito pela Ag\u00eancia Nacional de Energia El\u00e9trica (ANEEL), a CELG ficou em \u00faltimo lugar, em rela\u00e7\u00e3o \u00e0 qualidade dos servi\u00e7os prestados, entre 36 empresas distribuidoras de energia do pa\u00eds.<\/p>\n<p>Ainda segundo o levantamento, a m\u00e9dia do Brasil de dura\u00e7\u00e3o equivalente de interrup\u00e7\u00e3o \u00e9 de 17 horas, enquanto que em Goi\u00e1s atinge 40 horas.<\/p>\n<p>E mais, a CELG teve um aumento de 70% no n\u00famero de reclama\u00e7\u00f5es de consumidores.<\/p>\n<p><strong>Essa CELG&#8230;<\/strong><\/p>\n","protected":false},"excerpt":{"rendered":"<p>Mais uma vez, a CELG \u00e9 alvo de reclama\u00e7\u00f5es por parte de moradores de nosso munic\u00edpio. Dessa vez, moradores da [&hellip;]<\/p>\n","protected":false},"author":2,"featured_media":5480,"comment_status":"open","ping_status":"closed","sticky":false,"template":"","format":"standard","meta":{"_uag_custom_page_level_css":"","site-sidebar-layout":"default","site-content-layout":"","ast-site-content-layout":"default","site-content-style":"default","site-sidebar-style":"default","ast-global-header-display":"","ast-banner-title-visibility":"","ast-main-header-display":"","ast-hfb-above-header-display":"","ast-hfb-below-header-display":"","ast-hfb-mobile-header-display":"","site-post-title":"","ast-breadcrumbs-content":"","ast-featured-img":"","footer-sml-layout":"","ast-disable-related-posts":"","theme-transparent-header-meta":"","adv-header-id-meta":"","stick-header-meta":"","header-above-stick-meta":"","header-main-stick-meta":"","header-below-stick-meta":"","astra-migrate-meta-layouts":"default","ast-page-background-enabled":"default","ast-page-background-meta":{"desktop":{"background-color":"var(--ast-global-color-4)","background-image":"","background-repeat":"repeat","background-position":"center center","background-size":"auto","background-attachment":"scroll","background-type":"","background-media":"","overlay-type":"","overlay-color":"","overlay-opacity":"","overlay-gradient":""},"tablet":{"background-color":"","background-image":"","background-repeat":"repeat","background-position":"center center","background-size":"auto","background-attachment":"scroll","background-type":"","background-media":"","overlay-type":"","overlay-color":"","overlay-opacity":"","overlay-gradient":""},"mobile":{"background-color":"","background-image":"","background-repeat":"repeat","background-position":"center center","background-size":"auto","background-attachment":"scroll","background-type":"","background-media":"","overlay-type":"","overlay-color":"","overlay-opacity":"","overlay-gradient":""}},"ast-content-background-meta":{"desktop":{"background-color":"var(--ast-global-color-5)","background-image":"","background-repeat":"repeat","background-position":"center center","background-size":"auto","background-attachment":"scroll","background-type":"","background-media":"","overlay-type":"","overlay-color":"","overlay-opacity":"","overlay-gradient":""},"tablet":{"background-color":"var(--ast-global-color-5)","background-image":"","background-repeat":"repeat","background-position":"center center","background-size":"auto","background-attachment":"scroll","background-type":"","background-media":"","overlay-type":"","overlay-color":"","overlay-opacity":"","overlay-gradient":""},"mobile":{"background-color":"var(--ast-global-color-5)","background-image":"","background-repeat":"repeat","background-position":"center center","background-size":"auto","background-attachment":"scroll","background-type":"","background-media":"","overlay-type":"","overlay-color":"","overlay-opacity":"","overlay-gradient":""}},"footnotes":""},"categories":[],"tags":[],"class_list":["post-5479","post","type-post","status-publish","format-standard","has-post-thumbnail","hentry"],"uagb_featured_image_src":{"full":["https:\/\/www.correspondentevianopolino.com.br\/site\/wp-content\/uploads\/2015\/12\/Amazonia-Amazonas-Manaus-apagao-energia_eletrica_ACRIMA20101017_0004_13.jpg",448,296,false],"thumbnail":["https:\/\/www.correspondentevianopolino.com.br\/site\/wp-content\/uploads\/2015\/12\/Amazonia-Amazonas-Manaus-apagao-energia_eletrica_ACRIMA20101017_0004_13-150x150.jpg",150,150,true],"medium":["https:\/\/www.correspondentevianopolino.com.br\/site\/wp-content\/uploads\/2015\/12\/Amazonia-Amazonas-Manaus-apagao-energia_eletrica_ACRIMA20101017_0004_13-300x198.jpg",300,198,true],"medium_large":["https:\/\/www.correspondentevianopolino.com.br\/site\/wp-content\/uploads\/2015\/12\/Amazonia-Amazonas-Manaus-apagao-energia_eletrica_ACRIMA20101017_0004_13.jpg",448,296,false],"large":["https:\/\/www.correspondentevianopolino.com.br\/site\/wp-content\/uploads\/2015\/12\/Amazonia-Amazonas-Manaus-apagao-energia_eletrica_ACRIMA20101017_0004_13.jpg",448,296,false],"1536x1536":["https:\/\/www.correspondentevianopolino.com.br\/site\/wp-content\/uploads\/2015\/12\/Amazonia-Amazonas-Manaus-apagao-energia_eletrica_ACRIMA20101017_0004_13.jpg",448,296,false],"2048x2048":["https:\/\/www.correspondentevianopolino.com.br\/site\/wp-content\/uploads\/2015\/12\/Amazonia-Amazonas-Manaus-apagao-energia_eletrica_ACRIMA20101017_0004_13.jpg",448,296,false]},"uagb_author_info":{"display_name":"Ol\u00edvio Lemos","author_link":"https:\/\/www.correspondentevianopolino.com.br\/site\/author\/olivio\/"},"uagb_comment_info":3,"uagb_excerpt":"Mais uma vez, a CELG \u00e9 alvo de reclama\u00e7\u00f5es por parte de moradores de nosso munic\u00edpio. Dessa vez, moradores da [&hellip;]","_links":{"self":[{"href":"https:\/\/www.correspondentevianopolino.com.br\/site\/wp-json\/wp\/v2\/posts\/5479","targetHints":{"allow":["GET"]}}],"collection":[{"href":"https:\/\/www.correspondentevianopolino.com.br\/site\/wp-json\/wp\/v2\/posts"}],"about":[{"href":"https:\/\/www.correspondentevianopolino.com.br\/site\/wp-json\/wp\/v2\/types\/post"}],"author":[{"embeddable":true,"href":"https:\/\/www.correspondentevianopolino.com.br\/site\/wp-json\/wp\/v2\/users\/2"}],"replies":[{"embeddable":true,"href":"https:\/\/www.correspondentevianopolino.com.br\/site\/wp-json\/wp\/v2\/comments?post=5479"}],"version-history":[{"count":0,"href":"https:\/\/www.correspondentevianopolino.com.br\/site\/wp-json\/wp\/v2\/posts\/5479\/revisions"}],"wp:featuredmedia":[{"embeddable":true,"href":"https:\/\/www.correspondentevianopolino.com.br\/site\/wp-json\/wp\/v2\/media\/5480"}],"wp:attachment":[{"href":"https:\/\/www.correspondentevianopolino.com.br\/site\/wp-json\/wp\/v2\/media?parent=5479"}],"wp:term":[{"taxonomy":"category","embeddable":true,"href":"https:\/\/www.correspondentevianopolino.com.br\/site\/wp-json\/wp\/v2\/categories?post=5479"},{"taxonomy":"post_tag","embeddable":true,"href":"https:\/\/www.correspondentevianopolino.com.br\/site\/wp-json\/wp\/v2\/tags?post=5479"}],"curies":[{"name":"wp","href":"https:\/\/api.w.org\/{rel}","templated":true}]}}