{"id":5620,"date":"2015-12-16T06:12:26","date_gmt":"2015-12-16T08:12:26","guid":{"rendered":"http:\/\/www.correspondentevianopolino.com.br\/?p=5620"},"modified":"2015-12-16T11:54:40","modified_gmt":"2015-12-16T13:54:40","slug":"seminario-para-debater-microcefalia-em-goiania-tera-participacao-de-vianopolinos","status":"publish","type":"post","link":"https:\/\/www.correspondentevianopolino.com.br\/site\/seminario-para-debater-microcefalia-em-goiania-tera-participacao-de-vianopolinos\/","title":{"rendered":"Semin\u00e1rio para debater microcefalia em Goi\u00e2nia ter\u00e1 participa\u00e7\u00e3o de vianopolinos"},"content":{"rendered":"<p>A Coordenadora do N\u00facleo de Vigil\u00e2ncia Epidemiol\u00f3gica da Secretaria Municipal de Sa\u00fade, Wenida Caixeta, e um m\u00e9dico de Vian\u00f3polis participam hoje, na Assembleia Legislativa de Goi\u00e1s, de semin\u00e1rio que debate o aumento significativo nos casos de crian\u00e7as que nascem com microcefalia, problema causado pelo zika v\u00edrus.<\/p>\n<p>\u00c9 sabido que este v\u00edrus tem causado p\u00e2nico em mulheres gr\u00e1vidas.<\/p>\n<p>O zika tem o mesmo agente transmissor que a dengue e a febre chikungunya, ou seja, o mosquito Aedes Aegypti.<\/p>\n<p>O objetivo promovido pela Comiss\u00e3o de Sa\u00fade da Assembleia Legislativa de Goi\u00e1s \u00e9 divulgar a atual situa\u00e7\u00e3o dessas doen\u00e7as, al\u00e9m de discutir a identifica\u00e7\u00e3o, notifica\u00e7\u00e3o e investiga\u00e7\u00e3o dos casos de microcefalia em Goi\u00e1s.<\/p>\n<p>Tamb\u00e9m est\u00e3o sendo debatidos os procedimentos para a vigil\u00e2ncia da doen\u00e7a no Brasil.<\/p>\n","protected":false},"excerpt":{"rendered":"<p>A Coordenadora do N\u00facleo de Vigil\u00e2ncia Epidemiol\u00f3gica da Secretaria Municipal de Sa\u00fade, Wenida Caixeta, e um m\u00e9dico de Vian\u00f3polis participam [&hellip;]<\/p>\n","protected":false},"author":2,"featured_media":5621,"comment_status":"closed","ping_status":"closed","sticky":false,"template":"","format":"standard","meta":{"_uag_custom_page_level_css":"","site-sidebar-layout":"default","site-content-layout":"","ast-site-content-layout":"default","site-content-style":"default","site-sidebar-style":"default","ast-global-header-display":"","ast-banner-title-visibility":"","ast-main-header-display":"","ast-hfb-above-header-display":"","ast-hfb-below-header-display":"","ast-hfb-mobile-header-display":"","site-post-title":"","ast-breadcrumbs-content":"","ast-featured-img":"","footer-sml-layout":"","ast-disable-related-posts":"","theme-transparent-header-meta":"","adv-header-id-meta":"","stick-header-meta":"","header-above-stick-meta":"","header-main-stick-meta":"","header-below-stick-meta":"","astra-migrate-meta-layouts":"default","ast-page-background-enabled":"default","ast-page-background-meta":{"desktop":{"background-color":"var(--ast-global-color-4)","background-image":"","background-repeat":"repeat","background-position":"center center","background-size":"auto","background-attachment":"scroll","background-type":"","background-media":"","overlay-type":"","overlay-color":"","overlay-opacity":"","overlay-gradient":""},"tablet":{"background-color":"","background-image":"","background-repeat":"repeat","background-position":"center center","background-size":"auto","background-attachment":"scroll","background-type":"","background-media":"","overlay-type":"","overlay-color":"","overlay-opacity":"","overlay-gradient":""},"mobile":{"background-color":"","background-image":"","background-repeat":"repeat","background-position":"center center","background-size":"auto","background-attachment":"scroll","background-type":"","background-media":"","overlay-type":"","overlay-color":"","overlay-opacity":"","overlay-gradient":""}},"ast-content-background-meta":{"desktop":{"background-color":"var(--ast-global-color-5)","background-image":"","background-repeat":"repeat","background-position":"center center","background-size":"auto","background-attachment":"scroll","background-type":"","background-media":"","overlay-type":"","overlay-color":"","overlay-opacity":"","overlay-gradient":""},"tablet":{"background-color":"var(--ast-global-color-5)","background-image":"","background-repeat":"repeat","background-position":"center center","background-size":"auto","background-attachment":"scroll","background-type":"","background-media":"","overlay-type":"","overlay-color":"","overlay-opacity":"","overlay-gradient":""},"mobile":{"background-color":"var(--ast-global-color-5)","background-image":"","background-repeat":"repeat","background-position":"center center","background-size":"auto","background-attachment":"scroll","background-type":"","background-media":"","overlay-type":"","overlay-color":"","overlay-opacity":"","overlay-gradient":""}},"footnotes":""},"categories":[],"tags":[],"class_list":["post-5620","post","type-post","status-publish","format-standard","has-post-thumbnail","hentry"],"uagb_featured_image_src":{"full":["https:\/\/www.correspondentevianopolino.com.br\/site\/wp-content\/uploads\/2015\/12\/microcefalia.jpg",448,336,false],"thumbnail":["https:\/\/www.correspondentevianopolino.com.br\/site\/wp-content\/uploads\/2015\/12\/microcefalia-150x150.jpg",150,150,true],"medium":["https:\/\/www.correspondentevianopolino.com.br\/site\/wp-content\/uploads\/2015\/12\/microcefalia-300x225.jpg",300,225,true],"medium_large":["https:\/\/www.correspondentevianopolino.com.br\/site\/wp-content\/uploads\/2015\/12\/microcefalia.jpg",448,336,false],"large":["https:\/\/www.correspondentevianopolino.com.br\/site\/wp-content\/uploads\/2015\/12\/microcefalia.jpg",448,336,false],"1536x1536":["https:\/\/www.correspondentevianopolino.com.br\/site\/wp-content\/uploads\/2015\/12\/microcefalia.jpg",448,336,false],"2048x2048":["https:\/\/www.correspondentevianopolino.com.br\/site\/wp-content\/uploads\/2015\/12\/microcefalia.jpg",448,336,false]},"uagb_author_info":{"display_name":"Ol\u00edvio Lemos","author_link":"https:\/\/www.correspondentevianopolino.com.br\/site\/author\/olivio\/"},"uagb_comment_info":0,"uagb_excerpt":"A Coordenadora do N\u00facleo de Vigil\u00e2ncia Epidemiol\u00f3gica da Secretaria Municipal de Sa\u00fade, Wenida Caixeta, e um m\u00e9dico de Vian\u00f3polis participam [&hellip;]","_links":{"self":[{"href":"https:\/\/www.correspondentevianopolino.com.br\/site\/wp-json\/wp\/v2\/posts\/5620","targetHints":{"allow":["GET"]}}],"collection":[{"href":"https:\/\/www.correspondentevianopolino.com.br\/site\/wp-json\/wp\/v2\/posts"}],"about":[{"href":"https:\/\/www.correspondentevianopolino.com.br\/site\/wp-json\/wp\/v2\/types\/post"}],"author":[{"embeddable":true,"href":"https:\/\/www.correspondentevianopolino.com.br\/site\/wp-json\/wp\/v2\/users\/2"}],"replies":[{"embeddable":true,"href":"https:\/\/www.correspondentevianopolino.com.br\/site\/wp-json\/wp\/v2\/comments?post=5620"}],"version-history":[{"count":0,"href":"https:\/\/www.correspondentevianopolino.com.br\/site\/wp-json\/wp\/v2\/posts\/5620\/revisions"}],"wp:featuredmedia":[{"embeddable":true,"href":"https:\/\/www.correspondentevianopolino.com.br\/site\/wp-json\/wp\/v2\/media\/5621"}],"wp:attachment":[{"href":"https:\/\/www.correspondentevianopolino.com.br\/site\/wp-json\/wp\/v2\/media?parent=5620"}],"wp:term":[{"taxonomy":"category","embeddable":true,"href":"https:\/\/www.correspondentevianopolino.com.br\/site\/wp-json\/wp\/v2\/categories?post=5620"},{"taxonomy":"post_tag","embeddable":true,"href":"https:\/\/www.correspondentevianopolino.com.br\/site\/wp-json\/wp\/v2\/tags?post=5620"}],"curies":[{"name":"wp","href":"https:\/\/api.w.org\/{rel}","templated":true}]}}