{"id":5693,"date":"2015-12-18T15:51:41","date_gmt":"2015-12-18T17:51:41","guid":{"rendered":"http:\/\/www.correspondentevianopolino.com.br\/?p=5693"},"modified":"2015-12-21T12:00:31","modified_gmt":"2015-12-21T14:00:31","slug":"secretaria-de-saude-emite-nota-de-esclarecimento-sobre-interdicao-de-unidade-de-saude","status":"publish","type":"post","link":"https:\/\/www.correspondentevianopolino.com.br\/site\/secretaria-de-saude-emite-nota-de-esclarecimento-sobre-interdicao-de-unidade-de-saude\/","title":{"rendered":"Secret\u00e1ria de Sa\u00fade emite nota de esclarecimento sobre interdi\u00e7\u00e3o de Unidade de Sa\u00fade"},"content":{"rendered":"<p>Em nota enviada \u00e0 nossa reportagem, a Secret\u00e1ria Municipal de Sa\u00fade, Ta\u00eds Mara Caixeta e Silva, presta esclarecimentos \u00e0 comunidade vianopolina sobre a interdi\u00e7\u00e3o da Unidade de Sa\u00fade de Cara\u00edba, assim como do consult\u00f3rio odontol\u00f3gico de Ponte Funda.<\/p>\n<p>Segundo a Secret\u00e1ria, apesar de justificar que a Unidade de Sa\u00fade de Cara\u00edba estava funcionando de forma provis\u00f3ria, uma vez que outra est\u00e1 sendo constru\u00edda, os fiscais decidiram pela interdi\u00e7\u00e3o.<\/p>\n<p>Ta\u00eds Mara Caixeta e Silva informa que as obras da nova unidade (foto) devem estar conclu\u00eddas dentro de 30 dias.<\/p>\n<p>Apesar da interdi\u00e7\u00e3o, os atendimentos n\u00e3o cessaram, pois o m\u00e9dico est\u00e1 realizando atendimento domiciliar, al\u00e9m de tamb\u00e9m atender as pessoas de Cara\u00edba na Unidade de Sa\u00fade de Ponte Funda em alguns per\u00edodos.<\/p>\n<p>Quanto ao consult\u00f3rio odontol\u00f3gico de Ponte Funda, a Secret\u00e1ria Municipal de Sa\u00fade informa que as adequa\u00e7\u00f5es est\u00e3o sendo feitas e dentro de no m\u00e1ximo 40 dias, o consult\u00f3rio voltar\u00e1 a funcionar.<\/p>\n<p>Lembra ela, que os atendimentos odontol\u00f3gicos continuam, uma vez que a equipe foi remanejada para a Unidade de Sa\u00fade do Bairro S\u00e3o Vicente.<\/p>\n","protected":false},"excerpt":{"rendered":"<p>Em nota enviada \u00e0 nossa reportagem, a Secret\u00e1ria Municipal de Sa\u00fade, Ta\u00eds Mara Caixeta e Silva, presta esclarecimentos \u00e0 comunidade [&hellip;]<\/p>\n","protected":false},"author":2,"featured_media":5697,"comment_status":"closed","ping_status":"closed","sticky":false,"template":"","format":"standard","meta":{"_uag_custom_page_level_css":"","site-sidebar-layout":"default","site-content-layout":"","ast-site-content-layout":"default","site-content-style":"default","site-sidebar-style":"default","ast-global-header-display":"","ast-banner-title-visibility":"","ast-main-header-display":"","ast-hfb-above-header-display":"","ast-hfb-below-header-display":"","ast-hfb-mobile-header-display":"","site-post-title":"","ast-breadcrumbs-content":"","ast-featured-img":"","footer-sml-layout":"","ast-disable-related-posts":"","theme-transparent-header-meta":"","adv-header-id-meta":"","stick-header-meta":"","header-above-stick-meta":"","header-main-stick-meta":"","header-below-stick-meta":"","astra-migrate-meta-layouts":"default","ast-page-background-enabled":"default","ast-page-background-meta":{"desktop":{"background-color":"var(--ast-global-color-4)","background-image":"","background-repeat":"repeat","background-position":"center center","background-size":"auto","background-attachment":"scroll","background-type":"","background-media":"","overlay-type":"","overlay-color":"","overlay-opacity":"","overlay-gradient":""},"tablet":{"background-color":"","background-image":"","background-repeat":"repeat","background-position":"center center","background-size":"auto","background-attachment":"scroll","background-type":"","background-media":"","overlay-type":"","overlay-color":"","overlay-opacity":"","overlay-gradient":""},"mobile":{"background-color":"","background-image":"","background-repeat":"repeat","background-position":"center center","background-size":"auto","background-attachment":"scroll","background-type":"","background-media":"","overlay-type":"","overlay-color":"","overlay-opacity":"","overlay-gradient":""}},"ast-content-background-meta":{"desktop":{"background-color":"var(--ast-global-color-5)","background-image":"","background-repeat":"repeat","background-position":"center center","background-size":"auto","background-attachment":"scroll","background-type":"","background-media":"","overlay-type":"","overlay-color":"","overlay-opacity":"","overlay-gradient":""},"tablet":{"background-color":"var(--ast-global-color-5)","background-image":"","background-repeat":"repeat","background-position":"center center","background-size":"auto","background-attachment":"scroll","background-type":"","background-media":"","overlay-type":"","overlay-color":"","overlay-opacity":"","overlay-gradient":""},"mobile":{"background-color":"var(--ast-global-color-5)","background-image":"","background-repeat":"repeat","background-position":"center center","background-size":"auto","background-attachment":"scroll","background-type":"","background-media":"","overlay-type":"","overlay-color":"","overlay-opacity":"","overlay-gradient":""}},"footnotes":""},"categories":[],"tags":[],"class_list":["post-5693","post","type-post","status-publish","format-standard","has-post-thumbnail","hentry"],"uagb_featured_image_src":{"full":["https:\/\/www.correspondentevianopolino.com.br\/site\/wp-content\/uploads\/2015\/12\/UNIDADE-DE-SA\u00daDE-DE-CARA\u00cdBA.jpg",640,385,false],"thumbnail":["https:\/\/www.correspondentevianopolino.com.br\/site\/wp-content\/uploads\/2015\/12\/UNIDADE-DE-SA\u00daDE-DE-CARA\u00cdBA-150x150.jpg",150,150,true],"medium":["https:\/\/www.correspondentevianopolino.com.br\/site\/wp-content\/uploads\/2015\/12\/UNIDADE-DE-SA\u00daDE-DE-CARA\u00cdBA-300x180.jpg",300,180,true],"medium_large":["https:\/\/www.correspondentevianopolino.com.br\/site\/wp-content\/uploads\/2015\/12\/UNIDADE-DE-SA\u00daDE-DE-CARA\u00cdBA.jpg",640,385,false],"large":["https:\/\/www.correspondentevianopolino.com.br\/site\/wp-content\/uploads\/2015\/12\/UNIDADE-DE-SA\u00daDE-DE-CARA\u00cdBA.jpg",640,385,false],"1536x1536":["https:\/\/www.correspondentevianopolino.com.br\/site\/wp-content\/uploads\/2015\/12\/UNIDADE-DE-SA\u00daDE-DE-CARA\u00cdBA.jpg",640,385,false],"2048x2048":["https:\/\/www.correspondentevianopolino.com.br\/site\/wp-content\/uploads\/2015\/12\/UNIDADE-DE-SA\u00daDE-DE-CARA\u00cdBA.jpg",640,385,false]},"uagb_author_info":{"display_name":"Ol\u00edvio Lemos","author_link":"https:\/\/www.correspondentevianopolino.com.br\/site\/author\/olivio\/"},"uagb_comment_info":0,"uagb_excerpt":"Em nota enviada \u00e0 nossa reportagem, a Secret\u00e1ria Municipal de Sa\u00fade, Ta\u00eds Mara Caixeta e Silva, presta esclarecimentos \u00e0 comunidade [&hellip;]","_links":{"self":[{"href":"https:\/\/www.correspondentevianopolino.com.br\/site\/wp-json\/wp\/v2\/posts\/5693","targetHints":{"allow":["GET"]}}],"collection":[{"href":"https:\/\/www.correspondentevianopolino.com.br\/site\/wp-json\/wp\/v2\/posts"}],"about":[{"href":"https:\/\/www.correspondentevianopolino.com.br\/site\/wp-json\/wp\/v2\/types\/post"}],"author":[{"embeddable":true,"href":"https:\/\/www.correspondentevianopolino.com.br\/site\/wp-json\/wp\/v2\/users\/2"}],"replies":[{"embeddable":true,"href":"https:\/\/www.correspondentevianopolino.com.br\/site\/wp-json\/wp\/v2\/comments?post=5693"}],"version-history":[{"count":0,"href":"https:\/\/www.correspondentevianopolino.com.br\/site\/wp-json\/wp\/v2\/posts\/5693\/revisions"}],"wp:featuredmedia":[{"embeddable":true,"href":"https:\/\/www.correspondentevianopolino.com.br\/site\/wp-json\/wp\/v2\/media\/5697"}],"wp:attachment":[{"href":"https:\/\/www.correspondentevianopolino.com.br\/site\/wp-json\/wp\/v2\/media?parent=5693"}],"wp:term":[{"taxonomy":"category","embeddable":true,"href":"https:\/\/www.correspondentevianopolino.com.br\/site\/wp-json\/wp\/v2\/categories?post=5693"},{"taxonomy":"post_tag","embeddable":true,"href":"https:\/\/www.correspondentevianopolino.com.br\/site\/wp-json\/wp\/v2\/tags?post=5693"}],"curies":[{"name":"wp","href":"https:\/\/api.w.org\/{rel}","templated":true}]}}