{"id":5726,"date":"2015-12-20T11:02:39","date_gmt":"2015-12-20T13:02:39","guid":{"rendered":"http:\/\/www.correspondentevianopolino.com.br\/?p=5726"},"modified":"2015-12-22T19:39:28","modified_gmt":"2015-12-22T21:39:28","slug":"decisao-do-presidente-cleydson-mascarenhas-de-alugar-predio-para-a-camara-e-questionada-por-vianopolinos","status":"publish","type":"post","link":"https:\/\/www.correspondentevianopolino.com.br\/site\/decisao-do-presidente-cleydson-mascarenhas-de-alugar-predio-para-a-camara-e-questionada-por-vianopolinos\/","title":{"rendered":"Decis\u00e3o do Presidente Cleydson Mascarenhas de alugar pr\u00e9dio para a C\u00e2mara \u00e9 questionada por vianopolinos"},"content":{"rendered":"<p>Ap\u00f3s a divulga\u00e7\u00e3o pelo Correspondente Vianopolino da not\u00edcia de que a C\u00e2mara Municipal est\u00e1 mudando de endere\u00e7o e que passaria a pagar aluguel, muitos vianopolinos se manifestaram contr\u00e1rio a decis\u00e3o tomada pelo Presidente do Legislativo Vianopolino, Cleydson Mascarenhas.<\/p>\n<p>Conforme foi divulgado, a C\u00e2mara Municipal est\u00e1 deixando um pr\u00e9dio que fica na Rua Jos\u00e9 Issy esquina com Rua Dona Carolina e vai pagar aluguel por um pr\u00e9dio que fica na Rua Eug\u00eanio Jardim, pr\u00f3ximo a ag\u00eancia do SICOOB-CREDI.<\/p>\n<p>Para as pessoas que se manifestaram junto \u00e0 nossa reportagem, em tempos de crise e que muitos administradores reclamam da falta de recursos, \u00e9 discut\u00edvel a decis\u00e3o de deixar um local onde n\u00e3o se paga aluguel e mudar para um pr\u00e9dio locado.<\/p>\n<p>Al\u00e9m dos gastos com aluguel, existem os gastos com mudan\u00e7a, aquisi\u00e7\u00e3o de m\u00f3veis, al\u00e9m de outras despesas.<\/p>\n<p>Recentemente, o pr\u00f3prio prefeito Issy Quinan J\u00fanior reclamava que houve redu\u00e7\u00e3o nos repasses do FPM para a Prefeitura de Vian\u00f3polis.<\/p>\n<p>Se de um lado, tem administrador reclamando de falta de recursos, de outro, segundo alguns coment\u00e1rios chegados \u00e0 nossa reportagem, tem gestor tomando decis\u00f5es dif\u00edceis de ser compreendidas.<\/p>\n<p>Para um vianopolino que se manifestou, o pr\u00e9dio da Rua Jos\u00e9 Issy t\u00e1 de bom tamanho para os servi\u00e7os prestados pelos vereadores.<\/p>\n<p>Outro vianopolino fez algumas indaga\u00e7\u00f5es e as passamos ao presidente da C\u00e2mara Municipal, Cleydson Mascarenhas;<\/p>\n<p><strong>Foi feita licita\u00e7\u00e3o para aluguel do pr\u00e9dio ?<\/strong><\/p>\n<p><strong>O contrato tem que prazo de dura\u00e7\u00e3o e qual \u00e9 valor do aluguel ?<\/strong><\/p>\n<p><strong>Porqu\u00ea a C\u00e2mara Municipal n\u00e3o construiu um pr\u00e9dio pr\u00f3prio ?<\/strong><\/p>\n<p><strong>Todos os vereadores foram consultados da decis\u00e3o ou n\u00e3o havia necessidade desta consulta?<\/strong><\/p>\n<p>S\u00e3o perguntas que nossa reportagem levou ao conhecimento do Presidente da\u00a0C\u00e2mara Municipal e ele j\u00e1 agendou entrevista ao Correspondente Vianopolino.<\/p>\n<p>O presidente Cleydson Mascarenhas disse que se encontra \u00e0 disposi\u00e7\u00e3o para sanar qualquer d\u00favida sobre a <strong>decis\u00e3o tomada com transfer\u00eancia e legalidade.<\/strong><\/p>\n<p>Segundo ele, existia a necessidade de se alugar um pr\u00e9dio para a C\u00e2mara Municipal.<\/p>\n<p><strong>Cleydson Mascarenhas vai participar na pr\u00f3xima quarta-feira, a partir das 11h do Programa Correspondente Vianopolino, apresentado pela R\u00e1dio L\u00edder FM e<\/strong> responder\u00e1 as perguntas feitas por vianopolinos sobre a decis\u00e3o de alugar um pr\u00e9dio para a C\u00e2mara Municipal.<\/p>\n","protected":false},"excerpt":{"rendered":"<p>Ap\u00f3s a divulga\u00e7\u00e3o pelo Correspondente Vianopolino da not\u00edcia de que a C\u00e2mara Municipal est\u00e1 mudando de endere\u00e7o e que passaria [&hellip;]<\/p>\n","protected":false},"author":2,"featured_media":5727,"comment_status":"open","ping_status":"closed","sticky":false,"template":"","format":"standard","meta":{"_uag_custom_page_level_css":"","site-sidebar-layout":"default","site-content-layout":"","ast-site-content-layout":"default","site-content-style":"default","site-sidebar-style":"default","ast-global-header-display":"","ast-banner-title-visibility":"","ast-main-header-display":"","ast-hfb-above-header-display":"","ast-hfb-below-header-display":"","ast-hfb-mobile-header-display":"","site-post-title":"","ast-breadcrumbs-content":"","ast-featured-img":"","footer-sml-layout":"","ast-disable-related-posts":"","theme-transparent-header-meta":"","adv-header-id-meta":"","stick-header-meta":"","header-above-stick-meta":"","header-main-stick-meta":"","header-below-stick-meta":"","astra-migrate-meta-layouts":"default","ast-page-background-enabled":"default","ast-page-background-meta":{"desktop":{"background-color":"var(--ast-global-color-4)","background-image":"","background-repeat":"repeat","background-position":"center center","background-size":"auto","background-attachment":"scroll","background-type":"","background-media":"","overlay-type":"","overlay-color":"","overlay-opacity":"","overlay-gradient":""},"tablet":{"background-color":"","background-image":"","background-repeat":"repeat","background-position":"center center","background-size":"auto","background-attachment":"scroll","background-type":"","background-media":"","overlay-type":"","overlay-color":"","overlay-opacity":"","overlay-gradient":""},"mobile":{"background-color":"","background-image":"","background-repeat":"repeat","background-position":"center center","background-size":"auto","background-attachment":"scroll","background-type":"","background-media":"","overlay-type":"","overlay-color":"","overlay-opacity":"","overlay-gradient":""}},"ast-content-background-meta":{"desktop":{"background-color":"var(--ast-global-color-5)","background-image":"","background-repeat":"repeat","background-position":"center center","background-size":"auto","background-attachment":"scroll","background-type":"","background-media":"","overlay-type":"","overlay-color":"","overlay-opacity":"","overlay-gradient":""},"tablet":{"background-color":"var(--ast-global-color-5)","background-image":"","background-repeat":"repeat","background-position":"center center","background-size":"auto","background-attachment":"scroll","background-type":"","background-media":"","overlay-type":"","overlay-color":"","overlay-opacity":"","overlay-gradient":""},"mobile":{"background-color":"var(--ast-global-color-5)","background-image":"","background-repeat":"repeat","background-position":"center center","background-size":"auto","background-attachment":"scroll","background-type":"","background-media":"","overlay-type":"","overlay-color":"","overlay-opacity":"","overlay-gradient":""}},"footnotes":""},"categories":[],"tags":[],"class_list":["post-5726","post","type-post","status-publish","format-standard","has-post-thumbnail","hentry"],"uagb_featured_image_src":{"full":["https:\/\/www.correspondentevianopolino.com.br\/site\/wp-content\/uploads\/2015\/12\/DSC0044.jpg",640,427,false],"thumbnail":["https:\/\/www.correspondentevianopolino.com.br\/site\/wp-content\/uploads\/2015\/12\/DSC0044-150x150.jpg",150,150,true],"medium":["https:\/\/www.correspondentevianopolino.com.br\/site\/wp-content\/uploads\/2015\/12\/DSC0044-300x200.jpg",300,200,true],"medium_large":["https:\/\/www.correspondentevianopolino.com.br\/site\/wp-content\/uploads\/2015\/12\/DSC0044.jpg",640,427,false],"large":["https:\/\/www.correspondentevianopolino.com.br\/site\/wp-content\/uploads\/2015\/12\/DSC0044.jpg",640,427,false],"1536x1536":["https:\/\/www.correspondentevianopolino.com.br\/site\/wp-content\/uploads\/2015\/12\/DSC0044.jpg",640,427,false],"2048x2048":["https:\/\/www.correspondentevianopolino.com.br\/site\/wp-content\/uploads\/2015\/12\/DSC0044.jpg",640,427,false]},"uagb_author_info":{"display_name":"Ol\u00edvio Lemos","author_link":"https:\/\/www.correspondentevianopolino.com.br\/site\/author\/olivio\/"},"uagb_comment_info":6,"uagb_excerpt":"Ap\u00f3s a divulga\u00e7\u00e3o pelo Correspondente Vianopolino da not\u00edcia de que a C\u00e2mara Municipal est\u00e1 mudando de endere\u00e7o e que passaria [&hellip;]","_links":{"self":[{"href":"https:\/\/www.correspondentevianopolino.com.br\/site\/wp-json\/wp\/v2\/posts\/5726","targetHints":{"allow":["GET"]}}],"collection":[{"href":"https:\/\/www.correspondentevianopolino.com.br\/site\/wp-json\/wp\/v2\/posts"}],"about":[{"href":"https:\/\/www.correspondentevianopolino.com.br\/site\/wp-json\/wp\/v2\/types\/post"}],"author":[{"embeddable":true,"href":"https:\/\/www.correspondentevianopolino.com.br\/site\/wp-json\/wp\/v2\/users\/2"}],"replies":[{"embeddable":true,"href":"https:\/\/www.correspondentevianopolino.com.br\/site\/wp-json\/wp\/v2\/comments?post=5726"}],"version-history":[{"count":0,"href":"https:\/\/www.correspondentevianopolino.com.br\/site\/wp-json\/wp\/v2\/posts\/5726\/revisions"}],"wp:featuredmedia":[{"embeddable":true,"href":"https:\/\/www.correspondentevianopolino.com.br\/site\/wp-json\/wp\/v2\/media\/5727"}],"wp:attachment":[{"href":"https:\/\/www.correspondentevianopolino.com.br\/site\/wp-json\/wp\/v2\/media?parent=5726"}],"wp:term":[{"taxonomy":"category","embeddable":true,"href":"https:\/\/www.correspondentevianopolino.com.br\/site\/wp-json\/wp\/v2\/categories?post=5726"},{"taxonomy":"post_tag","embeddable":true,"href":"https:\/\/www.correspondentevianopolino.com.br\/site\/wp-json\/wp\/v2\/tags?post=5726"}],"curies":[{"name":"wp","href":"https:\/\/api.w.org\/{rel}","templated":true}]}}