{"id":6123,"date":"2016-01-06T07:15:12","date_gmt":"2016-01-06T09:15:12","guid":{"rendered":"http:\/\/www.correspondentevianopolino.com.br\/?p=6123"},"modified":"2016-01-08T06:15:25","modified_gmt":"2016-01-08T08:15:25","slug":"acoes-para-implantacao-do-colegio-militar-em-vianopolis-continuam","status":"publish","type":"post","link":"https:\/\/www.correspondentevianopolino.com.br\/site\/acoes-para-implantacao-do-colegio-militar-em-vianopolis-continuam\/","title":{"rendered":"A\u00e7\u00f5es para implanta\u00e7\u00e3o do Col\u00e9gio Militar em Vian\u00f3polis continuam"},"content":{"rendered":"<p>Depois de reivindicar junto ao Governador do Estado, Marconi Perillo, a cria\u00e7\u00e3o de um col\u00e9gio militar em Vian\u00f3polis e receber aval do mandat\u00e1rio goiano, a AGF-Associa\u00e7\u00e3o Gera\u00e7\u00e3o Futuro, contando com o apoio de autoridades do Poder Judici\u00e1rio, Executivo e Legislativo, realiza a\u00e7\u00f5es na luta pela implanta\u00e7\u00e3o desta importante unidade educacional.<\/p>\n<p>Na audi\u00eancia que tiveram com o Governador Marconi Perillo no \u00faltimo dia 22 de dezembro, os representantes da AGF e as autoridades constitu\u00eddas do munic\u00edpio foram orientadas a coletar assinaturas de cidad\u00e3os vianopolinos reivindicando ao Governo do Estado a instala\u00e7\u00e3o de um col\u00e9gio militar em nossa cidade.<\/p>\n<p>Ap\u00f3s receber o abaixo-assinado, o Governador enviar\u00e1 um projeto de lei \u00e0 Assembleia Legislativa criando o col\u00e9gio militar de Vian\u00f3polis.<\/p>\n<p>Nos pr\u00f3ximos dias, a AGF-Associa\u00e7\u00e3o Gera\u00e7\u00e3o Futuro dar\u00e1 in\u00edcio \u00e0 coleta de cerca de 2 mil assinaturas.<\/p>\n<p>O trabalho de coleta de assinaturas dever\u00e1 ser realizado em poucos dias, uma vez que existe uma urg\u00eancia para o envio do abaixo-assinado ao Pal\u00e1cio das Esmeraldas.<\/p>\n<p>Se depender do Governador Marconi Perillo, conforme nos informaram representantes da AGF, ele enviar\u00e1 o projeto de lei para ser apreciado pela Assembleia Legislativa j\u00e1 no in\u00edcio de fevereiro.\u00a0Por isso, \u00e9 importante que as assinaturas sejam coletadas o mais r\u00e1pido poss\u00edvel.<\/p>\n<p>Na pr\u00f3xima sexta-feira, o Correspondente Vianopolino realizar\u00e1 um Programa Especia,l das 11 \u00e0s 12h, quando ser\u00e1 discutida a cria\u00e7\u00e3o de um col\u00e9gio militar em Vian\u00f3polis.<\/p>\n<p>Ser\u00e3o entrevistados o presidente da AGF, Roberto Santos Moura, a ju\u00edza de Vian\u00f3polis, Marli de F\u00e1tima Naves, o prefeito Issy Quinan J\u00fanior e o diretor de um col\u00e9gio militar que funciona em Goi\u00e2nia.<\/p>\n<p>No programa da pr\u00f3xima sexta-feira pela R\u00e1dio L\u00edder FM, os ouvintes poder\u00e3o fazer perguntas sobre como se dar\u00e1 o funcionamento do col\u00e9gio militar, al\u00e9m de\u00a0outras indaga\u00e7\u00f5es.\u00a0Tamb\u00e9m ser\u00e3o dadas informa\u00e7\u00f5es sobre como ser\u00e1 a coleta de assinaturas.<\/p>\n<p>A AGF quer enviar o abaixo-assinado ao Governador Marconi Perillo nos pr\u00f3ximos quinze dias.<\/p>\n","protected":false},"excerpt":{"rendered":"<p>Depois de reivindicar junto ao Governador do Estado, Marconi Perillo, a cria\u00e7\u00e3o de um col\u00e9gio militar em Vian\u00f3polis e receber [&hellip;]<\/p>\n","protected":false},"author":2,"featured_media":6124,"comment_status":"open","ping_status":"closed","sticky":false,"template":"","format":"standard","meta":{"_uag_custom_page_level_css":"","site-sidebar-layout":"default","site-content-layout":"","ast-site-content-layout":"default","site-content-style":"default","site-sidebar-style":"default","ast-global-header-display":"","ast-banner-title-visibility":"","ast-main-header-display":"","ast-hfb-above-header-display":"","ast-hfb-below-header-display":"","ast-hfb-mobile-header-display":"","site-post-title":"","ast-breadcrumbs-content":"","ast-featured-img":"","footer-sml-layout":"","ast-disable-related-posts":"","theme-transparent-header-meta":"","adv-header-id-meta":"","stick-header-meta":"","header-above-stick-meta":"","header-main-stick-meta":"","header-below-stick-meta":"","astra-migrate-meta-layouts":"default","ast-page-background-enabled":"default","ast-page-background-meta":{"desktop":{"background-color":"var(--ast-global-color-4)","background-image":"","background-repeat":"repeat","background-position":"center center","background-size":"auto","background-attachment":"scroll","background-type":"","background-media":"","overlay-type":"","overlay-color":"","overlay-opacity":"","overlay-gradient":""},"tablet":{"background-color":"","background-image":"","background-repeat":"repeat","background-position":"center center","background-size":"auto","background-attachment":"scroll","background-type":"","background-media":"","overlay-type":"","overlay-color":"","overlay-opacity":"","overlay-gradient":""},"mobile":{"background-color":"","background-image":"","background-repeat":"repeat","background-position":"center center","background-size":"auto","background-attachment":"scroll","background-type":"","background-media":"","overlay-type":"","overlay-color":"","overlay-opacity":"","overlay-gradient":""}},"ast-content-background-meta":{"desktop":{"background-color":"var(--ast-global-color-5)","background-image":"","background-repeat":"repeat","background-position":"center center","background-size":"auto","background-attachment":"scroll","background-type":"","background-media":"","overlay-type":"","overlay-color":"","overlay-opacity":"","overlay-gradient":""},"tablet":{"background-color":"var(--ast-global-color-5)","background-image":"","background-repeat":"repeat","background-position":"center center","background-size":"auto","background-attachment":"scroll","background-type":"","background-media":"","overlay-type":"","overlay-color":"","overlay-opacity":"","overlay-gradient":""},"mobile":{"background-color":"var(--ast-global-color-5)","background-image":"","background-repeat":"repeat","background-position":"center center","background-size":"auto","background-attachment":"scroll","background-type":"","background-media":"","overlay-type":"","overlay-color":"","overlay-opacity":"","overlay-gradient":""}},"footnotes":""},"categories":[],"tags":[],"class_list":["post-6123","post","type-post","status-publish","format-standard","has-post-thumbnail","hentry"],"uagb_featured_image_src":{"full":["https:\/\/www.correspondentevianopolino.com.br\/site\/wp-content\/uploads\/2016\/01\/militar.jpg",448,286,false],"thumbnail":["https:\/\/www.correspondentevianopolino.com.br\/site\/wp-content\/uploads\/2016\/01\/militar-150x150.jpg",150,150,true],"medium":["https:\/\/www.correspondentevianopolino.com.br\/site\/wp-content\/uploads\/2016\/01\/militar-300x192.jpg",300,192,true],"medium_large":["https:\/\/www.correspondentevianopolino.com.br\/site\/wp-content\/uploads\/2016\/01\/militar.jpg",448,286,false],"large":["https:\/\/www.correspondentevianopolino.com.br\/site\/wp-content\/uploads\/2016\/01\/militar.jpg",448,286,false],"1536x1536":["https:\/\/www.correspondentevianopolino.com.br\/site\/wp-content\/uploads\/2016\/01\/militar.jpg",448,286,false],"2048x2048":["https:\/\/www.correspondentevianopolino.com.br\/site\/wp-content\/uploads\/2016\/01\/militar.jpg",448,286,false]},"uagb_author_info":{"display_name":"Ol\u00edvio Lemos","author_link":"https:\/\/www.correspondentevianopolino.com.br\/site\/author\/olivio\/"},"uagb_comment_info":1,"uagb_excerpt":"Depois de reivindicar junto ao Governador do Estado, Marconi Perillo, a cria\u00e7\u00e3o de um col\u00e9gio militar em Vian\u00f3polis e receber [&hellip;]","_links":{"self":[{"href":"https:\/\/www.correspondentevianopolino.com.br\/site\/wp-json\/wp\/v2\/posts\/6123","targetHints":{"allow":["GET"]}}],"collection":[{"href":"https:\/\/www.correspondentevianopolino.com.br\/site\/wp-json\/wp\/v2\/posts"}],"about":[{"href":"https:\/\/www.correspondentevianopolino.com.br\/site\/wp-json\/wp\/v2\/types\/post"}],"author":[{"embeddable":true,"href":"https:\/\/www.correspondentevianopolino.com.br\/site\/wp-json\/wp\/v2\/users\/2"}],"replies":[{"embeddable":true,"href":"https:\/\/www.correspondentevianopolino.com.br\/site\/wp-json\/wp\/v2\/comments?post=6123"}],"version-history":[{"count":0,"href":"https:\/\/www.correspondentevianopolino.com.br\/site\/wp-json\/wp\/v2\/posts\/6123\/revisions"}],"wp:featuredmedia":[{"embeddable":true,"href":"https:\/\/www.correspondentevianopolino.com.br\/site\/wp-json\/wp\/v2\/media\/6124"}],"wp:attachment":[{"href":"https:\/\/www.correspondentevianopolino.com.br\/site\/wp-json\/wp\/v2\/media?parent=6123"}],"wp:term":[{"taxonomy":"category","embeddable":true,"href":"https:\/\/www.correspondentevianopolino.com.br\/site\/wp-json\/wp\/v2\/categories?post=6123"},{"taxonomy":"post_tag","embeddable":true,"href":"https:\/\/www.correspondentevianopolino.com.br\/site\/wp-json\/wp\/v2\/tags?post=6123"}],"curies":[{"name":"wp","href":"https:\/\/api.w.org\/{rel}","templated":true}]}}