{"id":6140,"date":"2016-01-07T07:36:24","date_gmt":"2016-01-07T09:36:24","guid":{"rendered":"http:\/\/www.correspondentevianopolino.com.br\/?p=6140"},"modified":"2016-01-08T06:16:11","modified_gmt":"2016-01-08T08:16:11","slug":"juiza-marli-de-fatima-naves-defende-a-criacao-de-um-colegio-militar-em-vianopolis","status":"publish","type":"post","link":"https:\/\/www.correspondentevianopolino.com.br\/site\/juiza-marli-de-fatima-naves-defende-a-criacao-de-um-colegio-militar-em-vianopolis\/","title":{"rendered":"Ju\u00edza Marli de F\u00e1tima Naves defende a cria\u00e7\u00e3o de um Col\u00e9gio Militar em Vian\u00f3polis"},"content":{"rendered":"<p>Uma das defensoras da cria\u00e7\u00e3o do col\u00e9gio militar \u00e9 a ju\u00edza de Vian\u00f3polis, Marli de F\u00e1tima Naves, que vem acompanhando todo o processo e trabalha intensamente neste sentido.<\/p>\n<p>Entrevistada por nossa reportagem, a ju\u00edza Marli de F\u00e1tima Naves disse que a cria\u00e7\u00e3o de um col\u00e9gio militar, baseado na hierarquia e na disciplina, vir\u00e1 para educar, incentivar e mostrar valores para as crian\u00e7as e adolescentes do munic\u00edpio de Vian\u00f3polis.<\/p>\n<p>Agora, segundo ela, a meta \u00e9 conseguir cerca de 2 mil assinaturas em um abaixo-assinado e entreg\u00e1-lo ao Governador Marconi Perillo, que deu total apoio na transforma\u00e7\u00e3o de uma escola estadual de nossa cidade em col\u00e9gio militar.<\/p>\n<p>No final da entrevista, Marli de F\u00e1tima Naves convocou os vianopolinos a ouvirem amanh\u00e3, 08, das 11 \u00e0s 12h, pela R\u00e1dio L\u00edder FM, o Programa Correspondente Vianopolino Especial, quando ser\u00e3o entrevistados o Prefeito Issy Quinan J\u00fanior, a pr\u00f3pria ju\u00edza e um militar que atua em um dos col\u00e9gios militares de Goi\u00e1s.<\/p>\n<p><strong>Na ocasi\u00e3o, eles estar\u00e3o respondendo perguntas da popula\u00e7\u00e3o sobre a cria\u00e7\u00e3o de um col\u00e9gio militar em Vian\u00f3polis.<\/strong><\/p>\n","protected":false},"excerpt":{"rendered":"<p>Uma das defensoras da cria\u00e7\u00e3o do col\u00e9gio militar \u00e9 a ju\u00edza de Vian\u00f3polis, Marli de F\u00e1tima Naves, que vem acompanhando [&hellip;]<\/p>\n","protected":false},"author":2,"featured_media":6142,"comment_status":"open","ping_status":"closed","sticky":false,"template":"","format":"standard","meta":{"_uag_custom_page_level_css":"","site-sidebar-layout":"default","site-content-layout":"","ast-site-content-layout":"default","site-content-style":"default","site-sidebar-style":"default","ast-global-header-display":"","ast-banner-title-visibility":"","ast-main-header-display":"","ast-hfb-above-header-display":"","ast-hfb-below-header-display":"","ast-hfb-mobile-header-display":"","site-post-title":"","ast-breadcrumbs-content":"","ast-featured-img":"","footer-sml-layout":"","ast-disable-related-posts":"","theme-transparent-header-meta":"","adv-header-id-meta":"","stick-header-meta":"","header-above-stick-meta":"","header-main-stick-meta":"","header-below-stick-meta":"","astra-migrate-meta-layouts":"default","ast-page-background-enabled":"default","ast-page-background-meta":{"desktop":{"background-color":"var(--ast-global-color-4)","background-image":"","background-repeat":"repeat","background-position":"center center","background-size":"auto","background-attachment":"scroll","background-type":"","background-media":"","overlay-type":"","overlay-color":"","overlay-opacity":"","overlay-gradient":""},"tablet":{"background-color":"","background-image":"","background-repeat":"repeat","background-position":"center center","background-size":"auto","background-attachment":"scroll","background-type":"","background-media":"","overlay-type":"","overlay-color":"","overlay-opacity":"","overlay-gradient":""},"mobile":{"background-color":"","background-image":"","background-repeat":"repeat","background-position":"center center","background-size":"auto","background-attachment":"scroll","background-type":"","background-media":"","overlay-type":"","overlay-color":"","overlay-opacity":"","overlay-gradient":""}},"ast-content-background-meta":{"desktop":{"background-color":"var(--ast-global-color-5)","background-image":"","background-repeat":"repeat","background-position":"center center","background-size":"auto","background-attachment":"scroll","background-type":"","background-media":"","overlay-type":"","overlay-color":"","overlay-opacity":"","overlay-gradient":""},"tablet":{"background-color":"var(--ast-global-color-5)","background-image":"","background-repeat":"repeat","background-position":"center center","background-size":"auto","background-attachment":"scroll","background-type":"","background-media":"","overlay-type":"","overlay-color":"","overlay-opacity":"","overlay-gradient":""},"mobile":{"background-color":"var(--ast-global-color-5)","background-image":"","background-repeat":"repeat","background-position":"center center","background-size":"auto","background-attachment":"scroll","background-type":"","background-media":"","overlay-type":"","overlay-color":"","overlay-opacity":"","overlay-gradient":""}},"footnotes":""},"categories":[],"tags":[],"class_list":["post-6140","post","type-post","status-publish","format-standard","has-post-thumbnail","hentry"],"uagb_featured_image_src":{"full":["https:\/\/www.correspondentevianopolino.com.br\/site\/wp-content\/uploads\/2016\/01\/DSC0011.jpg",762,600,false],"thumbnail":["https:\/\/www.correspondentevianopolino.com.br\/site\/wp-content\/uploads\/2016\/01\/DSC0011-150x150.jpg",150,150,true],"medium":["https:\/\/www.correspondentevianopolino.com.br\/site\/wp-content\/uploads\/2016\/01\/DSC0011-300x236.jpg",300,236,true],"medium_large":["https:\/\/www.correspondentevianopolino.com.br\/site\/wp-content\/uploads\/2016\/01\/DSC0011.jpg",762,600,false],"large":["https:\/\/www.correspondentevianopolino.com.br\/site\/wp-content\/uploads\/2016\/01\/DSC0011.jpg",762,600,false],"1536x1536":["https:\/\/www.correspondentevianopolino.com.br\/site\/wp-content\/uploads\/2016\/01\/DSC0011.jpg",762,600,false],"2048x2048":["https:\/\/www.correspondentevianopolino.com.br\/site\/wp-content\/uploads\/2016\/01\/DSC0011.jpg",762,600,false]},"uagb_author_info":{"display_name":"Ol\u00edvio Lemos","author_link":"https:\/\/www.correspondentevianopolino.com.br\/site\/author\/olivio\/"},"uagb_comment_info":0,"uagb_excerpt":"Uma das defensoras da cria\u00e7\u00e3o do col\u00e9gio militar \u00e9 a ju\u00edza de Vian\u00f3polis, Marli de F\u00e1tima Naves, que vem acompanhando [&hellip;]","_links":{"self":[{"href":"https:\/\/www.correspondentevianopolino.com.br\/site\/wp-json\/wp\/v2\/posts\/6140","targetHints":{"allow":["GET"]}}],"collection":[{"href":"https:\/\/www.correspondentevianopolino.com.br\/site\/wp-json\/wp\/v2\/posts"}],"about":[{"href":"https:\/\/www.correspondentevianopolino.com.br\/site\/wp-json\/wp\/v2\/types\/post"}],"author":[{"embeddable":true,"href":"https:\/\/www.correspondentevianopolino.com.br\/site\/wp-json\/wp\/v2\/users\/2"}],"replies":[{"embeddable":true,"href":"https:\/\/www.correspondentevianopolino.com.br\/site\/wp-json\/wp\/v2\/comments?post=6140"}],"version-history":[{"count":0,"href":"https:\/\/www.correspondentevianopolino.com.br\/site\/wp-json\/wp\/v2\/posts\/6140\/revisions"}],"wp:featuredmedia":[{"embeddable":true,"href":"https:\/\/www.correspondentevianopolino.com.br\/site\/wp-json\/wp\/v2\/media\/6142"}],"wp:attachment":[{"href":"https:\/\/www.correspondentevianopolino.com.br\/site\/wp-json\/wp\/v2\/media?parent=6140"}],"wp:term":[{"taxonomy":"category","embeddable":true,"href":"https:\/\/www.correspondentevianopolino.com.br\/site\/wp-json\/wp\/v2\/categories?post=6140"},{"taxonomy":"post_tag","embeddable":true,"href":"https:\/\/www.correspondentevianopolino.com.br\/site\/wp-json\/wp\/v2\/tags?post=6140"}],"curies":[{"name":"wp","href":"https:\/\/api.w.org\/{rel}","templated":true}]}}