{"id":62335,"date":"2020-07-29T15:54:17","date_gmt":"2020-07-29T18:54:17","guid":{"rendered":"http:\/\/www.correspondentevianopolino.com.br\/site\/?p=62335"},"modified":"2020-07-30T12:54:49","modified_gmt":"2020-07-30T15:54:49","slug":"cantor-e-fazendeiro-na-regiao-do-calvo-angelo-maximo-se-recupera-de-cirurgia-no-coracao-realizada-em-sao-paulo","status":"publish","type":"post","link":"https:\/\/www.correspondentevianopolino.com.br\/site\/cantor-e-fazendeiro-na-regiao-do-calvo-angelo-maximo-se-recupera-de-cirurgia-no-coracao-realizada-em-sao-paulo\/","title":{"rendered":"Cantor e fazendeiro na Regi\u00e3o do Calvo, \u00c2ngelo M\u00e1ximo, recupera-se de cirurgia no cora\u00e7\u00e3o realizada em S\u00e3o Paulo"},"content":{"rendered":"<p><strong>Por Ol\u00edvio Lemos<\/strong><\/p>\n<p>O cantor \u00c2ngelo M\u00e1ximo, nascido em Goi\u00e2nia e hoje residindo em S\u00e3o Paulo, fazendeiro na regi\u00e3o do Calvo, munic\u00edpio de Vian\u00f3polis recupera-se de uma cirurgia no cora\u00e7\u00e3o realizada na capital paulista.<\/p>\n<p>O procedimento cir\u00fargico durou 12 horas.<\/p>\n<p>\u00c2ngelo M\u00e1ximo esteve em sua propriedade rural no in\u00edcio de julho e retornou a S\u00e3o Paulo, onde reside e administra um restaurante.<\/p>\n<p>Em 2015, \u00c2ngelo M\u00e1ximo adquiriu parte das terras que pertenceu ao conhecido fazendeiro vianopolino Chico da Rapadura.<\/p>\n<p>\u00c2ngelo M\u00e1ximo vendeu milhares de discos e participou de uma s\u00e9rie de fotonovelas, tendo come\u00e7ado como calouro do Programa S\u00edlvio Santos.<\/p>\n<p>Dentre seus grandes sucessos, s\u00e3o destaques as m\u00fasicas Domingo Feliz, A Primeira Namorada e Vem Me Fazer Feliz. Ele tamb\u00e9m gravou vers\u00f5es de m\u00fasicas de seu \u00eddolo absoluto Elvis Presley, no qual inspirava seu estilo de vestimenta e, por isso, era chamado de o Elvis Brasileiro.<\/p>\n<p>No in\u00edcio de julho, estivemos em sua propriedade rural na regi\u00e3o do Calvo e nos encontramos com o famoso cantor, de quem somos amigos h\u00e1 v\u00e1rios anos. Ele se mostrou saud\u00e1vel e nos disse que iria retornar a S\u00e3o Paulo naquela semana, ap\u00f3s alguns dias em solo vianopolino.<\/p>\n<p>Na tarde de hoje, 29, entramos em contato com um seus familiares e fomos informados que a cirurgia foi um sucesso e que \u00c2ngelo M\u00e1ximo se recupera bem, devendo ganhar alta no pr\u00f3ximo domingo, 01\/08.<\/p>\n<p><strong>Nossos votos de plena recupera\u00e7\u00e3o a \u00c2ngelo M\u00e1ximo!<\/strong><\/p>\n","protected":false},"excerpt":{"rendered":"<p>Por Ol\u00edvio Lemos O cantor \u00c2ngelo M\u00e1ximo, nascido em Goi\u00e2nia e hoje residindo em S\u00e3o Paulo, fazendeiro na regi\u00e3o do [&hellip;]<\/p>\n","protected":false},"author":2,"featured_media":62336,"comment_status":"open","ping_status":"closed","sticky":false,"template":"","format":"standard","meta":{"_uag_custom_page_level_css":"","site-sidebar-layout":"default","site-content-layout":"","ast-site-content-layout":"default","site-content-style":"default","site-sidebar-style":"default","ast-global-header-display":"","ast-banner-title-visibility":"","ast-main-header-display":"","ast-hfb-above-header-display":"","ast-hfb-below-header-display":"","ast-hfb-mobile-header-display":"","site-post-title":"","ast-breadcrumbs-content":"","ast-featured-img":"","footer-sml-layout":"","ast-disable-related-posts":"","theme-transparent-header-meta":"","adv-header-id-meta":"","stick-header-meta":"","header-above-stick-meta":"","header-main-stick-meta":"","header-below-stick-meta":"","astra-migrate-meta-layouts":"default","ast-page-background-enabled":"default","ast-page-background-meta":{"desktop":{"background-color":"var(--ast-global-color-4)","background-image":"","background-repeat":"repeat","background-position":"center center","background-size":"auto","background-attachment":"scroll","background-type":"","background-media":"","overlay-type":"","overlay-color":"","overlay-opacity":"","overlay-gradient":""},"tablet":{"background-color":"","background-image":"","background-repeat":"repeat","background-position":"center center","background-size":"auto","background-attachment":"scroll","background-type":"","background-media":"","overlay-type":"","overlay-color":"","overlay-opacity":"","overlay-gradient":""},"mobile":{"background-color":"","background-image":"","background-repeat":"repeat","background-position":"center center","background-size":"auto","background-attachment":"scroll","background-type":"","background-media":"","overlay-type":"","overlay-color":"","overlay-opacity":"","overlay-gradient":""}},"ast-content-background-meta":{"desktop":{"background-color":"var(--ast-global-color-5)","background-image":"","background-repeat":"repeat","background-position":"center center","background-size":"auto","background-attachment":"scroll","background-type":"","background-media":"","overlay-type":"","overlay-color":"","overlay-opacity":"","overlay-gradient":""},"tablet":{"background-color":"var(--ast-global-color-5)","background-image":"","background-repeat":"repeat","background-position":"center center","background-size":"auto","background-attachment":"scroll","background-type":"","background-media":"","overlay-type":"","overlay-color":"","overlay-opacity":"","overlay-gradient":""},"mobile":{"background-color":"var(--ast-global-color-5)","background-image":"","background-repeat":"repeat","background-position":"center center","background-size":"auto","background-attachment":"scroll","background-type":"","background-media":"","overlay-type":"","overlay-color":"","overlay-opacity":"","overlay-gradient":""}},"footnotes":""},"categories":[1],"tags":[],"class_list":["post-62335","post","type-post","status-publish","format-standard","has-post-thumbnail","hentry","category-ultimas"],"uagb_featured_image_src":{"full":["https:\/\/www.correspondentevianopolino.com.br\/site\/wp-content\/uploads\/2020\/07\/post_57.jpg",570,330,false],"thumbnail":["https:\/\/www.correspondentevianopolino.com.br\/site\/wp-content\/uploads\/2020\/07\/post_57-465x269.jpg",465,269,true],"medium":["https:\/\/www.correspondentevianopolino.com.br\/site\/wp-content\/uploads\/2020\/07\/post_57-300x174.jpg",300,174,true],"medium_large":["https:\/\/www.correspondentevianopolino.com.br\/site\/wp-content\/uploads\/2020\/07\/post_57.jpg",570,330,false],"large":["https:\/\/www.correspondentevianopolino.com.br\/site\/wp-content\/uploads\/2020\/07\/post_57.jpg",570,330,false],"1536x1536":["https:\/\/www.correspondentevianopolino.com.br\/site\/wp-content\/uploads\/2020\/07\/post_57.jpg",570,330,false],"2048x2048":["https:\/\/www.correspondentevianopolino.com.br\/site\/wp-content\/uploads\/2020\/07\/post_57.jpg",570,330,false]},"uagb_author_info":{"display_name":"Ol\u00edvio Lemos","author_link":"https:\/\/www.correspondentevianopolino.com.br\/site\/author\/olivio\/"},"uagb_comment_info":2,"uagb_excerpt":"Por Ol\u00edvio Lemos O cantor \u00c2ngelo M\u00e1ximo, nascido em Goi\u00e2nia e hoje residindo em S\u00e3o Paulo, fazendeiro na regi\u00e3o do [&hellip;]","_links":{"self":[{"href":"https:\/\/www.correspondentevianopolino.com.br\/site\/wp-json\/wp\/v2\/posts\/62335","targetHints":{"allow":["GET"]}}],"collection":[{"href":"https:\/\/www.correspondentevianopolino.com.br\/site\/wp-json\/wp\/v2\/posts"}],"about":[{"href":"https:\/\/www.correspondentevianopolino.com.br\/site\/wp-json\/wp\/v2\/types\/post"}],"author":[{"embeddable":true,"href":"https:\/\/www.correspondentevianopolino.com.br\/site\/wp-json\/wp\/v2\/users\/2"}],"replies":[{"embeddable":true,"href":"https:\/\/www.correspondentevianopolino.com.br\/site\/wp-json\/wp\/v2\/comments?post=62335"}],"version-history":[{"count":0,"href":"https:\/\/www.correspondentevianopolino.com.br\/site\/wp-json\/wp\/v2\/posts\/62335\/revisions"}],"wp:featuredmedia":[{"embeddable":true,"href":"https:\/\/www.correspondentevianopolino.com.br\/site\/wp-json\/wp\/v2\/media\/62336"}],"wp:attachment":[{"href":"https:\/\/www.correspondentevianopolino.com.br\/site\/wp-json\/wp\/v2\/media?parent=62335"}],"wp:term":[{"taxonomy":"category","embeddable":true,"href":"https:\/\/www.correspondentevianopolino.com.br\/site\/wp-json\/wp\/v2\/categories?post=62335"},{"taxonomy":"post_tag","embeddable":true,"href":"https:\/\/www.correspondentevianopolino.com.br\/site\/wp-json\/wp\/v2\/tags?post=62335"}],"curies":[{"name":"wp","href":"https:\/\/api.w.org\/{rel}","templated":true}]}}