{"id":62337,"date":"2020-07-29T18:28:28","date_gmt":"2020-07-29T21:28:28","guid":{"rendered":"http:\/\/www.correspondentevianopolino.com.br\/site\/?p=62337"},"modified":"2020-07-30T11:04:44","modified_gmt":"2020-07-30T14:04:44","slug":"dois-pacientes-assintomaticos-descobrem-que-tiveram-covid-19-e-ja-estao-curados","status":"publish","type":"post","link":"https:\/\/www.correspondentevianopolino.com.br\/site\/dois-pacientes-assintomaticos-descobrem-que-tiveram-covid-19-e-ja-estao-curados\/","title":{"rendered":"Dois pacientes assintom\u00e1ticos de Vian\u00f3polis descobrem que tiveram covid-19 e j\u00e1 est\u00e3o curados"},"content":{"rendered":"<p>A Secret\u00e1ria de Sa\u00fade, Juliana Vitor de Freitas, informou que nesta quarta-feira, 29, dois pacientes assintom\u00e1ticos descobriram que tiveram covid-19 e que j\u00e1 est\u00e3o curadas.<\/p>\n<p>A descoberta se deu atrav\u00e9s de testes r\u00e1pidos.<\/p>\n<p>Uma mulher de 37 anos e um homem de 51 anos de idade, residentes em Ponte Funda e no Bairro S\u00e3o Vicente, s\u00e3o os dois casos confirmados de covid-19 em Vian\u00f3polis na data de hoje, 29.<\/p>\n<p>Segundo Juliana, os dois n\u00e3o ter\u00e3o que cumprir isolamento domiciliar e j\u00e1 entram na estat\u00edstica dos curados.<\/p>\n<p>Dessa maneira, Vian\u00f3polis contabiliza hoje, 29, 102 casos do novo coronav\u00edrus, sendo que 02 \u00f3bitos foram registrados em nosso munic\u00edpio.<\/p>\n<p>O percentual de curados \u00e9 de 93%.<\/p>\n<p><img decoding=\"async\" class=\"alignleft size-full wp-image-62341\" src=\"https:\/\/www.correspondentevianopolino.com.br\/site\/wp-content\/uploads\/2020\/07\/thumbnail-34.jpg\" alt=\"thumbnail\" width=\"480\" height=\"481\" srcset=\"https:\/\/www.correspondentevianopolino.com.br\/site\/wp-content\/uploads\/2020\/07\/thumbnail-34.jpg 480w, https:\/\/www.correspondentevianopolino.com.br\/site\/wp-content\/uploads\/2020\/07\/thumbnail-34-465x466.jpg 465w, https:\/\/www.correspondentevianopolino.com.br\/site\/wp-content\/uploads\/2020\/07\/thumbnail-34-300x300.jpg 300w, https:\/\/www.correspondentevianopolino.com.br\/site\/wp-content\/uploads\/2020\/07\/thumbnail-34-309x310.jpg 309w, https:\/\/www.correspondentevianopolino.com.br\/site\/wp-content\/uploads\/2020\/07\/thumbnail-34-213x213.jpg 213w, https:\/\/www.correspondentevianopolino.com.br\/site\/wp-content\/uploads\/2020\/07\/thumbnail-34-204x204.jpg 204w, https:\/\/www.correspondentevianopolino.com.br\/site\/wp-content\/uploads\/2020\/07\/thumbnail-34-190x190.jpg 190w\" sizes=\"(max-width: 480px) 100vw, 480px\" \/><\/p>\n","protected":false},"excerpt":{"rendered":"<p>A Secret\u00e1ria de Sa\u00fade, Juliana Vitor de Freitas, informou que nesta quarta-feira, 29, dois pacientes assintom\u00e1ticos descobriram que tiveram covid-19 [&hellip;]<\/p>\n","protected":false},"author":2,"featured_media":62254,"comment_status":"open","ping_status":"closed","sticky":false,"template":"","format":"standard","meta":{"_uag_custom_page_level_css":"","site-sidebar-layout":"default","site-content-layout":"","ast-site-content-layout":"default","site-content-style":"default","site-sidebar-style":"default","ast-global-header-display":"","ast-banner-title-visibility":"","ast-main-header-display":"","ast-hfb-above-header-display":"","ast-hfb-below-header-display":"","ast-hfb-mobile-header-display":"","site-post-title":"","ast-breadcrumbs-content":"","ast-featured-img":"","footer-sml-layout":"","ast-disable-related-posts":"","theme-transparent-header-meta":"","adv-header-id-meta":"","stick-header-meta":"","header-above-stick-meta":"","header-main-stick-meta":"","header-below-stick-meta":"","astra-migrate-meta-layouts":"default","ast-page-background-enabled":"default","ast-page-background-meta":{"desktop":{"background-color":"var(--ast-global-color-4)","background-image":"","background-repeat":"repeat","background-position":"center center","background-size":"auto","background-attachment":"scroll","background-type":"","background-media":"","overlay-type":"","overlay-color":"","overlay-opacity":"","overlay-gradient":""},"tablet":{"background-color":"","background-image":"","background-repeat":"repeat","background-position":"center center","background-size":"auto","background-attachment":"scroll","background-type":"","background-media":"","overlay-type":"","overlay-color":"","overlay-opacity":"","overlay-gradient":""},"mobile":{"background-color":"","background-image":"","background-repeat":"repeat","background-position":"center center","background-size":"auto","background-attachment":"scroll","background-type":"","background-media":"","overlay-type":"","overlay-color":"","overlay-opacity":"","overlay-gradient":""}},"ast-content-background-meta":{"desktop":{"background-color":"var(--ast-global-color-5)","background-image":"","background-repeat":"repeat","background-position":"center center","background-size":"auto","background-attachment":"scroll","background-type":"","background-media":"","overlay-type":"","overlay-color":"","overlay-opacity":"","overlay-gradient":""},"tablet":{"background-color":"var(--ast-global-color-5)","background-image":"","background-repeat":"repeat","background-position":"center center","background-size":"auto","background-attachment":"scroll","background-type":"","background-media":"","overlay-type":"","overlay-color":"","overlay-opacity":"","overlay-gradient":""},"mobile":{"background-color":"var(--ast-global-color-5)","background-image":"","background-repeat":"repeat","background-position":"center center","background-size":"auto","background-attachment":"scroll","background-type":"","background-media":"","overlay-type":"","overlay-color":"","overlay-opacity":"","overlay-gradient":""}},"footnotes":""},"categories":[1],"tags":[],"class_list":["post-62337","post","type-post","status-publish","format-standard","has-post-thumbnail","hentry","category-ultimas"],"uagb_featured_image_src":{"full":["https:\/\/www.correspondentevianopolino.com.br\/site\/wp-content\/uploads\/2020\/07\/th-8-1.jpg",329,185,false],"thumbnail":["https:\/\/www.correspondentevianopolino.com.br\/site\/wp-content\/uploads\/2020\/07\/th-8-1.jpg",329,185,false],"medium":["https:\/\/www.correspondentevianopolino.com.br\/site\/wp-content\/uploads\/2020\/07\/th-8-1-300x169.jpg",300,169,true],"medium_large":["https:\/\/www.correspondentevianopolino.com.br\/site\/wp-content\/uploads\/2020\/07\/th-8-1.jpg",329,185,false],"large":["https:\/\/www.correspondentevianopolino.com.br\/site\/wp-content\/uploads\/2020\/07\/th-8-1.jpg",329,185,false],"1536x1536":["https:\/\/www.correspondentevianopolino.com.br\/site\/wp-content\/uploads\/2020\/07\/th-8-1.jpg",329,185,false],"2048x2048":["https:\/\/www.correspondentevianopolino.com.br\/site\/wp-content\/uploads\/2020\/07\/th-8-1.jpg",329,185,false]},"uagb_author_info":{"display_name":"Ol\u00edvio Lemos","author_link":"https:\/\/www.correspondentevianopolino.com.br\/site\/author\/olivio\/"},"uagb_comment_info":0,"uagb_excerpt":"A Secret\u00e1ria de Sa\u00fade, Juliana Vitor de Freitas, informou que nesta quarta-feira, 29, dois pacientes assintom\u00e1ticos descobriram que tiveram covid-19 [&hellip;]","_links":{"self":[{"href":"https:\/\/www.correspondentevianopolino.com.br\/site\/wp-json\/wp\/v2\/posts\/62337","targetHints":{"allow":["GET"]}}],"collection":[{"href":"https:\/\/www.correspondentevianopolino.com.br\/site\/wp-json\/wp\/v2\/posts"}],"about":[{"href":"https:\/\/www.correspondentevianopolino.com.br\/site\/wp-json\/wp\/v2\/types\/post"}],"author":[{"embeddable":true,"href":"https:\/\/www.correspondentevianopolino.com.br\/site\/wp-json\/wp\/v2\/users\/2"}],"replies":[{"embeddable":true,"href":"https:\/\/www.correspondentevianopolino.com.br\/site\/wp-json\/wp\/v2\/comments?post=62337"}],"version-history":[{"count":0,"href":"https:\/\/www.correspondentevianopolino.com.br\/site\/wp-json\/wp\/v2\/posts\/62337\/revisions"}],"wp:featuredmedia":[{"embeddable":true,"href":"https:\/\/www.correspondentevianopolino.com.br\/site\/wp-json\/wp\/v2\/media\/62254"}],"wp:attachment":[{"href":"https:\/\/www.correspondentevianopolino.com.br\/site\/wp-json\/wp\/v2\/media?parent=62337"}],"wp:term":[{"taxonomy":"category","embeddable":true,"href":"https:\/\/www.correspondentevianopolino.com.br\/site\/wp-json\/wp\/v2\/categories?post=62337"},{"taxonomy":"post_tag","embeddable":true,"href":"https:\/\/www.correspondentevianopolino.com.br\/site\/wp-json\/wp\/v2\/tags?post=62337"}],"curies":[{"name":"wp","href":"https:\/\/api.w.org\/{rel}","templated":true}]}}