{"id":81138,"date":"2022-11-11T08:51:06","date_gmt":"2022-11-11T11:51:06","guid":{"rendered":"https:\/\/www.correspondentevianopolino.com.br\/site\/?p=81138"},"modified":"2022-11-16T14:41:16","modified_gmt":"2022-11-16T17:41:16","slug":"deputado-eleito-issy-quinan-junior-diz-ser-contrario-a-proposta-do-governador-ronaldo-caiado-de-taxar-em-165-os-produtos-agropecuarios","status":"publish","type":"post","link":"https:\/\/www.correspondentevianopolino.com.br\/site\/deputado-eleito-issy-quinan-junior-diz-ser-contrario-a-proposta-do-governador-ronaldo-caiado-de-taxar-em-165-os-produtos-agropecuarios\/","title":{"rendered":"DEPUTADO ELEITO ISSY QUINAN J\u00daNIOR DIZ SER CONTR\u00c1RIO A PROPOSTA DO GOVERNADOR RONALDO CAIADO DE TAXAR EM 1,65% OS PRODUTOS AGROPECU\u00c1RIOS"},"content":{"rendered":"\n<figure class=\"wp-block-image size-large\"><img decoding=\"async\" width=\"586\" height=\"1024\" src=\"https:\/\/www.correspondentevianopolino.com.br\/site\/wp-content\/uploads\/2022\/11\/thumbnail-4-4-586x1024.jpg\" alt=\"\" class=\"wp-image-81104\" srcset=\"https:\/\/www.correspondentevianopolino.com.br\/site\/wp-content\/uploads\/2022\/11\/thumbnail-4-4-586x1024.jpg 586w, https:\/\/www.correspondentevianopolino.com.br\/site\/wp-content\/uploads\/2022\/11\/thumbnail-4-4-172x300.jpg 172w, https:\/\/www.correspondentevianopolino.com.br\/site\/wp-content\/uploads\/2022\/11\/thumbnail-4-4-465x813.jpg 465w, https:\/\/www.correspondentevianopolino.com.br\/site\/wp-content\/uploads\/2022\/11\/thumbnail-4-4-177x310.jpg 177w, https:\/\/www.correspondentevianopolino.com.br\/site\/wp-content\/uploads\/2022\/11\/thumbnail-4-4-122x213.jpg 122w, https:\/\/www.correspondentevianopolino.com.br\/site\/wp-content\/uploads\/2022\/11\/thumbnail-4-4-117x204.jpg 117w, https:\/\/www.correspondentevianopolino.com.br\/site\/wp-content\/uploads\/2022\/11\/thumbnail-4-4-109x190.jpg 109w, https:\/\/www.correspondentevianopolino.com.br\/site\/wp-content\/uploads\/2022\/11\/thumbnail-4-4.jpg 732w\" sizes=\"(max-width: 586px) 100vw, 586px\" \/><\/figure>\n\n\n\n<p>O Governador Ronaldo Caiado enviou projeto de lei para a Assembleia Legislativa propondo a cria\u00e7\u00e3o de uma taxa\u00e7\u00e3o de 1,65% sobre os produtos agropecu\u00e1rios.<\/p>\n\n\n\n<p>Segundo Caiado, a cria\u00e7\u00e3o dessa taxa se faz necess\u00e1rio para compensar a queda de arrecada\u00e7\u00e3o do ICMS, por causa da lei federal que reduziu a cobran\u00e7a em combust\u00edveis.<\/p>\n\n\n\n<p>O dinheiro arrecadado ir\u00e1 para um fundo que ter\u00e1 administra\u00e7\u00e3o da Secretaria de Infraestrutura, a fim de ser usada na \u00e1rea de infraestrutura do Estado.<\/p>\n\n\n\n<p>Falando \u00e0 nossa reportagem, o ex-prefeito de Vian\u00f3polis, Deputado Estadual eleito e agricultor, Issy Quinan J\u00fanior, disse ser contra a taxa\u00e7\u00e3o proposta por Caiado, sobretudo neste momento de incerteza com rumos econ\u00f4micos a serem tomados pelo novo Governo Federal, que assumir\u00e1 em janeiro pr\u00f3ximo.<\/p>\n\n\n\n<p>Os produtores rurais, prossegue Issy, n\u00e3o estabelecem os pre\u00e7os das mercadorias que produzem, s\u00e3o ref\u00e9ns do mercado, diferentemente da ind\u00fastria e do com\u00e9rcio, que repassam seus custos ao consumidor final, de forma que a incid\u00eancia desse tributo diminui a competitividade do setor que j\u00e1 contribui bastante com a formata\u00e7\u00e3o da economia, com a gera\u00e7\u00e3o de empregos e com a ascens\u00e3o econ\u00f4mica e social de todo o territ\u00f3rio nacional.<\/p>\n\n\n<figure class=\"wp-block-post-featured-image\"><img decoding=\"async\" width=\"629\" height=\"480\" src=\"https:\/\/www.correspondentevianopolino.com.br\/site\/wp-content\/uploads\/2022\/11\/ISSY-NO-PALANQUE-DO-SAO-VICENTE.jpg\" class=\"attachment-post-thumbnail size-post-thumbnail wp-post-image\" alt=\"\" style=\"object-fit:cover;\" srcset=\"https:\/\/www.correspondentevianopolino.com.br\/site\/wp-content\/uploads\/2022\/11\/ISSY-NO-PALANQUE-DO-SAO-VICENTE.jpg 629w, https:\/\/www.correspondentevianopolino.com.br\/site\/wp-content\/uploads\/2022\/11\/ISSY-NO-PALANQUE-DO-SAO-VICENTE-300x229.jpg 300w, https:\/\/www.correspondentevianopolino.com.br\/site\/wp-content\/uploads\/2022\/11\/ISSY-NO-PALANQUE-DO-SAO-VICENTE-465x355.jpg 465w, https:\/\/www.correspondentevianopolino.com.br\/site\/wp-content\/uploads\/2022\/11\/ISSY-NO-PALANQUE-DO-SAO-VICENTE-406x310.jpg 406w, https:\/\/www.correspondentevianopolino.com.br\/site\/wp-content\/uploads\/2022\/11\/ISSY-NO-PALANQUE-DO-SAO-VICENTE-279x213.jpg 279w, https:\/\/www.correspondentevianopolino.com.br\/site\/wp-content\/uploads\/2022\/11\/ISSY-NO-PALANQUE-DO-SAO-VICENTE-267x204.jpg 267w, https:\/\/www.correspondentevianopolino.com.br\/site\/wp-content\/uploads\/2022\/11\/ISSY-NO-PALANQUE-DO-SAO-VICENTE-249x190.jpg 249w\" sizes=\"(max-width: 629px) 100vw, 629px\" \/><\/figure>\n\n\n<p><\/p>\n","protected":false},"excerpt":{"rendered":"<p>O Governador Ronaldo Caiado enviou projeto de lei para a Assembleia Legislativa propondo a cria\u00e7\u00e3o de uma taxa\u00e7\u00e3o de 1,65% [&hellip;]<\/p>\n","protected":false},"author":2,"featured_media":81139,"comment_status":"open","ping_status":"closed","sticky":false,"template":"","format":"standard","meta":{"_uag_custom_page_level_css":"","site-sidebar-layout":"default","site-content-layout":"","ast-site-content-layout":"default","site-content-style":"default","site-sidebar-style":"default","ast-global-header-display":"","ast-banner-title-visibility":"","ast-main-header-display":"","ast-hfb-above-header-display":"","ast-hfb-below-header-display":"","ast-hfb-mobile-header-display":"","site-post-title":"","ast-breadcrumbs-content":"","ast-featured-img":"","footer-sml-layout":"","ast-disable-related-posts":"","theme-transparent-header-meta":"","adv-header-id-meta":"","stick-header-meta":"","header-above-stick-meta":"","header-main-stick-meta":"","header-below-stick-meta":"","astra-migrate-meta-layouts":"default","ast-page-background-enabled":"default","ast-page-background-meta":{"desktop":{"background-color":"var(--ast-global-color-4)","background-image":"","background-repeat":"repeat","background-position":"center center","background-size":"auto","background-attachment":"scroll","background-type":"","background-media":"","overlay-type":"","overlay-color":"","overlay-opacity":"","overlay-gradient":""},"tablet":{"background-color":"","background-image":"","background-repeat":"repeat","background-position":"center center","background-size":"auto","background-attachment":"scroll","background-type":"","background-media":"","overlay-type":"","overlay-color":"","overlay-opacity":"","overlay-gradient":""},"mobile":{"background-color":"","background-image":"","background-repeat":"repeat","background-position":"center center","background-size":"auto","background-attachment":"scroll","background-type":"","background-media":"","overlay-type":"","overlay-color":"","overlay-opacity":"","overlay-gradient":""}},"ast-content-background-meta":{"desktop":{"background-color":"var(--ast-global-color-5)","background-image":"","background-repeat":"repeat","background-position":"center center","background-size":"auto","background-attachment":"scroll","background-type":"","background-media":"","overlay-type":"","overlay-color":"","overlay-opacity":"","overlay-gradient":""},"tablet":{"background-color":"var(--ast-global-color-5)","background-image":"","background-repeat":"repeat","background-position":"center center","background-size":"auto","background-attachment":"scroll","background-type":"","background-media":"","overlay-type":"","overlay-color":"","overlay-opacity":"","overlay-gradient":""},"mobile":{"background-color":"var(--ast-global-color-5)","background-image":"","background-repeat":"repeat","background-position":"center center","background-size":"auto","background-attachment":"scroll","background-type":"","background-media":"","overlay-type":"","overlay-color":"","overlay-opacity":"","overlay-gradient":""}},"footnotes":""},"categories":[1],"tags":[],"class_list":["post-81138","post","type-post","status-publish","format-standard","has-post-thumbnail","hentry","category-ultimas","ColorsTitles-ff3700"],"uagb_featured_image_src":{"full":["https:\/\/www.correspondentevianopolino.com.br\/site\/wp-content\/uploads\/2022\/11\/ISSY-NO-PALANQUE-DO-SAO-VICENTE.jpg",629,480,false],"thumbnail":["https:\/\/www.correspondentevianopolino.com.br\/site\/wp-content\/uploads\/2022\/11\/ISSY-NO-PALANQUE-DO-SAO-VICENTE-465x355.jpg",465,355,true],"medium":["https:\/\/www.correspondentevianopolino.com.br\/site\/wp-content\/uploads\/2022\/11\/ISSY-NO-PALANQUE-DO-SAO-VICENTE-300x229.jpg",300,229,true],"medium_large":["https:\/\/www.correspondentevianopolino.com.br\/site\/wp-content\/uploads\/2022\/11\/ISSY-NO-PALANQUE-DO-SAO-VICENTE.jpg",629,480,false],"large":["https:\/\/www.correspondentevianopolino.com.br\/site\/wp-content\/uploads\/2022\/11\/ISSY-NO-PALANQUE-DO-SAO-VICENTE.jpg",629,480,false],"1536x1536":["https:\/\/www.correspondentevianopolino.com.br\/site\/wp-content\/uploads\/2022\/11\/ISSY-NO-PALANQUE-DO-SAO-VICENTE.jpg",629,480,false],"2048x2048":["https:\/\/www.correspondentevianopolino.com.br\/site\/wp-content\/uploads\/2022\/11\/ISSY-NO-PALANQUE-DO-SAO-VICENTE.jpg",629,480,false]},"uagb_author_info":{"display_name":"Ol\u00edvio Lemos","author_link":"https:\/\/www.correspondentevianopolino.com.br\/site\/author\/olivio\/"},"uagb_comment_info":7,"uagb_excerpt":"O Governador Ronaldo Caiado enviou projeto de lei para a Assembleia Legislativa propondo a cria\u00e7\u00e3o de uma taxa\u00e7\u00e3o de 1,65% [&hellip;]","_links":{"self":[{"href":"https:\/\/www.correspondentevianopolino.com.br\/site\/wp-json\/wp\/v2\/posts\/81138","targetHints":{"allow":["GET"]}}],"collection":[{"href":"https:\/\/www.correspondentevianopolino.com.br\/site\/wp-json\/wp\/v2\/posts"}],"about":[{"href":"https:\/\/www.correspondentevianopolino.com.br\/site\/wp-json\/wp\/v2\/types\/post"}],"author":[{"embeddable":true,"href":"https:\/\/www.correspondentevianopolino.com.br\/site\/wp-json\/wp\/v2\/users\/2"}],"replies":[{"embeddable":true,"href":"https:\/\/www.correspondentevianopolino.com.br\/site\/wp-json\/wp\/v2\/comments?post=81138"}],"version-history":[{"count":0,"href":"https:\/\/www.correspondentevianopolino.com.br\/site\/wp-json\/wp\/v2\/posts\/81138\/revisions"}],"wp:featuredmedia":[{"embeddable":true,"href":"https:\/\/www.correspondentevianopolino.com.br\/site\/wp-json\/wp\/v2\/media\/81139"}],"wp:attachment":[{"href":"https:\/\/www.correspondentevianopolino.com.br\/site\/wp-json\/wp\/v2\/media?parent=81138"}],"wp:term":[{"taxonomy":"category","embeddable":true,"href":"https:\/\/www.correspondentevianopolino.com.br\/site\/wp-json\/wp\/v2\/categories?post=81138"},{"taxonomy":"post_tag","embeddable":true,"href":"https:\/\/www.correspondentevianopolino.com.br\/site\/wp-json\/wp\/v2\/tags?post=81138"}],"curies":[{"name":"wp","href":"https:\/\/api.w.org\/{rel}","templated":true}]}}