{"id":81151,"date":"2022-11-12T05:43:57","date_gmt":"2022-11-12T08:43:57","guid":{"rendered":"https:\/\/www.correspondentevianopolino.com.br\/site\/?p=81151"},"modified":"2022-11-16T14:46:42","modified_gmt":"2022-11-16T17:46:42","slug":"ex","status":"publish","type":"post","link":"https:\/\/www.correspondentevianopolino.com.br\/site\/ex\/","title":{"rendered":"EX-PRESIDENTE DO SINDICATO RURAL DE VIAN\u00d3POLIS E EX-DIRETOR DA AGRODEFESA \u00c9 CONTRA TAXA\u00c7\u00c3O PROPOSTA POR CAIADO"},"content":{"rendered":"\n<figure class=\"wp-block-image size-large\"><img decoding=\"async\" width=\"586\" height=\"1024\" src=\"https:\/\/www.correspondentevianopolino.com.br\/site\/wp-content\/uploads\/2022\/11\/thumbnail-4-4-586x1024.jpg\" alt=\"\" class=\"wp-image-81104\" srcset=\"https:\/\/www.correspondentevianopolino.com.br\/site\/wp-content\/uploads\/2022\/11\/thumbnail-4-4-586x1024.jpg 586w, https:\/\/www.correspondentevianopolino.com.br\/site\/wp-content\/uploads\/2022\/11\/thumbnail-4-4-172x300.jpg 172w, https:\/\/www.correspondentevianopolino.com.br\/site\/wp-content\/uploads\/2022\/11\/thumbnail-4-4-465x813.jpg 465w, https:\/\/www.correspondentevianopolino.com.br\/site\/wp-content\/uploads\/2022\/11\/thumbnail-4-4-177x310.jpg 177w, https:\/\/www.correspondentevianopolino.com.br\/site\/wp-content\/uploads\/2022\/11\/thumbnail-4-4-122x213.jpg 122w, https:\/\/www.correspondentevianopolino.com.br\/site\/wp-content\/uploads\/2022\/11\/thumbnail-4-4-117x204.jpg 117w, https:\/\/www.correspondentevianopolino.com.br\/site\/wp-content\/uploads\/2022\/11\/thumbnail-4-4-109x190.jpg 109w, https:\/\/www.correspondentevianopolino.com.br\/site\/wp-content\/uploads\/2022\/11\/thumbnail-4-4.jpg 732w\" sizes=\"(max-width: 586px) 100vw, 586px\" \/><\/figure>\n\n\n\n<p>O Presidente do Sindicato Rural de Vian\u00f3polis e que j\u00e1 ocupou importante cargo na Agrodefesa, Jos\u00e9 Manoel Caixeta Haum, disse ser contra a taxa\u00e7\u00e3o de produtos agropecu\u00e1rios (1,65%) proposta pelo Governador Ronaldo Caiado. <\/p>\n\n\n\n<p>Jos\u00e9 Manoel disse que neste ano, que tantas incertezas se afloram &#8211; mercado inst\u00e1vel, custos de produ\u00e7\u00e3o elevados, clima ainda desfavor\u00e1vel -, onerar o produtor rural n\u00e3o s\u00f3 inibir\u00e1 incremento na produ\u00e7\u00e3o, mas neutralizar\u00e1 qualquer expectativa de investimentos que poderiam contribuir para a retomada de crescimento econ\u00f4mico. Ele prossegue afirmando que Goi\u00e1s e sua economia dependem da produ\u00e7\u00e3o agropecu\u00e1ria e dificultar a produ\u00e7\u00e3o prim\u00e1ria, com novo tributo, por menor que pare\u00e7a ser, deixar\u00e1 marcas no agroneg\u00f3cio que podem perdurar por longo per\u00edodo.<\/p>\n\n\n\n<p>Jos\u00e9 Manoel \u00e9 propriet\u00e1rio rural em Vian\u00f3polis e neto do saudoso fazendeiro e ex-prefeito de Vian\u00f3polis Manoel Caixeta Filho (Neco Caixeta).<\/p>\n\n\n\n<p>TTmb\u00e9m se posicionaram contra a proposta de Caiado, em mat\u00e9rias publicadas neste site, o Ex-Prefeito de Vian\u00f3polis e Deputado Estadual eleit, Issy Quinan J\u00fanior, e o Presidente do Sindicato Rural de Vian\u00f3polis, Silas Gouv\u00eaa.<\/p>\n\n\n\n<p>Nossa reportagem enviou na \u00faltima quinta-feira ,(09\/11), ao Prefeito de Vian\u00f3polis, Samuel Cotrim solicita\u00e7\u00e3o de posicionamento sobre o assunto. Ele visualizou nossa mensagem no WhatsApp, mas at\u00e9 o momento, n\u00e3o a respondeu.<\/p>\n\n\n\n<p>Caso se manifeste, uma mat\u00e9ria ser\u00e1 postada em nosso site.<\/p>\n\n\n<figure class=\"wp-block-post-featured-image\"><img decoding=\"async\" width=\"457\" height=\"477\" src=\"https:\/\/www.correspondentevianopolino.com.br\/site\/wp-content\/uploads\/2022\/11\/Screenshot_20221112-063733_Google.jpg\" class=\"attachment-post-thumbnail size-post-thumbnail wp-post-image\" alt=\"\" style=\"object-fit:cover;\" srcset=\"https:\/\/www.correspondentevianopolino.com.br\/site\/wp-content\/uploads\/2022\/11\/Screenshot_20221112-063733_Google.jpg 457w, https:\/\/www.correspondentevianopolino.com.br\/site\/wp-content\/uploads\/2022\/11\/Screenshot_20221112-063733_Google-287x300.jpg 287w, https:\/\/www.correspondentevianopolino.com.br\/site\/wp-content\/uploads\/2022\/11\/Screenshot_20221112-063733_Google-297x310.jpg 297w, https:\/\/www.correspondentevianopolino.com.br\/site\/wp-content\/uploads\/2022\/11\/Screenshot_20221112-063733_Google-204x213.jpg 204w, https:\/\/www.correspondentevianopolino.com.br\/site\/wp-content\/uploads\/2022\/11\/Screenshot_20221112-063733_Google-195x204.jpg 195w, https:\/\/www.correspondentevianopolino.com.br\/site\/wp-content\/uploads\/2022\/11\/Screenshot_20221112-063733_Google-182x190.jpg 182w\" sizes=\"(max-width: 457px) 100vw, 457px\" \/><\/figure>\n\n\n<p><\/p>\n","protected":false},"excerpt":{"rendered":"<p>O Presidente do Sindicato Rural de Vian\u00f3polis e que j\u00e1 ocupou importante cargo na Agrodefesa, Jos\u00e9 Manoel Caixeta Haum, disse [&hellip;]<\/p>\n","protected":false},"author":2,"featured_media":81154,"comment_status":"open","ping_status":"closed","sticky":false,"template":"","format":"standard","meta":{"_uag_custom_page_level_css":"","site-sidebar-layout":"default","site-content-layout":"","ast-site-content-layout":"default","site-content-style":"default","site-sidebar-style":"default","ast-global-header-display":"","ast-banner-title-visibility":"","ast-main-header-display":"","ast-hfb-above-header-display":"","ast-hfb-below-header-display":"","ast-hfb-mobile-header-display":"","site-post-title":"","ast-breadcrumbs-content":"","ast-featured-img":"","footer-sml-layout":"","ast-disable-related-posts":"","theme-transparent-header-meta":"","adv-header-id-meta":"","stick-header-meta":"","header-above-stick-meta":"","header-main-stick-meta":"","header-below-stick-meta":"","astra-migrate-meta-layouts":"default","ast-page-background-enabled":"default","ast-page-background-meta":{"desktop":{"background-color":"var(--ast-global-color-4)","background-image":"","background-repeat":"repeat","background-position":"center center","background-size":"auto","background-attachment":"scroll","background-type":"","background-media":"","overlay-type":"","overlay-color":"","overlay-opacity":"","overlay-gradient":""},"tablet":{"background-color":"","background-image":"","background-repeat":"repeat","background-position":"center center","background-size":"auto","background-attachment":"scroll","background-type":"","background-media":"","overlay-type":"","overlay-color":"","overlay-opacity":"","overlay-gradient":""},"mobile":{"background-color":"","background-image":"","background-repeat":"repeat","background-position":"center center","background-size":"auto","background-attachment":"scroll","background-type":"","background-media":"","overlay-type":"","overlay-color":"","overlay-opacity":"","overlay-gradient":""}},"ast-content-background-meta":{"desktop":{"background-color":"var(--ast-global-color-5)","background-image":"","background-repeat":"repeat","background-position":"center center","background-size":"auto","background-attachment":"scroll","background-type":"","background-media":"","overlay-type":"","overlay-color":"","overlay-opacity":"","overlay-gradient":""},"tablet":{"background-color":"var(--ast-global-color-5)","background-image":"","background-repeat":"repeat","background-position":"center center","background-size":"auto","background-attachment":"scroll","background-type":"","background-media":"","overlay-type":"","overlay-color":"","overlay-opacity":"","overlay-gradient":""},"mobile":{"background-color":"var(--ast-global-color-5)","background-image":"","background-repeat":"repeat","background-position":"center center","background-size":"auto","background-attachment":"scroll","background-type":"","background-media":"","overlay-type":"","overlay-color":"","overlay-opacity":"","overlay-gradient":""}},"footnotes":""},"categories":[1],"tags":[],"class_list":["post-81151","post","type-post","status-publish","format-standard","has-post-thumbnail","hentry","category-ultimas","ColorsTitles-ff3700"],"uagb_featured_image_src":{"full":["https:\/\/www.correspondentevianopolino.com.br\/site\/wp-content\/uploads\/2022\/11\/Screenshot_20221112-063733_Google.jpg",457,477,false],"thumbnail":["https:\/\/www.correspondentevianopolino.com.br\/site\/wp-content\/uploads\/2022\/11\/Screenshot_20221112-063733_Google.jpg",457,477,false],"medium":["https:\/\/www.correspondentevianopolino.com.br\/site\/wp-content\/uploads\/2022\/11\/Screenshot_20221112-063733_Google-287x300.jpg",287,300,true],"medium_large":["https:\/\/www.correspondentevianopolino.com.br\/site\/wp-content\/uploads\/2022\/11\/Screenshot_20221112-063733_Google.jpg",457,477,false],"large":["https:\/\/www.correspondentevianopolino.com.br\/site\/wp-content\/uploads\/2022\/11\/Screenshot_20221112-063733_Google.jpg",457,477,false],"1536x1536":["https:\/\/www.correspondentevianopolino.com.br\/site\/wp-content\/uploads\/2022\/11\/Screenshot_20221112-063733_Google.jpg",457,477,false],"2048x2048":["https:\/\/www.correspondentevianopolino.com.br\/site\/wp-content\/uploads\/2022\/11\/Screenshot_20221112-063733_Google.jpg",457,477,false]},"uagb_author_info":{"display_name":"Ol\u00edvio Lemos","author_link":"https:\/\/www.correspondentevianopolino.com.br\/site\/author\/olivio\/"},"uagb_comment_info":27,"uagb_excerpt":"O Presidente do Sindicato Rural de Vian\u00f3polis e que j\u00e1 ocupou importante cargo na Agrodefesa, Jos\u00e9 Manoel Caixeta Haum, disse [&hellip;]","_links":{"self":[{"href":"https:\/\/www.correspondentevianopolino.com.br\/site\/wp-json\/wp\/v2\/posts\/81151","targetHints":{"allow":["GET"]}}],"collection":[{"href":"https:\/\/www.correspondentevianopolino.com.br\/site\/wp-json\/wp\/v2\/posts"}],"about":[{"href":"https:\/\/www.correspondentevianopolino.com.br\/site\/wp-json\/wp\/v2\/types\/post"}],"author":[{"embeddable":true,"href":"https:\/\/www.correspondentevianopolino.com.br\/site\/wp-json\/wp\/v2\/users\/2"}],"replies":[{"embeddable":true,"href":"https:\/\/www.correspondentevianopolino.com.br\/site\/wp-json\/wp\/v2\/comments?post=81151"}],"version-history":[{"count":0,"href":"https:\/\/www.correspondentevianopolino.com.br\/site\/wp-json\/wp\/v2\/posts\/81151\/revisions"}],"wp:featuredmedia":[{"embeddable":true,"href":"https:\/\/www.correspondentevianopolino.com.br\/site\/wp-json\/wp\/v2\/media\/81154"}],"wp:attachment":[{"href":"https:\/\/www.correspondentevianopolino.com.br\/site\/wp-json\/wp\/v2\/media?parent=81151"}],"wp:term":[{"taxonomy":"category","embeddable":true,"href":"https:\/\/www.correspondentevianopolino.com.br\/site\/wp-json\/wp\/v2\/categories?post=81151"},{"taxonomy":"post_tag","embeddable":true,"href":"https:\/\/www.correspondentevianopolino.com.br\/site\/wp-json\/wp\/v2\/tags?post=81151"}],"curies":[{"name":"wp","href":"https:\/\/api.w.org\/{rel}","templated":true}]}}