{"id":81168,"date":"2022-11-13T17:20:59","date_gmt":"2022-11-13T20:20:59","guid":{"rendered":"https:\/\/www.correspondentevianopolino.com.br\/site\/?p=81168"},"modified":"2022-11-16T14:51:44","modified_gmt":"2022-11-16T17:51:44","slug":"falece-uma-das-mais-idosas-mulheres-de-vianopolis-america-maria-de-jesus","status":"publish","type":"post","link":"https:\/\/www.correspondentevianopolino.com.br\/site\/falece-uma-das-mais-idosas-mulheres-de-vianopolis-america-maria-de-jesus\/","title":{"rendered":"FALECE UMA DAS MAIS IDOSAS MULHERES DE VIAN\u00d3POLIS: ALMERICA MARIA DE JESUS"},"content":{"rendered":"\n\n\n<figure class=\"wp-block-image size-large\"><img decoding=\"async\" width=\"938\" height=\"1024\" src=\"https:\/\/www.correspondentevianopolino.com.br\/site\/wp-content\/uploads\/2022\/11\/Screenshot_20221112-200119_Gallery-938x1024.jpg\" alt=\"\" class=\"wp-image-81159\" srcset=\"https:\/\/www.correspondentevianopolino.com.br\/site\/wp-content\/uploads\/2022\/11\/Screenshot_20221112-200119_Gallery-938x1024.jpg 938w, https:\/\/www.correspondentevianopolino.com.br\/site\/wp-content\/uploads\/2022\/11\/Screenshot_20221112-200119_Gallery-275x300.jpg 275w, https:\/\/www.correspondentevianopolino.com.br\/site\/wp-content\/uploads\/2022\/11\/Screenshot_20221112-200119_Gallery-465x508.jpg 465w, https:\/\/www.correspondentevianopolino.com.br\/site\/wp-content\/uploads\/2022\/11\/Screenshot_20221112-200119_Gallery-768x838.jpg 768w, https:\/\/www.correspondentevianopolino.com.br\/site\/wp-content\/uploads\/2022\/11\/Screenshot_20221112-200119_Gallery-284x310.jpg 284w, https:\/\/www.correspondentevianopolino.com.br\/site\/wp-content\/uploads\/2022\/11\/Screenshot_20221112-200119_Gallery-195x213.jpg 195w, https:\/\/www.correspondentevianopolino.com.br\/site\/wp-content\/uploads\/2022\/11\/Screenshot_20221112-200119_Gallery-187x204.jpg 187w, https:\/\/www.correspondentevianopolino.com.br\/site\/wp-content\/uploads\/2022\/11\/Screenshot_20221112-200119_Gallery-174x190.jpg 174w, https:\/\/www.correspondentevianopolino.com.br\/site\/wp-content\/uploads\/2022\/11\/Screenshot_20221112-200119_Gallery.jpg 1080w\" sizes=\"(max-width: 938px) 100vw, 938px\" \/><\/figure>\n\n\n\n<p>Faleceu na tarde de hoje, 13\/11, no Hospital e Maternidade S\u00e3o Sebasti\u00e3o de Vian\u00f3polis, Almerica Maria de Jesus, sempre chamada de Dinha.<\/p>\n\n\n\n<p>Dona Almerica tinha 97 anos de idade, tendo nascido no dia 12 de outubro de 1.925, na cidade de Patos de Minas. Ainda crian\u00e7a, veio para Goi\u00e1s juntamente com os pais e se mudou para o munic\u00edpio de Vian\u00f3polis na d\u00e9cada de 1.940.<\/p>\n\n\n\n<p>Mulher guerreira e cat\u00f3lica, Dona Almerica sempre se destacou na comunidade da Santa Rita, onde residiu desde que veio para a nossa regi\u00e3o. Ela liderou v\u00e1rios eventos e sempre foi muito respeitada.<\/p>\n\n\n\n<p>Vian\u00f3polis perde uma grande mulher.<\/p>\n\n\n\n<p>Vi\u00fava de Anestino Jacinto Pedro, sendo m\u00e3e de 8 filhos: Benedito, Joaquim (falecido), Jos\u00e9, Jo\u00e3o (falecido), Maria de F\u00e1tima, Pedro, In\u00e1cio e Natal.<\/p>\n\n\n\n<p>O corpo de Almerica Maria de Jesus est\u00e1 sendo velado em sua resid\u00eancia, na Santa Rita.<\/p>\n\n\n\n<p>O sepultamento est\u00e1 marcado para \u00e0s<strong> 15h de amanh\u00e3<\/strong>, 14\/11, no Cemit\u00e9rio Central da Rua Calil Elias Neto.<\/p>\n\n\n\n<p>\u00c0 fam\u00edlia enlutada, nossas condol\u00eancias!<\/p>\n\n\n\n<figure class=\"wp-block-image size-full\"><img decoding=\"async\" width=\"570\" height=\"330\" src=\"https:\/\/www.correspondentevianopolino.com.br\/site\/wp-content\/uploads\/2022\/11\/ALMERICA-MARIA-DE-JESUS-2.jpg\" alt=\"\" class=\"wp-image-81170\" srcset=\"https:\/\/www.correspondentevianopolino.com.br\/site\/wp-content\/uploads\/2022\/11\/ALMERICA-MARIA-DE-JESUS-2.jpg 570w, https:\/\/www.correspondentevianopolino.com.br\/site\/wp-content\/uploads\/2022\/11\/ALMERICA-MARIA-DE-JESUS-2-300x174.jpg 300w, https:\/\/www.correspondentevianopolino.com.br\/site\/wp-content\/uploads\/2022\/11\/ALMERICA-MARIA-DE-JESUS-2-465x269.jpg 465w, https:\/\/www.correspondentevianopolino.com.br\/site\/wp-content\/uploads\/2022\/11\/ALMERICA-MARIA-DE-JESUS-2-327x189.jpg 327w, https:\/\/www.correspondentevianopolino.com.br\/site\/wp-content\/uploads\/2022\/11\/ALMERICA-MARIA-DE-JESUS-2-352x204.jpg 352w, https:\/\/www.correspondentevianopolino.com.br\/site\/wp-content\/uploads\/2022\/11\/ALMERICA-MARIA-DE-JESUS-2-260x151.jpg 260w\" sizes=\"(max-width: 570px) 100vw, 570px\" \/><\/figure>\n\n\n<figure class=\"wp-block-post-featured-image\"><img decoding=\"async\" width=\"1280\" height=\"853\" src=\"https:\/\/www.correspondentevianopolino.com.br\/site\/wp-content\/uploads\/2022\/11\/IMG-20221113-WA0311.jpg\" class=\"attachment-post-thumbnail size-post-thumbnail wp-post-image\" alt=\"\" style=\"object-fit:cover;\" srcset=\"https:\/\/www.correspondentevianopolino.com.br\/site\/wp-content\/uploads\/2022\/11\/IMG-20221113-WA0311.jpg 1280w, https:\/\/www.correspondentevianopolino.com.br\/site\/wp-content\/uploads\/2022\/11\/IMG-20221113-WA0311-300x200.jpg 300w, https:\/\/www.correspondentevianopolino.com.br\/site\/wp-content\/uploads\/2022\/11\/IMG-20221113-WA0311-1024x682.jpg 1024w, https:\/\/www.correspondentevianopolino.com.br\/site\/wp-content\/uploads\/2022\/11\/IMG-20221113-WA0311-465x310.jpg 465w, https:\/\/www.correspondentevianopolino.com.br\/site\/wp-content\/uploads\/2022\/11\/IMG-20221113-WA0311-768x512.jpg 768w, https:\/\/www.correspondentevianopolino.com.br\/site\/wp-content\/uploads\/2022\/11\/IMG-20221113-WA0311-320x213.jpg 320w, https:\/\/www.correspondentevianopolino.com.br\/site\/wp-content\/uploads\/2022\/11\/IMG-20221113-WA0311-306x204.jpg 306w, https:\/\/www.correspondentevianopolino.com.br\/site\/wp-content\/uploads\/2022\/11\/IMG-20221113-WA0311-260x173.jpg 260w\" sizes=\"(max-width: 1280px) 100vw, 1280px\" \/><\/figure>","protected":false},"excerpt":{"rendered":"<p>Faleceu na tarde de hoje, 13\/11, no Hospital e Maternidade S\u00e3o Sebasti\u00e3o de Vian\u00f3polis, Almerica Maria de Jesus, sempre chamada [&hellip;]<\/p>\n","protected":false},"author":2,"featured_media":81169,"comment_status":"open","ping_status":"closed","sticky":false,"template":"","format":"standard","meta":{"_uag_custom_page_level_css":"","site-sidebar-layout":"default","site-content-layout":"","ast-site-content-layout":"default","site-content-style":"default","site-sidebar-style":"default","ast-global-header-display":"","ast-banner-title-visibility":"","ast-main-header-display":"","ast-hfb-above-header-display":"","ast-hfb-below-header-display":"","ast-hfb-mobile-header-display":"","site-post-title":"","ast-breadcrumbs-content":"","ast-featured-img":"","footer-sml-layout":"","ast-disable-related-posts":"","theme-transparent-header-meta":"","adv-header-id-meta":"","stick-header-meta":"","header-above-stick-meta":"","header-main-stick-meta":"","header-below-stick-meta":"","astra-migrate-meta-layouts":"default","ast-page-background-enabled":"default","ast-page-background-meta":{"desktop":{"background-color":"var(--ast-global-color-4)","background-image":"","background-repeat":"repeat","background-position":"center center","background-size":"auto","background-attachment":"scroll","background-type":"","background-media":"","overlay-type":"","overlay-color":"","overlay-opacity":"","overlay-gradient":""},"tablet":{"background-color":"","background-image":"","background-repeat":"repeat","background-position":"center center","background-size":"auto","background-attachment":"scroll","background-type":"","background-media":"","overlay-type":"","overlay-color":"","overlay-opacity":"","overlay-gradient":""},"mobile":{"background-color":"","background-image":"","background-repeat":"repeat","background-position":"center center","background-size":"auto","background-attachment":"scroll","background-type":"","background-media":"","overlay-type":"","overlay-color":"","overlay-opacity":"","overlay-gradient":""}},"ast-content-background-meta":{"desktop":{"background-color":"var(--ast-global-color-5)","background-image":"","background-repeat":"repeat","background-position":"center center","background-size":"auto","background-attachment":"scroll","background-type":"","background-media":"","overlay-type":"","overlay-color":"","overlay-opacity":"","overlay-gradient":""},"tablet":{"background-color":"var(--ast-global-color-5)","background-image":"","background-repeat":"repeat","background-position":"center center","background-size":"auto","background-attachment":"scroll","background-type":"","background-media":"","overlay-type":"","overlay-color":"","overlay-opacity":"","overlay-gradient":""},"mobile":{"background-color":"var(--ast-global-color-5)","background-image":"","background-repeat":"repeat","background-position":"center center","background-size":"auto","background-attachment":"scroll","background-type":"","background-media":"","overlay-type":"","overlay-color":"","overlay-opacity":"","overlay-gradient":""}},"footnotes":""},"categories":[1],"tags":[],"class_list":["post-81168","post","type-post","status-publish","format-standard","has-post-thumbnail","hentry","category-ultimas","ColorsTitles-7e06bf"],"uagb_featured_image_src":{"full":["https:\/\/www.correspondentevianopolino.com.br\/site\/wp-content\/uploads\/2022\/11\/IMG-20221113-WA0311.jpg",1280,853,false],"thumbnail":["https:\/\/www.correspondentevianopolino.com.br\/site\/wp-content\/uploads\/2022\/11\/IMG-20221113-WA0311-465x310.jpg",465,310,true],"medium":["https:\/\/www.correspondentevianopolino.com.br\/site\/wp-content\/uploads\/2022\/11\/IMG-20221113-WA0311-300x200.jpg",300,200,true],"medium_large":["https:\/\/www.correspondentevianopolino.com.br\/site\/wp-content\/uploads\/2022\/11\/IMG-20221113-WA0311-768x512.jpg",768,512,true],"large":["https:\/\/www.correspondentevianopolino.com.br\/site\/wp-content\/uploads\/2022\/11\/IMG-20221113-WA0311-1024x682.jpg",1013,675,true],"1536x1536":["https:\/\/www.correspondentevianopolino.com.br\/site\/wp-content\/uploads\/2022\/11\/IMG-20221113-WA0311.jpg",1280,853,false],"2048x2048":["https:\/\/www.correspondentevianopolino.com.br\/site\/wp-content\/uploads\/2022\/11\/IMG-20221113-WA0311.jpg",1280,853,false]},"uagb_author_info":{"display_name":"Ol\u00edvio Lemos","author_link":"https:\/\/www.correspondentevianopolino.com.br\/site\/author\/olivio\/"},"uagb_comment_info":2,"uagb_excerpt":"Faleceu na tarde de hoje, 13\/11, no Hospital e Maternidade S\u00e3o Sebasti\u00e3o de Vian\u00f3polis, Almerica Maria de Jesus, sempre chamada [&hellip;]","_links":{"self":[{"href":"https:\/\/www.correspondentevianopolino.com.br\/site\/wp-json\/wp\/v2\/posts\/81168","targetHints":{"allow":["GET"]}}],"collection":[{"href":"https:\/\/www.correspondentevianopolino.com.br\/site\/wp-json\/wp\/v2\/posts"}],"about":[{"href":"https:\/\/www.correspondentevianopolino.com.br\/site\/wp-json\/wp\/v2\/types\/post"}],"author":[{"embeddable":true,"href":"https:\/\/www.correspondentevianopolino.com.br\/site\/wp-json\/wp\/v2\/users\/2"}],"replies":[{"embeddable":true,"href":"https:\/\/www.correspondentevianopolino.com.br\/site\/wp-json\/wp\/v2\/comments?post=81168"}],"version-history":[{"count":0,"href":"https:\/\/www.correspondentevianopolino.com.br\/site\/wp-json\/wp\/v2\/posts\/81168\/revisions"}],"wp:featuredmedia":[{"embeddable":true,"href":"https:\/\/www.correspondentevianopolino.com.br\/site\/wp-json\/wp\/v2\/media\/81169"}],"wp:attachment":[{"href":"https:\/\/www.correspondentevianopolino.com.br\/site\/wp-json\/wp\/v2\/media?parent=81168"}],"wp:term":[{"taxonomy":"category","embeddable":true,"href":"https:\/\/www.correspondentevianopolino.com.br\/site\/wp-json\/wp\/v2\/categories?post=81168"},{"taxonomy":"post_tag","embeddable":true,"href":"https:\/\/www.correspondentevianopolino.com.br\/site\/wp-json\/wp\/v2\/tags?post=81168"}],"curies":[{"name":"wp","href":"https:\/\/api.w.org\/{rel}","templated":true}]}}