{"id":81190,"date":"2022-11-15T06:47:46","date_gmt":"2022-11-15T09:47:46","guid":{"rendered":"https:\/\/www.correspondentevianopolino.com.br\/site\/?p=81190"},"modified":"2022-11-16T14:58:48","modified_gmt":"2022-11-16T17:58:48","slug":"devido-o-feriado-de-hoje15-11-sessao-semanal-da-camara-municipal-de-vianopolis-sera-realizada-amanha","status":"publish","type":"post","link":"https:\/\/www.correspondentevianopolino.com.br\/site\/devido-o-feriado-de-hoje15-11-sessao-semanal-da-camara-municipal-de-vianopolis-sera-realizada-amanha\/","title":{"rendered":"DEVIDO AO FERIADO DE ONTEM (15\/11), SESS\u00c3O SEMANAL DA C\u00c2MARA MUNICIPAL DE VIAN\u00d3POLIS SER\u00c1 REALIZADA HOJE, 16\/11"},"content":{"rendered":"\n<figure class=\"wp-block-image size-large\"><img decoding=\"async\" width=\"938\" height=\"1024\" src=\"https:\/\/www.correspondentevianopolino.com.br\/site\/wp-content\/uploads\/2022\/11\/Screenshot_20221112-200119_Gallery-938x1024.jpg\" alt=\"\" class=\"wp-image-81159\" srcset=\"https:\/\/www.correspondentevianopolino.com.br\/site\/wp-content\/uploads\/2022\/11\/Screenshot_20221112-200119_Gallery-938x1024.jpg 938w, https:\/\/www.correspondentevianopolino.com.br\/site\/wp-content\/uploads\/2022\/11\/Screenshot_20221112-200119_Gallery-275x300.jpg 275w, https:\/\/www.correspondentevianopolino.com.br\/site\/wp-content\/uploads\/2022\/11\/Screenshot_20221112-200119_Gallery-465x508.jpg 465w, https:\/\/www.correspondentevianopolino.com.br\/site\/wp-content\/uploads\/2022\/11\/Screenshot_20221112-200119_Gallery-768x838.jpg 768w, https:\/\/www.correspondentevianopolino.com.br\/site\/wp-content\/uploads\/2022\/11\/Screenshot_20221112-200119_Gallery-284x310.jpg 284w, https:\/\/www.correspondentevianopolino.com.br\/site\/wp-content\/uploads\/2022\/11\/Screenshot_20221112-200119_Gallery-195x213.jpg 195w, https:\/\/www.correspondentevianopolino.com.br\/site\/wp-content\/uploads\/2022\/11\/Screenshot_20221112-200119_Gallery-187x204.jpg 187w, https:\/\/www.correspondentevianopolino.com.br\/site\/wp-content\/uploads\/2022\/11\/Screenshot_20221112-200119_Gallery-174x190.jpg 174w, https:\/\/www.correspondentevianopolino.com.br\/site\/wp-content\/uploads\/2022\/11\/Screenshot_20221112-200119_Gallery.jpg 1080w\" sizes=\"(max-width: 938px) 100vw, 938px\" \/><\/figure>\n\n\n\n<p>Devido ao feriado nacional de ontem (Proclama\u00e7\u00e3o da Rep\u00fablica), a sess\u00e3o ordin\u00e1ria semanal da C\u00e2mara Municipal foi adiada para a data de hoje, 16\/11.<\/p>\n\n\n\n<p>Assim sendo, hoje (quarta-feira), a partir das 19h30, ser\u00e1 realizada sess\u00e3o ordin\u00e1ria na C\u00e2mara Municipal de Vian\u00f3polis.<\/p>\n\n\n\n<p>O projeto de lei que prev\u00ea mudan\u00e7as no C\u00f3digo Tribut\u00e1rio do munic\u00edpio ainda continua em an\u00e1lise nas comiss\u00f5es do Legislativo Vianopolino e n\u00e3o existe data para ir \u00e0 vota\u00e7\u00e3o.<\/p>\n\n\n\n<p>O projeto foi enviado \u00e0 C\u00e2mara Municipal pelo Prefeito Samuel Cotrim.<\/p>\n\n\n<figure class=\"wp-block-post-featured-image\"><img decoding=\"async\" width=\"344\" height=\"336\" src=\"https:\/\/www.correspondentevianopolino.com.br\/site\/wp-content\/uploads\/2022\/11\/DSC0016.jpg\" class=\"attachment-post-thumbnail size-post-thumbnail wp-post-image\" alt=\"\" style=\"object-fit:cover;\" srcset=\"https:\/\/www.correspondentevianopolino.com.br\/site\/wp-content\/uploads\/2022\/11\/DSC0016.jpg 344w, https:\/\/www.correspondentevianopolino.com.br\/site\/wp-content\/uploads\/2022\/11\/DSC0016-300x293.jpg 300w, https:\/\/www.correspondentevianopolino.com.br\/site\/wp-content\/uploads\/2022\/11\/DSC0016-317x310.jpg 317w, https:\/\/www.correspondentevianopolino.com.br\/site\/wp-content\/uploads\/2022\/11\/DSC0016-218x213.jpg 218w, https:\/\/www.correspondentevianopolino.com.br\/site\/wp-content\/uploads\/2022\/11\/DSC0016-209x204.jpg 209w, https:\/\/www.correspondentevianopolino.com.br\/site\/wp-content\/uploads\/2022\/11\/DSC0016-195x190.jpg 195w\" sizes=\"(max-width: 344px) 100vw, 344px\" \/><\/figure>\n\n<figure class=\"wp-block-post-featured-image\"><img decoding=\"async\" width=\"344\" height=\"336\" src=\"https:\/\/www.correspondentevianopolino.com.br\/site\/wp-content\/uploads\/2022\/11\/DSC0016.jpg\" class=\"attachment-post-thumbnail size-post-thumbnail wp-post-image\" alt=\"\" style=\"object-fit:cover;\" srcset=\"https:\/\/www.correspondentevianopolino.com.br\/site\/wp-content\/uploads\/2022\/11\/DSC0016.jpg 344w, https:\/\/www.correspondentevianopolino.com.br\/site\/wp-content\/uploads\/2022\/11\/DSC0016-300x293.jpg 300w, https:\/\/www.correspondentevianopolino.com.br\/site\/wp-content\/uploads\/2022\/11\/DSC0016-317x310.jpg 317w, https:\/\/www.correspondentevianopolino.com.br\/site\/wp-content\/uploads\/2022\/11\/DSC0016-218x213.jpg 218w, https:\/\/www.correspondentevianopolino.com.br\/site\/wp-content\/uploads\/2022\/11\/DSC0016-209x204.jpg 209w, https:\/\/www.correspondentevianopolino.com.br\/site\/wp-content\/uploads\/2022\/11\/DSC0016-195x190.jpg 195w\" sizes=\"(max-width: 344px) 100vw, 344px\" \/><\/figure>","protected":false},"excerpt":{"rendered":"<p>Devido ao feriado nacional de ontem (Proclama\u00e7\u00e3o da Rep\u00fablica), a sess\u00e3o ordin\u00e1ria semanal da C\u00e2mara Municipal foi adiada para a [&hellip;]<\/p>\n","protected":false},"author":2,"featured_media":81191,"comment_status":"open","ping_status":"closed","sticky":false,"template":"","format":"standard","meta":{"_uag_custom_page_level_css":"","site-sidebar-layout":"default","site-content-layout":"","ast-site-content-layout":"default","site-content-style":"default","site-sidebar-style":"default","ast-global-header-display":"","ast-banner-title-visibility":"","ast-main-header-display":"","ast-hfb-above-header-display":"","ast-hfb-below-header-display":"","ast-hfb-mobile-header-display":"","site-post-title":"","ast-breadcrumbs-content":"","ast-featured-img":"","footer-sml-layout":"","ast-disable-related-posts":"","theme-transparent-header-meta":"","adv-header-id-meta":"","stick-header-meta":"","header-above-stick-meta":"","header-main-stick-meta":"","header-below-stick-meta":"","astra-migrate-meta-layouts":"default","ast-page-background-enabled":"default","ast-page-background-meta":{"desktop":{"background-color":"var(--ast-global-color-4)","background-image":"","background-repeat":"repeat","background-position":"center center","background-size":"auto","background-attachment":"scroll","background-type":"","background-media":"","overlay-type":"","overlay-color":"","overlay-opacity":"","overlay-gradient":""},"tablet":{"background-color":"","background-image":"","background-repeat":"repeat","background-position":"center center","background-size":"auto","background-attachment":"scroll","background-type":"","background-media":"","overlay-type":"","overlay-color":"","overlay-opacity":"","overlay-gradient":""},"mobile":{"background-color":"","background-image":"","background-repeat":"repeat","background-position":"center center","background-size":"auto","background-attachment":"scroll","background-type":"","background-media":"","overlay-type":"","overlay-color":"","overlay-opacity":"","overlay-gradient":""}},"ast-content-background-meta":{"desktop":{"background-color":"var(--ast-global-color-5)","background-image":"","background-repeat":"repeat","background-position":"center center","background-size":"auto","background-attachment":"scroll","background-type":"","background-media":"","overlay-type":"","overlay-color":"","overlay-opacity":"","overlay-gradient":""},"tablet":{"background-color":"var(--ast-global-color-5)","background-image":"","background-repeat":"repeat","background-position":"center center","background-size":"auto","background-attachment":"scroll","background-type":"","background-media":"","overlay-type":"","overlay-color":"","overlay-opacity":"","overlay-gradient":""},"mobile":{"background-color":"var(--ast-global-color-5)","background-image":"","background-repeat":"repeat","background-position":"center center","background-size":"auto","background-attachment":"scroll","background-type":"","background-media":"","overlay-type":"","overlay-color":"","overlay-opacity":"","overlay-gradient":""}},"footnotes":""},"categories":[1],"tags":[],"class_list":["post-81190","post","type-post","status-publish","format-standard","has-post-thumbnail","hentry","category-ultimas"],"uagb_featured_image_src":{"full":["https:\/\/www.correspondentevianopolino.com.br\/site\/wp-content\/uploads\/2022\/11\/DSC0016.jpg",344,336,false],"thumbnail":["https:\/\/www.correspondentevianopolino.com.br\/site\/wp-content\/uploads\/2022\/11\/DSC0016.jpg",344,336,false],"medium":["https:\/\/www.correspondentevianopolino.com.br\/site\/wp-content\/uploads\/2022\/11\/DSC0016-300x293.jpg",300,293,true],"medium_large":["https:\/\/www.correspondentevianopolino.com.br\/site\/wp-content\/uploads\/2022\/11\/DSC0016.jpg",344,336,false],"large":["https:\/\/www.correspondentevianopolino.com.br\/site\/wp-content\/uploads\/2022\/11\/DSC0016.jpg",344,336,false],"1536x1536":["https:\/\/www.correspondentevianopolino.com.br\/site\/wp-content\/uploads\/2022\/11\/DSC0016.jpg",344,336,false],"2048x2048":["https:\/\/www.correspondentevianopolino.com.br\/site\/wp-content\/uploads\/2022\/11\/DSC0016.jpg",344,336,false]},"uagb_author_info":{"display_name":"Ol\u00edvio Lemos","author_link":"https:\/\/www.correspondentevianopolino.com.br\/site\/author\/olivio\/"},"uagb_comment_info":0,"uagb_excerpt":"Devido ao feriado nacional de ontem (Proclama\u00e7\u00e3o da Rep\u00fablica), a sess\u00e3o ordin\u00e1ria semanal da C\u00e2mara Municipal foi adiada para a [&hellip;]","_links":{"self":[{"href":"https:\/\/www.correspondentevianopolino.com.br\/site\/wp-json\/wp\/v2\/posts\/81190","targetHints":{"allow":["GET"]}}],"collection":[{"href":"https:\/\/www.correspondentevianopolino.com.br\/site\/wp-json\/wp\/v2\/posts"}],"about":[{"href":"https:\/\/www.correspondentevianopolino.com.br\/site\/wp-json\/wp\/v2\/types\/post"}],"author":[{"embeddable":true,"href":"https:\/\/www.correspondentevianopolino.com.br\/site\/wp-json\/wp\/v2\/users\/2"}],"replies":[{"embeddable":true,"href":"https:\/\/www.correspondentevianopolino.com.br\/site\/wp-json\/wp\/v2\/comments?post=81190"}],"version-history":[{"count":0,"href":"https:\/\/www.correspondentevianopolino.com.br\/site\/wp-json\/wp\/v2\/posts\/81190\/revisions"}],"wp:featuredmedia":[{"embeddable":true,"href":"https:\/\/www.correspondentevianopolino.com.br\/site\/wp-json\/wp\/v2\/media\/81191"}],"wp:attachment":[{"href":"https:\/\/www.correspondentevianopolino.com.br\/site\/wp-json\/wp\/v2\/media?parent=81190"}],"wp:term":[{"taxonomy":"category","embeddable":true,"href":"https:\/\/www.correspondentevianopolino.com.br\/site\/wp-json\/wp\/v2\/categories?post=81190"},{"taxonomy":"post_tag","embeddable":true,"href":"https:\/\/www.correspondentevianopolino.com.br\/site\/wp-json\/wp\/v2\/tags?post=81190"}],"curies":[{"name":"wp","href":"https:\/\/api.w.org\/{rel}","templated":true}]}}