{"id":81233,"date":"2022-11-17T12:18:19","date_gmt":"2022-11-17T15:18:19","guid":{"rendered":"https:\/\/www.correspondentevianopolino.com.br\/site\/?p=81233"},"modified":"2022-11-17T15:23:15","modified_gmt":"2022-11-17T18:23:15","slug":"presidente-da-camara-municipal-convocara-populacao-para-discutir-proposta-de-mudancas-no-codigo-tributario-municipal-projeto-e-de-autoria-do-prefeito-samuel-cotrim","status":"publish","type":"post","link":"https:\/\/www.correspondentevianopolino.com.br\/site\/presidente-da-camara-municipal-convocara-populacao-para-discutir-proposta-de-mudancas-no-codigo-tributario-municipal-projeto-e-de-autoria-do-prefeito-samuel-cotrim\/","title":{"rendered":"PRESIDENTE DA C\u00c2MARA MUNICIPAL CONVOCAR\u00c1 POPULA\u00c7\u00c3O PARA DISCUTIR PROPOSTA DE MUDAN\u00c7AS NO C\u00d3DIGO TRIBUT\u00c1RIO MUNICIPAL&#8230; PROJETO \u00c9 DE AUTORIA DO PREFEITO SAMUEL COTRIM"},"content":{"rendered":"\n<figure class=\"wp-block-image size-large is-resized\"><img decoding=\"async\" src=\"https:\/\/www.correspondentevianopolino.com.br\/site\/wp-content\/uploads\/2022\/11\/IMG-20221115-WA0271-586x1024.jpg\" alt=\"\" class=\"wp-image-81194\" width=\"586\" height=\"1024\" srcset=\"https:\/\/www.correspondentevianopolino.com.br\/site\/wp-content\/uploads\/2022\/11\/IMG-20221115-WA0271-586x1024.jpg 586w, https:\/\/www.correspondentevianopolino.com.br\/site\/wp-content\/uploads\/2022\/11\/IMG-20221115-WA0271-172x300.jpg 172w, https:\/\/www.correspondentevianopolino.com.br\/site\/wp-content\/uploads\/2022\/11\/IMG-20221115-WA0271-465x813.jpg 465w, https:\/\/www.correspondentevianopolino.com.br\/site\/wp-content\/uploads\/2022\/11\/IMG-20221115-WA0271-177x310.jpg 177w, https:\/\/www.correspondentevianopolino.com.br\/site\/wp-content\/uploads\/2022\/11\/IMG-20221115-WA0271-122x213.jpg 122w, https:\/\/www.correspondentevianopolino.com.br\/site\/wp-content\/uploads\/2022\/11\/IMG-20221115-WA0271-117x204.jpg 117w, https:\/\/www.correspondentevianopolino.com.br\/site\/wp-content\/uploads\/2022\/11\/IMG-20221115-WA0271-109x190.jpg 109w, https:\/\/www.correspondentevianopolino.com.br\/site\/wp-content\/uploads\/2022\/11\/IMG-20221115-WA0271.jpg 732w\" sizes=\"(max-width: 586px) 100vw, 586px\" \/><\/figure>\n\n\n\n<p>O Presidente da C\u00e2mara Municipal de Vian\u00f3polis, Edson do Sal\u00e3o, vai convocar a popula\u00e7\u00e3o para participar de audi\u00eancia p\u00fablica, oportunidade em que ser\u00e1 amplamente discutido o projeto de lei enviado pelo Prefeito Samuel Cotrim ao Legislativo Vianopolino propondo mudan\u00e7as no C\u00f3digo Tribut\u00e1rio do munic\u00edpio.<\/p>\n\n\n\n<p>O projeto de lei foi enviado, no final do m\u00eas passado, \u00e0 C\u00e2mara Municipal e se encontra em an\u00e1lise pelas comiss\u00f5es da casa.<\/p>\n\n\n\n<p>Trata-se se de uma reformula\u00e7\u00e3o dos impostos e de suas formas de cobran\u00e7a.<\/p>\n\n\n\n<p>O documento recebido pelo Presidente da C\u00e2mara Municipal, Edson do Sal\u00e3o, tem mais de 200 p\u00e1ginas e 419 artigos.<\/p>\n\n\n\n<p>Na audi\u00eancia p\u00fablica, os moradores de Vian\u00f3polis poder\u00e3o dar sugest\u00f5es para o projeto apresentado pelo Poder Executivo.<\/p>\n\n\n<figure class=\"wp-block-post-featured-image\"><img decoding=\"async\" width=\"490\" height=\"445\" src=\"https:\/\/www.correspondentevianopolino.com.br\/site\/wp-content\/uploads\/2022\/11\/EDSON-DO-SALAO.jpg\" class=\"attachment-post-thumbnail size-post-thumbnail wp-post-image\" alt=\"\" style=\"object-fit:cover;\" srcset=\"https:\/\/www.correspondentevianopolino.com.br\/site\/wp-content\/uploads\/2022\/11\/EDSON-DO-SALAO.jpg 490w, https:\/\/www.correspondentevianopolino.com.br\/site\/wp-content\/uploads\/2022\/11\/EDSON-DO-SALAO-300x272.jpg 300w, https:\/\/www.correspondentevianopolino.com.br\/site\/wp-content\/uploads\/2022\/11\/EDSON-DO-SALAO-465x422.jpg 465w, https:\/\/www.correspondentevianopolino.com.br\/site\/wp-content\/uploads\/2022\/11\/EDSON-DO-SALAO-341x310.jpg 341w, https:\/\/www.correspondentevianopolino.com.br\/site\/wp-content\/uploads\/2022\/11\/EDSON-DO-SALAO-235x213.jpg 235w, https:\/\/www.correspondentevianopolino.com.br\/site\/wp-content\/uploads\/2022\/11\/EDSON-DO-SALAO-225x204.jpg 225w, https:\/\/www.correspondentevianopolino.com.br\/site\/wp-content\/uploads\/2022\/11\/EDSON-DO-SALAO-209x190.jpg 209w\" sizes=\"(max-width: 490px) 100vw, 490px\" \/><\/figure>","protected":false},"excerpt":{"rendered":"<p>O Presidente da C\u00e2mara Municipal de Vian\u00f3polis, Edson do Sal\u00e3o, vai convocar a popula\u00e7\u00e3o para participar de audi\u00eancia p\u00fablica, oportunidade [&hellip;]<\/p>\n","protected":false},"author":2,"featured_media":81234,"comment_status":"open","ping_status":"closed","sticky":false,"template":"","format":"standard","meta":{"_uag_custom_page_level_css":"","site-sidebar-layout":"default","site-content-layout":"","ast-site-content-layout":"default","site-content-style":"default","site-sidebar-style":"default","ast-global-header-display":"","ast-banner-title-visibility":"","ast-main-header-display":"","ast-hfb-above-header-display":"","ast-hfb-below-header-display":"","ast-hfb-mobile-header-display":"","site-post-title":"","ast-breadcrumbs-content":"","ast-featured-img":"","footer-sml-layout":"","ast-disable-related-posts":"","theme-transparent-header-meta":"","adv-header-id-meta":"","stick-header-meta":"","header-above-stick-meta":"","header-main-stick-meta":"","header-below-stick-meta":"","astra-migrate-meta-layouts":"default","ast-page-background-enabled":"default","ast-page-background-meta":{"desktop":{"background-color":"var(--ast-global-color-4)","background-image":"","background-repeat":"repeat","background-position":"center center","background-size":"auto","background-attachment":"scroll","background-type":"","background-media":"","overlay-type":"","overlay-color":"","overlay-opacity":"","overlay-gradient":""},"tablet":{"background-color":"","background-image":"","background-repeat":"repeat","background-position":"center center","background-size":"auto","background-attachment":"scroll","background-type":"","background-media":"","overlay-type":"","overlay-color":"","overlay-opacity":"","overlay-gradient":""},"mobile":{"background-color":"","background-image":"","background-repeat":"repeat","background-position":"center center","background-size":"auto","background-attachment":"scroll","background-type":"","background-media":"","overlay-type":"","overlay-color":"","overlay-opacity":"","overlay-gradient":""}},"ast-content-background-meta":{"desktop":{"background-color":"var(--ast-global-color-5)","background-image":"","background-repeat":"repeat","background-position":"center center","background-size":"auto","background-attachment":"scroll","background-type":"","background-media":"","overlay-type":"","overlay-color":"","overlay-opacity":"","overlay-gradient":""},"tablet":{"background-color":"var(--ast-global-color-5)","background-image":"","background-repeat":"repeat","background-position":"center center","background-size":"auto","background-attachment":"scroll","background-type":"","background-media":"","overlay-type":"","overlay-color":"","overlay-opacity":"","overlay-gradient":""},"mobile":{"background-color":"var(--ast-global-color-5)","background-image":"","background-repeat":"repeat","background-position":"center center","background-size":"auto","background-attachment":"scroll","background-type":"","background-media":"","overlay-type":"","overlay-color":"","overlay-opacity":"","overlay-gradient":""}},"footnotes":""},"categories":[1],"tags":[],"class_list":["post-81233","post","type-post","status-publish","format-standard","has-post-thumbnail","hentry","category-ultimas","ColorsTitles-2b47ff"],"uagb_featured_image_src":{"full":["https:\/\/www.correspondentevianopolino.com.br\/site\/wp-content\/uploads\/2022\/11\/EDSON-DO-SALAO.jpg",490,445,false],"thumbnail":["https:\/\/www.correspondentevianopolino.com.br\/site\/wp-content\/uploads\/2022\/11\/EDSON-DO-SALAO-465x422.jpg",465,422,true],"medium":["https:\/\/www.correspondentevianopolino.com.br\/site\/wp-content\/uploads\/2022\/11\/EDSON-DO-SALAO-300x272.jpg",300,272,true],"medium_large":["https:\/\/www.correspondentevianopolino.com.br\/site\/wp-content\/uploads\/2022\/11\/EDSON-DO-SALAO.jpg",490,445,false],"large":["https:\/\/www.correspondentevianopolino.com.br\/site\/wp-content\/uploads\/2022\/11\/EDSON-DO-SALAO.jpg",490,445,false],"1536x1536":["https:\/\/www.correspondentevianopolino.com.br\/site\/wp-content\/uploads\/2022\/11\/EDSON-DO-SALAO.jpg",490,445,false],"2048x2048":["https:\/\/www.correspondentevianopolino.com.br\/site\/wp-content\/uploads\/2022\/11\/EDSON-DO-SALAO.jpg",490,445,false]},"uagb_author_info":{"display_name":"Ol\u00edvio Lemos","author_link":"https:\/\/www.correspondentevianopolino.com.br\/site\/author\/olivio\/"},"uagb_comment_info":2,"uagb_excerpt":"O Presidente da C\u00e2mara Municipal de Vian\u00f3polis, Edson do Sal\u00e3o, vai convocar a popula\u00e7\u00e3o para participar de audi\u00eancia p\u00fablica, oportunidade [&hellip;]","_links":{"self":[{"href":"https:\/\/www.correspondentevianopolino.com.br\/site\/wp-json\/wp\/v2\/posts\/81233","targetHints":{"allow":["GET"]}}],"collection":[{"href":"https:\/\/www.correspondentevianopolino.com.br\/site\/wp-json\/wp\/v2\/posts"}],"about":[{"href":"https:\/\/www.correspondentevianopolino.com.br\/site\/wp-json\/wp\/v2\/types\/post"}],"author":[{"embeddable":true,"href":"https:\/\/www.correspondentevianopolino.com.br\/site\/wp-json\/wp\/v2\/users\/2"}],"replies":[{"embeddable":true,"href":"https:\/\/www.correspondentevianopolino.com.br\/site\/wp-json\/wp\/v2\/comments?post=81233"}],"version-history":[{"count":0,"href":"https:\/\/www.correspondentevianopolino.com.br\/site\/wp-json\/wp\/v2\/posts\/81233\/revisions"}],"wp:featuredmedia":[{"embeddable":true,"href":"https:\/\/www.correspondentevianopolino.com.br\/site\/wp-json\/wp\/v2\/media\/81234"}],"wp:attachment":[{"href":"https:\/\/www.correspondentevianopolino.com.br\/site\/wp-json\/wp\/v2\/media?parent=81233"}],"wp:term":[{"taxonomy":"category","embeddable":true,"href":"https:\/\/www.correspondentevianopolino.com.br\/site\/wp-json\/wp\/v2\/categories?post=81233"},{"taxonomy":"post_tag","embeddable":true,"href":"https:\/\/www.correspondentevianopolino.com.br\/site\/wp-json\/wp\/v2\/tags?post=81233"}],"curies":[{"name":"wp","href":"https:\/\/api.w.org\/{rel}","templated":true}]}}