{"id":81266,"date":"2022-11-18T20:30:33","date_gmt":"2022-11-18T23:30:33","guid":{"rendered":"https:\/\/www.correspondentevianopolino.com.br\/site\/?p=81266"},"modified":"2022-11-24T14:05:39","modified_gmt":"2022-11-24T17:05:39","slug":"vianopolis-comeca-a-vacinar-contra-a-covid-19-os-bebes-de-6-meses-a-menores-de-3-anos","status":"publish","type":"post","link":"https:\/\/www.correspondentevianopolino.com.br\/site\/vianopolis-comeca-a-vacinar-contra-a-covid-19-os-bebes-de-6-meses-a-menores-de-3-anos\/","title":{"rendered":"VIAN\u00d3POLIS COME\u00c7A A VACINAR CONTRA A COVID-19 OS BEB\u00caS DE 6 MESES A MENORES DE 3 ANOS&#8230;"},"content":{"rendered":"\n<figure class=\"wp-block-image size-large\"><img decoding=\"async\" width=\"586\" height=\"1024\" src=\"https:\/\/www.correspondentevianopolino.com.br\/site\/wp-content\/uploads\/2022\/11\/IMG-20221115-WA0271-586x1024.jpg\" alt=\"\" class=\"wp-image-81194\" srcset=\"https:\/\/www.correspondentevianopolino.com.br\/site\/wp-content\/uploads\/2022\/11\/IMG-20221115-WA0271-586x1024.jpg 586w, https:\/\/www.correspondentevianopolino.com.br\/site\/wp-content\/uploads\/2022\/11\/IMG-20221115-WA0271-172x300.jpg 172w, https:\/\/www.correspondentevianopolino.com.br\/site\/wp-content\/uploads\/2022\/11\/IMG-20221115-WA0271-465x813.jpg 465w, https:\/\/www.correspondentevianopolino.com.br\/site\/wp-content\/uploads\/2022\/11\/IMG-20221115-WA0271-177x310.jpg 177w, https:\/\/www.correspondentevianopolino.com.br\/site\/wp-content\/uploads\/2022\/11\/IMG-20221115-WA0271-122x213.jpg 122w, https:\/\/www.correspondentevianopolino.com.br\/site\/wp-content\/uploads\/2022\/11\/IMG-20221115-WA0271-117x204.jpg 117w, https:\/\/www.correspondentevianopolino.com.br\/site\/wp-content\/uploads\/2022\/11\/IMG-20221115-WA0271-109x190.jpg 109w, https:\/\/www.correspondentevianopolino.com.br\/site\/wp-content\/uploads\/2022\/11\/IMG-20221115-WA0271.jpg 732w\" sizes=\"(max-width: 586px) 100vw, 586px\" \/><\/figure>\n\n\n\n<p>Ap\u00f3s libera\u00e7\u00e3o do Minist\u00e9rio da Sa\u00fade, a Secretaria Municipal de Sa\u00fade come\u00e7a a vacinar os beb\u00eas de 6 meses a 2 anos, 11 meses e 29 dias contra a Covid-19.<\/p>\n\n\n\n<p>As crian\u00e7as v\u00e3o receber a vacina Pfizer Baby por 3 ocasi\u00f5es, segundo determina\u00e7\u00e3o do Minist\u00e9rio da Sa\u00fade, sendo com intervalo de 4 semanas entre as 2 primeiras e de oito semanas entre a segunda e a terceira doses.<\/p>\n\n\n\n<p>Para serem imunizados, os pais ou respons\u00e1veis devem agendar nos n\u00fameros de celulares disponibilizados pela Secretaria de Sa\u00fade nas unidades de sa\u00fade de Vian\u00f3polis, Ponte Funda e Cara\u00edba.<\/p>\n\n\n\n<p>Caso a crian\u00e7a esteja enferma, notadamente com estado gripal, deve se aguardar melhora para a vacina\u00e7\u00e3o.<\/p>\n\n\n\n<p>O agendamento deve ser feito na segunda-feira, 21\/11, nos seguintes n\u00fameros:<\/p>\n\n\n\n<p>Unidade de Sa\u00fade do Centro de Vian\u00f3polis: <strong>62 9 9505-8365<\/strong><\/p>\n\n\n\n<p>Unidade de Sa\u00fade do Bairro Michelle&#8212;&#8212;&#8211;: <strong>62 9 9505-1289<\/strong><\/p>\n\n\n\n<p>Unidade de Sa\u00fade do Bairro S\u00e3o Vicente&#8212;: <strong>62 99505-1385<\/strong><\/p>\n\n\n\n<p>Unidade de Sa\u00fade de Ponte Funda&#8212;&#8212;&#8212;&#8211;:<strong> 62 9 9505-0423<\/strong><\/p>\n\n\n\n<p>Unidade de Sa\u00fade de Cara\u00edba&#8212;&#8212;&#8212;&#8212;&#8212;&#8212;: <strong>62 9 9487-4329<\/strong><\/p>\n\n\n\n<p>A meta da Secretaria Municipal de Sa\u00fade \u00e9 vacinar mais de 400 crian\u00e7as.<\/p>\n\n\n\n<p>A vacina\u00e7\u00e3o come\u00e7ar\u00e1 na ter\u00e7a-feira, 22\/11, e o ritmo da imuniza\u00e7\u00e3o ser\u00e1 de acordo com o recebimento de doses de vacina a serem enviadas pela Secretaria Estadual de Sa\u00fade.<\/p>\n\n\n<figure class=\"wp-block-post-featured-image\"><img decoding=\"async\" width=\"300\" height=\"168\" src=\"https:\/\/www.correspondentevianopolino.com.br\/site\/wp-content\/uploads\/2022\/11\/images.jpg\" class=\"attachment-post-thumbnail size-post-thumbnail wp-post-image\" alt=\"\" style=\"object-fit:cover;\" srcset=\"https:\/\/www.correspondentevianopolino.com.br\/site\/wp-content\/uploads\/2022\/11\/images.jpg 300w, https:\/\/www.correspondentevianopolino.com.br\/site\/wp-content\/uploads\/2022\/11\/images-260x146.jpg 260w\" sizes=\"(max-width: 300px) 100vw, 300px\" \/><\/figure>","protected":false},"excerpt":{"rendered":"<p>Ap\u00f3s libera\u00e7\u00e3o do Minist\u00e9rio da Sa\u00fade, a Secretaria Municipal de Sa\u00fade come\u00e7a a vacinar os beb\u00eas de 6 meses a [&hellip;]<\/p>\n","protected":false},"author":2,"featured_media":81267,"comment_status":"open","ping_status":"closed","sticky":false,"template":"","format":"standard","meta":{"_uag_custom_page_level_css":"","site-sidebar-layout":"default","site-content-layout":"","ast-site-content-layout":"default","site-content-style":"default","site-sidebar-style":"default","ast-global-header-display":"","ast-banner-title-visibility":"","ast-main-header-display":"","ast-hfb-above-header-display":"","ast-hfb-below-header-display":"","ast-hfb-mobile-header-display":"","site-post-title":"","ast-breadcrumbs-content":"","ast-featured-img":"","footer-sml-layout":"","ast-disable-related-posts":"","theme-transparent-header-meta":"","adv-header-id-meta":"","stick-header-meta":"","header-above-stick-meta":"","header-main-stick-meta":"","header-below-stick-meta":"","astra-migrate-meta-layouts":"default","ast-page-background-enabled":"default","ast-page-background-meta":{"desktop":{"background-color":"var(--ast-global-color-4)","background-image":"","background-repeat":"repeat","background-position":"center center","background-size":"auto","background-attachment":"scroll","background-type":"","background-media":"","overlay-type":"","overlay-color":"","overlay-opacity":"","overlay-gradient":""},"tablet":{"background-color":"","background-image":"","background-repeat":"repeat","background-position":"center center","background-size":"auto","background-attachment":"scroll","background-type":"","background-media":"","overlay-type":"","overlay-color":"","overlay-opacity":"","overlay-gradient":""},"mobile":{"background-color":"","background-image":"","background-repeat":"repeat","background-position":"center center","background-size":"auto","background-attachment":"scroll","background-type":"","background-media":"","overlay-type":"","overlay-color":"","overlay-opacity":"","overlay-gradient":""}},"ast-content-background-meta":{"desktop":{"background-color":"var(--ast-global-color-5)","background-image":"","background-repeat":"repeat","background-position":"center center","background-size":"auto","background-attachment":"scroll","background-type":"","background-media":"","overlay-type":"","overlay-color":"","overlay-opacity":"","overlay-gradient":""},"tablet":{"background-color":"var(--ast-global-color-5)","background-image":"","background-repeat":"repeat","background-position":"center center","background-size":"auto","background-attachment":"scroll","background-type":"","background-media":"","overlay-type":"","overlay-color":"","overlay-opacity":"","overlay-gradient":""},"mobile":{"background-color":"var(--ast-global-color-5)","background-image":"","background-repeat":"repeat","background-position":"center center","background-size":"auto","background-attachment":"scroll","background-type":"","background-media":"","overlay-type":"","overlay-color":"","overlay-opacity":"","overlay-gradient":""}},"footnotes":""},"categories":[1],"tags":[],"class_list":["post-81266","post","type-post","status-publish","format-standard","has-post-thumbnail","hentry","category-ultimas","ColorsTitles-ff3700"],"uagb_featured_image_src":{"full":["https:\/\/www.correspondentevianopolino.com.br\/site\/wp-content\/uploads\/2022\/11\/images.jpg",300,168,false],"thumbnail":["https:\/\/www.correspondentevianopolino.com.br\/site\/wp-content\/uploads\/2022\/11\/images.jpg",300,168,false],"medium":["https:\/\/www.correspondentevianopolino.com.br\/site\/wp-content\/uploads\/2022\/11\/images.jpg",300,168,false],"medium_large":["https:\/\/www.correspondentevianopolino.com.br\/site\/wp-content\/uploads\/2022\/11\/images.jpg",300,168,false],"large":["https:\/\/www.correspondentevianopolino.com.br\/site\/wp-content\/uploads\/2022\/11\/images.jpg",300,168,false],"1536x1536":["https:\/\/www.correspondentevianopolino.com.br\/site\/wp-content\/uploads\/2022\/11\/images.jpg",300,168,false],"2048x2048":["https:\/\/www.correspondentevianopolino.com.br\/site\/wp-content\/uploads\/2022\/11\/images.jpg",300,168,false]},"uagb_author_info":{"display_name":"Ol\u00edvio Lemos","author_link":"https:\/\/www.correspondentevianopolino.com.br\/site\/author\/olivio\/"},"uagb_comment_info":1,"uagb_excerpt":"Ap\u00f3s libera\u00e7\u00e3o do Minist\u00e9rio da Sa\u00fade, a Secretaria Municipal de Sa\u00fade come\u00e7a a vacinar os beb\u00eas de 6 meses a [&hellip;]","_links":{"self":[{"href":"https:\/\/www.correspondentevianopolino.com.br\/site\/wp-json\/wp\/v2\/posts\/81266","targetHints":{"allow":["GET"]}}],"collection":[{"href":"https:\/\/www.correspondentevianopolino.com.br\/site\/wp-json\/wp\/v2\/posts"}],"about":[{"href":"https:\/\/www.correspondentevianopolino.com.br\/site\/wp-json\/wp\/v2\/types\/post"}],"author":[{"embeddable":true,"href":"https:\/\/www.correspondentevianopolino.com.br\/site\/wp-json\/wp\/v2\/users\/2"}],"replies":[{"embeddable":true,"href":"https:\/\/www.correspondentevianopolino.com.br\/site\/wp-json\/wp\/v2\/comments?post=81266"}],"version-history":[{"count":0,"href":"https:\/\/www.correspondentevianopolino.com.br\/site\/wp-json\/wp\/v2\/posts\/81266\/revisions"}],"wp:featuredmedia":[{"embeddable":true,"href":"https:\/\/www.correspondentevianopolino.com.br\/site\/wp-json\/wp\/v2\/media\/81267"}],"wp:attachment":[{"href":"https:\/\/www.correspondentevianopolino.com.br\/site\/wp-json\/wp\/v2\/media?parent=81266"}],"wp:term":[{"taxonomy":"category","embeddable":true,"href":"https:\/\/www.correspondentevianopolino.com.br\/site\/wp-json\/wp\/v2\/categories?post=81266"},{"taxonomy":"post_tag","embeddable":true,"href":"https:\/\/www.correspondentevianopolino.com.br\/site\/wp-json\/wp\/v2\/tags?post=81266"}],"curies":[{"name":"wp","href":"https:\/\/api.w.org\/{rel}","templated":true}]}}